{"id":152204,"date":"2025-10-02T07:01:08","date_gmt":"2025-10-02T07:01:08","guid":{"rendered":"https:\/\/www.europesays.com\/es\/152204\/"},"modified":"2025-10-02T07:01:08","modified_gmt":"2025-10-02T07:01:08","slug":"jerez-inaugura-una-feria-del-libro-alineada-con-su-candidatura-a-capital-europea-de-la-cultura-en-2031","status":"publish","type":"post","link":"https:\/\/www.europesays.com\/es\/152204\/","title":{"rendered":"Jerez inaugura una Feria del Libro alineada con su candidatura a Capital Europea de la Cultura en 2031"},"content":{"rendered":"<p>Los Claustros de Santo Domingo son\u00a0 el gran escenario de la cultura, tras la apertura oficial de una nueva edici\u00f3n de la Feria del Libro de Jerez, en un acto presidido por la alcaldesa de Jerez, Mar\u00eda Jos\u00e9 Garc\u00eda-Pelayo, junto a miembros del Gobierno municipal, escritores, participantes y entidades colaboradoras. Tal y como ha subrayado la alcaldesa, \u201cse trata de <strong>una edici\u00f3n especial<\/strong>, alineada con la candidatura de la ciudad al t\u00edtulo de <strong class=\"StrongEmphasis\">Capital Europea de la Cultura en 2031<\/strong>, que refuerza a Jerez dentro del circuito literario y editorial\u201d.<\/p>\n<p>La alcaldesa ha trasladado p\u00fablicamente <strong>su agradecimiento a todas las personas, entidades y profesionales que hacen posible esta cita, <\/strong>subrayando que la programaci\u00f3n <strong>se ha dise\u00f1ado<\/strong> <strong class=\"StrongEmphasis\">codo con codo con los libreros y editores. <\/strong>En la inauguraci\u00f3n, la regidora ha estado acompa\u00f1ada por los reconocidos escritores <strong class=\"StrongEmphasis\">Jos\u00e9 Antonio Marina<\/strong> y <strong class=\"StrongEmphasis\">Paloma S\u00e1nchez-Garnica<\/strong>,\u00a0 que han presentado sus \u00faltimas novedades editoriales: La vacuna contra la insensatez y Victoria, respectivamente.<\/p>\n<p>Hoy tambi\u00e9n se han inaugurado las cinco exposiciones vinculadas a la literatura y el mundo editorial dispuestas en distintas estancias de los Claustros de Santo Domingo, como son:<\/p>\n<p><strong class=\"StrongEmphasis\">&#8216;El aforismo ilustrado&#8217;<\/strong>, exposici\u00f3n del poeta y escritor jerezano <strong class=\"StrongEmphasis\">Jos\u00e9 Mateos<\/strong>, en la <strong class=\"StrongEmphasis\">Sala De Profundis<\/strong>. <strong class=\"StrongEmphasis\">&#8216;Papeler\u00eda Consistorio: 55 a\u00f1os de la Feria del Libro de Jerez&#8217;<\/strong>, tambi\u00e9n en la <strong class=\"StrongEmphasis\">Sala De Profundis<\/strong>, un recorrido por la historia de esta cita cultural que ya forma parte de la identidad de la ciudad.<\/p>\n<p><strong class=\"StrongEmphasis\">&#8216;Propuestas de cartel de la Feria del Libro de Jerez 2025&#8217;<\/strong>, en colaboraci\u00f3n con la <strong class=\"StrongEmphasis\">Escuela de Arte<\/strong>, en la <strong class=\"StrongEmphasis\">Galer\u00eda Planta Alta<\/strong>, que muestra la creatividad de los j\u00f3venes talentos. <strong class=\"StrongEmphasis\">&#8216;El amor en los tiempos del c\u00f3lera&#8217;<\/strong>, exposici\u00f3n con motivo del <strong class=\"StrongEmphasis\">40 aniversario de la obra de Gabriel Garc\u00eda M\u00e1rquez<\/strong>, en la <strong class=\"StrongEmphasis\">Galer\u00eda Planta Alta<\/strong>, gracias a la colaboraci\u00f3n de la <strong class=\"StrongEmphasis\">Librer\u00eda Luna Nueva<\/strong>.<\/p>\n<p><strong class=\"StrongEmphasis\">&#8216;Amar Leer&#8217;<\/strong>, de <strong class=\"StrongEmphasis\">Juan Mata y Andrea Villarrubia<\/strong>, organizada por el <strong class=\"StrongEmphasis\">Centro Andaluz de las Letras<\/strong>, en la <strong class=\"StrongEmphasis\">Sala Cerchas<\/strong>.<\/p>\n<p><strong class=\"StrongEmphasis\">Y &#8216;Un frente de poes\u00eda libre. A los 60 a\u00f1os de la fundaci\u00f3n de El Bardo&#8217;<\/strong>, tambi\u00e9n organizada por el <strong class=\"StrongEmphasis\">Centro Andaluz de las Letras<\/strong>, en la <strong class=\"StrongEmphasis\">Sala Cerchas.<\/strong><\/p>\n<p><strong class=\"StrongEmphasis\">Cabe recordar que la programaci\u00f3n de esta Feria, que permanecer\u00e1 abierta al p\u00fablico hasta el domingo, d\u00eda 5 de octubre, incluye m\u00e1s de 70 actividades, adem\u00e1s de las organizadas por las entidades expositoras, y cuenta con una afluencia de firmas de primer nivel en el mundo de las letras, reflejando el compromiso de Jerez por situarse en la primera l\u00ednea cultural. <\/strong><\/p>\n<p><strong class=\"StrongEmphasis\">El horario de la Feria del Libro para los pr\u00f3ximos d\u00edas es el siguiente: jueves 2, viernes 3 y s\u00e1bado 4, de 10.30 a 14.00 horas y de 17.00 a 22.30 horas; y domingo 5, de 10.30 a 14.00 horas.<\/strong><\/p>\n<p>\u00a0<\/p>\n<p>\u00a0<\/p>\n","protected":false},"excerpt":{"rendered":"Los Claustros de Santo Domingo son\u00a0 el gran escenario de la cultura, tras la apertura oficial de una&hellip;\n","protected":false},"author":2,"featured_media":152205,"comment_status":"","ping_status":"","sticky":false,"template":"","format":"standard","meta":{"footnotes":""},"categories":[5],"tags":[17,18,25,24,13,14,11,19,20,9,10,15,16,23,12,21,22],"class_list":{"0":"post-152204","1":"post","2":"type-post","3":"status-publish","4":"format-standard","5":"has-post-thumbnail","7":"category-titulares","8":"tag-breaking-news","9":"tag-breakingnews","10":"tag-es","11":"tag-espana","12":"tag-featured-news","13":"tag-featurednews","14":"tag-headlines","15":"tag-latest-news","16":"tag-latestnews","17":"tag-news","18":"tag-noticias","19":"tag-noticias-destacadas","20":"tag-noticiasdestacadas","21":"tag-spain","22":"tag-titulares","23":"tag-ultimas-noticias","24":"tag-ultimasnoticias"},"share_on_mastodon":{"url":"","error":""},"_links":{"self":[{"href":"https:\/\/www.europesays.com\/es\/wp-json\/wp\/v2\/posts\/152204","targetHints":{"allow":["GET"]}}],"collection":[{"href":"https:\/\/www.europesays.com\/es\/wp-json\/wp\/v2\/posts"}],"about":[{"href":"https:\/\/www.europesays.com\/es\/wp-json\/wp\/v2\/types\/post"}],"author":[{"embeddable":true,"href":"https:\/\/www.europesays.com\/es\/wp-json\/wp\/v2\/users\/2"}],"replies":[{"embeddable":true,"href":"https:\/\/www.europesays.com\/es\/wp-json\/wp\/v2\/comments?post=152204"}],"version-history":[{"count":0,"href":"https:\/\/www.europesays.com\/es\/wp-json\/wp\/v2\/posts\/152204\/revisions"}],"wp:featuredmedia":[{"embeddable":true,"href":"https:\/\/www.europesays.com\/es\/wp-json\/wp\/v2\/media\/152205"}],"wp:attachment":[{"href":"https:\/\/www.europesays.com\/es\/wp-json\/wp\/v2\/media?parent=152204"}],"wp:term":[{"taxonomy":"category","embeddable":true,"href":"https:\/\/www.europesays.com\/es\/wp-json\/wp\/v2\/categories?post=152204"},{"taxonomy":"post_tag","embeddable":true,"href":"https:\/\/www.europesays.com\/es\/wp-json\/wp\/v2\/tags?post=152204"}],"curies":[{"name":"wp","href":"https:\/\/api.w.org\/{rel}","templated":true}]}}