{"id":152216,"date":"2025-10-02T07:11:10","date_gmt":"2025-10-02T07:11:10","guid":{"rendered":"https:\/\/www.europesays.com\/es\/152216\/"},"modified":"2025-10-02T07:11:10","modified_gmt":"2025-10-02T07:11:10","slug":"casi-nadie-lo-sabe-pero-vicente-valles-crecio-en-este-humilde-barrio-de-madrid-y-vivio-en-una-chabola","status":"publish","type":"post","link":"https:\/\/www.europesays.com\/es\/152216\/","title":{"rendered":"Casi nadie lo sabe, pero Vicente Vall\u00e9s creci\u00f3 en este humilde barrio de Madrid y vivi\u00f3 en una chabola"},"content":{"rendered":"<p><strong>Pablo Motos<\/strong> ha conseguido que <strong>Vicente Vall\u00e9s<\/strong> vuelva a sentarse en El Hormiguero. El emblem\u00e1tico comunicador est\u00e1 promocionando su nuevo proyecto, un libro titulado La caza del ejecutor que promete marcar un antes y un despu\u00e9s en su carrera. Tal y como informamos en OKDIARIO en su momento, Vall\u00e9s cuenta con el reconocimiento de todos sus compa\u00f1eros de profesi\u00f3n, de hecho, hace unos meses le otorgaron el premio APM al<strong> Mejor Periodista del A\u00f1o 2024<\/strong>, un reconocimiento que entrega la <strong>Asociaci\u00f3n de la Prensa de Madrid (APM)<\/strong>. Lleva muchos a\u00f1os trabajando y se ha convertido en un rostro muy querido por la audiencia, aunque siempre ha intentado que su vida privada permanezca al margen de los medios y hay gente que no ha terminado de conocerle. Por ese motivo, en esta noticia trataremos un asunto que casi nadie sabe: cu\u00e1les son sus or\u00edgenes.<\/p>\n<p><a href=\"https:\/\/okdiario.com\/noticias\/vicente-valles\/\" rel=\"nofollow noopener\" target=\"_blank\">Vicente Vall\u00e9s<\/a> empez\u00f3 a trabajar en televisi\u00f3n en 1987 y ha concedido varias entrevistas a lo largo de su trayectoria. Nosotros hemos repasado todas sus declaraciones y hemos llegado a una conclusi\u00f3n: no se siente c\u00f3modo hablando sobre su espera personal, aunque tampoco ha escondido nunca de d\u00f3nde viene o qui\u00e9n es su familia. Por ese motivo, en una ocasi\u00f3n dijo: \u00abYo viv\u00eda detr\u00e1s del <a href=\"https:\/\/okdiario.com\/deportes\/peligro-vallecas-rayo-puede-quedarse-sin-jugar-estadio-proxima-temporada-14991992\" rel=\"nofollow noopener\" target=\"_blank\">campo del Rayo Vallecano<\/a>, en una calle llena de barro porque no estaba asfaltada y en una chabola construida por mi abuelo, con sus propias manos, en la posguerra\u00bb. <strong>Este secret<\/strong>o ha ca\u00eddo en el olvido, pero hoy vuelve a El Hormiguero y es un momento perfecto para recordarlo.<\/p>\n<p>La infancia de Vicente Vall\u00e9s<\/p>\n<p>El periodista y presentador creci\u00f3 en <strong>Vallecas<\/strong>, uno de los barrios m\u00e1s populares de Madrid. Sin embargo, sus padres no ten\u00edan demasiados recursos, as\u00ed que se enfrentaban a ciertos problemas que le han dejado huella: <strong>\u00abCuando llov\u00eda, llegaba a casa completamente cubierto de fango\u00bb<\/strong>. Es importante dejar claro que Vall\u00e9s ha recalcado que su infancia fue muy feliz. No ten\u00eda los mismos recursos econ\u00f3micos que ahora, pero aprendi\u00f3 a vivir de una forma distinta y se siente orgulloso de ello.<\/p>\n<p><img loading=\"lazy\" decoding=\"async\" class=\"size-medium wp-image-15506388\" alt=\"\" width=\"620\" height=\"413\"  src=\"https:\/\/www.europesays.com\/es\/wp-content\/uploads\/2025\/10\/vicente-valles-en-el-hormiguero-620x413.jpg\" \/> Vicente Vall\u00e9s en \u2018El Hormiguero\u2019. (Foto: Gtres)<\/p>\n<p>\u00abEn el caso de <strong>mi madre, emigrante de Andaluc\u00eda<\/strong>, eran seis hermanos que se vinieron en los primeros cincuenta a Madrid, desde un pueblecito de Ja\u00e9n\u00bb, empez\u00f3 diciendo en una charla con el portal ZendaLibros. \u00abSe instalaron en la calle que estaba al lado de la que viv\u00eda mi padre, en una calle paralela, y all\u00ed se conocieron. Y mi padre era hijo de un conquense y de una murciana. Digamos que yo soy un madrile\u00f1o t\u00edpico, porque ninguno de mis cuatro abuelos es madrile\u00f1o. <strong>Se conocieron y all\u00ed nac\u00ed y me crie, en Vallecas<\/strong>\u00bb. Con todo esto, podemos confirmar que Vicente Vall\u00e9s siempre ha llevado a su familia por bandera, aunque<a href=\"https:\/\/okdiario.com\/sociedad\/todo-nunca-supiste-vicente-valles-mujer-vida-lejos-platos-9683895-9683895\" rel=\"nofollow noopener\" target=\"_blank\"> evita pronunciarse sobre temas personales<\/a> para intentar proteger el anonimato de su entorno.<\/p>\n<p>\u00bfC\u00f3mo vive ahora Vicente Vall\u00e9s?<\/p>\n<p>El protagonista de nuestra noticia ha optado por establecer su residencia familiar en una casa de dos plantas situada en <strong>la zona norte de Madrid<\/strong>, un enclave que no fue escogido al azar, sino fruto de una decisi\u00f3n pr\u00e1ctica y meditada.<\/p>\n<p>Tanto \u00e9l como su mujer,<strong> la periodista \u00c1ngeles Blanco<\/strong>, trabajan en cadenas televisivas rivales y eligieron esta vivienda por encontrarse pr\u00e1cticamente a la misma distancia de ambas sedes. De esta forma, han conseguido equilibrar la vida laboral con la personal, reduciendo el tiempo de desplazamiento y facilitando la organizaci\u00f3n diaria de su familia, en la que tambi\u00e9n juega un papel esencial su hijo Daniel, con quien comparten su d\u00eda a d\u00eda en este entorno tranquilo. No obstante, \u00c1ngeles ha reconocido que, en ocasiones, compaginar su vida personal con su vocaci\u00f3n es complicado: \u00ab<strong>Cuando hay dos periodistas en casa a los que les apasiona su trabajo<\/strong>, es complicado\u00bb.<\/p>\n<blockquote class=\"instagram-media\" style=\"background: #FFF; border: 0; border-radius: 3px; box-shadow: 0 0 1px 0 rgba(0,0,0,0.5),0 1px 10px 0 rgba(0,0,0,0.15); margin: 1px; max-width: 540px; min-width: 326px; padding: 0; width: calc(100% - 2px);\" data-instgrm-captioned=\"\" data-instgrm-permalink=\"https:\/\/www.instagram.com\/p\/BrxXckilAXl\/?utm_source=ig_embed&amp;utm_campaign=loading\" data-instgrm-version=\"14\">\n<\/blockquote>\n<p>A pesar de la discreci\u00f3n que siempre han mantenido frente a la exposici\u00f3n p\u00fablica, algunas publicaciones en redes sociales han permitido conocer peque\u00f1os <strong>detalles de la vivienda<\/strong> que ambos periodistas comparten. Se trata de un chalet luminoso y acogedor, en el que predominan los tonos claros, especialmente el blanco, presente en paredes y muebles del sal\u00f3n principal. Este estilo refleja una apuesta por la sencillez, creando un espacio acogedor pensado para el descanso y la convivencia. Lo cierto es que dicha tendencia cuadra al 100% con la personalidad de Vall\u00e9s, quien busca pasar inadvertido y centrar la atenci\u00f3n en lo que verdaderamente importa.<\/p>\n<p>No podemos olvidar que <strong>Vicente Vall\u00e9s<\/strong> mantiene una estrecha relaci\u00f3n con sus otros <strong>dos hijos mayores, Luc\u00eda y Diego<\/strong>, fruto de una relaci\u00f3n anterior. Como hemos contado anteriormente, no quiere hablar demasiado de ellos, pero eso no quiere decir que no se vean, de hecho, est\u00e1n bastante unidos. Por ese motivo, la casa que el periodista tiene en Madrid es perfecta para disfrutar de sus reuniones familiares.<\/p>\n<p>\t\t\t\t\t<script async src=\"\/\/www.instagram.com\/embed.js\"><\/script><\/p>\n","protected":false},"excerpt":{"rendered":"Pablo Motos ha conseguido que Vicente Vall\u00e9s vuelva a sentarse en El Hormiguero. El emblem\u00e1tico comunicador est\u00e1 promocionando&hellip;\n","protected":false},"author":2,"featured_media":152217,"comment_status":"","ping_status":"","sticky":false,"template":"","format":"standard","meta":{"footnotes":""},"categories":[174],"tags":[255,146,147,25,24,256,23],"class_list":{"0":"post-152216","1":"post","2":"type-post","3":"status-publish","4":"format-standard","5":"has-post-thumbnail","7":"category-famosos","8":"tag-celebrities","9":"tag-entertainment","10":"tag-entretenimiento","11":"tag-es","12":"tag-espana","13":"tag-famosos","14":"tag-spain"},"share_on_mastodon":{"url":"","error":""},"_links":{"self":[{"href":"https:\/\/www.europesays.com\/es\/wp-json\/wp\/v2\/posts\/152216","targetHints":{"allow":["GET"]}}],"collection":[{"href":"https:\/\/www.europesays.com\/es\/wp-json\/wp\/v2\/posts"}],"about":[{"href":"https:\/\/www.europesays.com\/es\/wp-json\/wp\/v2\/types\/post"}],"author":[{"embeddable":true,"href":"https:\/\/www.europesays.com\/es\/wp-json\/wp\/v2\/users\/2"}],"replies":[{"embeddable":true,"href":"https:\/\/www.europesays.com\/es\/wp-json\/wp\/v2\/comments?post=152216"}],"version-history":[{"count":0,"href":"https:\/\/www.europesays.com\/es\/wp-json\/wp\/v2\/posts\/152216\/revisions"}],"wp:featuredmedia":[{"embeddable":true,"href":"https:\/\/www.europesays.com\/es\/wp-json\/wp\/v2\/media\/152217"}],"wp:attachment":[{"href":"https:\/\/www.europesays.com\/es\/wp-json\/wp\/v2\/media?parent=152216"}],"wp:term":[{"taxonomy":"category","embeddable":true,"href":"https:\/\/www.europesays.com\/es\/wp-json\/wp\/v2\/categories?post=152216"},{"taxonomy":"post_tag","embeddable":true,"href":"https:\/\/www.europesays.com\/es\/wp-json\/wp\/v2\/tags?post=152216"}],"curies":[{"name":"wp","href":"https:\/\/api.w.org\/{rel}","templated":true}]}}