{"id":152218,"date":"2025-10-02T07:12:15","date_gmt":"2025-10-02T07:12:15","guid":{"rendered":"https:\/\/www.europesays.com\/es\/152218\/"},"modified":"2025-10-02T07:12:15","modified_gmt":"2025-10-02T07:12:15","slug":"una-obra-de-maruja-mallo-la-compra-publica-de-arte-mas-cara-de-2025","status":"publish","type":"post","link":"https:\/\/www.europesays.com\/es\/152218\/","title":{"rendered":"Una obra de Maruja Mallo, la compra p\u00fablica de arte m\u00e1s cara de 2025"},"content":{"rendered":"<p class=\"ft-text ft-helper-closenews\">El Museo Reina Sof\u00eda ha adquirido por 300.000 euros <a class=\"ft-link ft-link--decoration\" href=\"https:\/\/www.lne.es\/aviles\/2025\/06\/15\/maria-gomez-maruja-mallo-viaje-118409783.html\" rel=\"nofollow noopener\" target=\"_blank\">una obra de Maruja Mallo<\/a>, uno de los referentes art\u00edsticos de la generaci\u00f3n del 27 que pas\u00f3 parte de su infancia y se form\u00f3 en Avil\u00e9s. Se trata de <strong>una pintura realizada en 1948 durante el exilio argentino de la creadora nacida en Vivero en 1902<\/strong>, que falleci\u00f3 en Madrid en 1995 y que lleva por t\u00edtulo \u00abPerfil de joven (joven negra)\u00bb. El cart\u00f3n de la artista gallega es, hasta el momento, la compra p\u00fablica m\u00e1s cara de 2025.<\/p>\n<p class=\"ft-text\">La incre\u00edble cifra del<strong> retrato que ahora incorpora el Reina Sof\u00eda a sus fondos supera los 260.000 euros que se pagaron en 2003 por \u00abEspantap\u00e1jaros\u00bb, la pintura que hasta ahora ostentaba el t\u00edtulo de obra m\u00e1s cara de Mallo<\/strong>. Y es tambi\u00e9n un precio que nada tiene que ver con la cotizaci\u00f3n habitual de la artista, que <strong>hace una d\u00e9cada, por ejemplo, una tabla suya apenas alcanzaba un precio de 12.000 euros<\/strong>. El museo madrile\u00f1o ya pose\u00eda 22 obras de la artista, aunque solo seis de ellas se encuentran ahora a la vista del p\u00fablico para su disfrute. No obstante, pronto ser\u00e1 posible disfrutar del legado de la artista, enrraizada en Avil\u00e9s.<\/p>\n<p>La exposici\u00f3n del oto\u00f1o<\/p>\n<p class=\"ft-text\">El Reina Sof\u00eda albergar\u00e1 a partir del pr\u00f3ximo 8 de octubre y hasta el 16 de marzo de 2026 la mayor retrospectiva realizada hasta la fecha de quien est\u00e1 considerada como una de las artistas m\u00e1s innovadoras de la vanguardia. L<strong>a muestra sobre Maruja Mallo re\u00fane 90 obras entre las que se encuentran pinturas, dibujos, escritos, documentos y v\u00eddeos. <\/strong><\/p>\n<p><img decoding=\"async\" src=\"https:\/\/www.europesays.com\/es\/wp-content\/uploads\/2025\/10\/ce524e35-961d-47bb-8366-bf4a744b5df3_alta-libre-aspect-ratio_default_0.jpg\" width=\"1200\" height=\"737\" alt=\"La obra adquirida por el Raina Sof\u00eda\" class=\"ft-helper-img-rd\" loading=\"lazy\" hasdataaida=\"true\"\/><\/p>\n<p class=\"ft-helper-fontColor-quaternary ft-helper-fontSize-body-S ft-helper-spacer-t-xxs\">La obra adquirida por el Raina Sof\u00eda  \/ Maruja Mallo<\/p>\n<p class=\"ft-text\">Mallo es una de las principales figuras de la Generaci\u00f3n del 27, adem\u00e1s de la m\u00e1s importante representante del grupo de artistas que, por primera vez, presentaron una cosmovisi\u00f3n femenina desde una perspectiva tambi\u00e9n in\u00e9dita, la de la mujer moderna.<\/p>\n<p class=\"ft-text\"><strong>Esta muestra del Reina Sof\u00eda hace un recorrido cronol\u00f3gico de la trayectoria de la artista por sus diversas etapas, <\/strong>en las que el inter\u00e9s por lo popular desde el marco del realismo m\u00e1gico evoluciona hacia el surrealismo, pasando por su relaci\u00f3n con la Escuela de Vallecas y el Grupo de Arte Constructivo aglutinado en torno a Torres Garc\u00eda a partir de 1932.<\/p>\n<p class=\"ft-text\">La exposici\u00f3n incluye todo tipo de expresiones art\u00edsticas donde se recogen la vida e ideas de Maruja Mallo. A trav\u00e9s de ellas se refleja el \u00e1mbito de influencia que lleg\u00f3 a alcanzar la artista entre sus contempor\u00e1neos en los a\u00f1os 30, y que truncaron la guerra y el exilio.<\/p>\n<p>Antol\u00f3gica en el Bot\u00edn<\/p>\n<p class=\"ft-text\">Antes, <strong>el Centro Bot\u00edn de Santander inauguraba el pasado abril una gran antol\u00f3gica<\/strong> de Maruja Mallo, que va camino de convertirse en el acontecimiento art\u00edstico del a\u00f1o en Espa\u00f1a. La grandeza de la exposici\u00f3n radicaba, precisamente, en el ingente n\u00famero de obras reunidas, m\u00e1s del 75 por ciento de toda la producci\u00f3n pict\u00f3rica de la artista, seg\u00fan las estimaciones de su comisaria, Patricia Molins, adem\u00e1s de fotos, escritos y diversa documentaci\u00f3n, en algunos casos in\u00e9ditos. Se destacaba asimismo por la forma en que mostraba a una creadora visionaria \u2013vinculada en su juventud a Avil\u00e9s\u2013 con un posicionamiento m\u00e1s social que pol\u00edtico y rabiosamente feminista, <strong>exponente ella misma de lo que se dio en llamar a principios del siglo XX \u00abla mujer moderna\u00bb. <\/strong><\/p>\n<p class=\"ft-text\">Aunque nacida en Galicia, parte de su juventud e inicio de su formaci\u00f3n se produjo en Avil\u00e9s. Adem\u00e1s de una artista vanguardista , Mallo fue una <strong>gran defensora de la igualdad de g\u00e9nero. <\/strong><\/p>\n<p class=\"ft-text\">Manuel Segade, el director del Reina Sof\u00eda, defend\u00eda en la inauguraci\u00f3n de aquella antol\u00f3gica en el Bot\u00edn que, por encima de su rareza, \u00abMaruja Mallo<strong> fue la artista que hizo la mayor aportaci\u00f3n al imaginario visual de la Generaci\u00f3n del 27<\/strong>\u00ab, precisamente en una \u00e9poca, los a\u00f1os 20 del siglo pasado, que \u00abfue la Edad de Oro para las mujeres artistas en Espa\u00f1a\u00bb, como el XVI y el XVII lo hab\u00eda sido para los varones.<\/p>\n<p data-close=\"closedContent\" class=\"subscribeHideForDisplay\">Suscr\u00edbete para seguir leyendo<\/p>\n","protected":false},"excerpt":{"rendered":"El Museo Reina Sof\u00eda ha adquirido por 300.000 euros una obra de Maruja Mallo, uno de los referentes&hellip;\n","protected":false},"author":2,"featured_media":152219,"comment_status":"","ping_status":"","sticky":false,"template":"","format":"standard","meta":{"footnotes":""},"categories":[173],"tags":[229,233,231,230,13849,6364,232,234,146,147,25,24,46041,46040,39962,4125,503,4500,11789,23],"class_list":{"0":"post-152218","1":"post","2":"type-post","3":"status-publish","4":"format-standard","5":"has-post-thumbnail","7":"category-arte-y-diseno","8":"tag-arte","9":"tag-arte-y-diseno","10":"tag-arts","11":"tag-arts-and-design","12":"tag-aviles","13":"tag-compra","14":"tag-design","15":"tag-diseno","16":"tag-entertainment","17":"tag-entretenimiento","18":"tag-es","19":"tag-espana","20":"tag-mallo","21":"tag-maruja","22":"tag-maruja-mallo","23":"tag-obra","24":"tag-pintura","25":"tag-publica","26":"tag-reina-sofia","27":"tag-spain"},"share_on_mastodon":{"url":"","error":""},"_links":{"self":[{"href":"https:\/\/www.europesays.com\/es\/wp-json\/wp\/v2\/posts\/152218","targetHints":{"allow":["GET"]}}],"collection":[{"href":"https:\/\/www.europesays.com\/es\/wp-json\/wp\/v2\/posts"}],"about":[{"href":"https:\/\/www.europesays.com\/es\/wp-json\/wp\/v2\/types\/post"}],"author":[{"embeddable":true,"href":"https:\/\/www.europesays.com\/es\/wp-json\/wp\/v2\/users\/2"}],"replies":[{"embeddable":true,"href":"https:\/\/www.europesays.com\/es\/wp-json\/wp\/v2\/comments?post=152218"}],"version-history":[{"count":0,"href":"https:\/\/www.europesays.com\/es\/wp-json\/wp\/v2\/posts\/152218\/revisions"}],"wp:featuredmedia":[{"embeddable":true,"href":"https:\/\/www.europesays.com\/es\/wp-json\/wp\/v2\/media\/152219"}],"wp:attachment":[{"href":"https:\/\/www.europesays.com\/es\/wp-json\/wp\/v2\/media?parent=152218"}],"wp:term":[{"taxonomy":"category","embeddable":true,"href":"https:\/\/www.europesays.com\/es\/wp-json\/wp\/v2\/categories?post=152218"},{"taxonomy":"post_tag","embeddable":true,"href":"https:\/\/www.europesays.com\/es\/wp-json\/wp\/v2\/tags?post=152218"}],"curies":[{"name":"wp","href":"https:\/\/api.w.org\/{rel}","templated":true}]}}