{"id":152220,"date":"2025-10-02T07:14:08","date_gmt":"2025-10-02T07:14:08","guid":{"rendered":"https:\/\/www.europesays.com\/es\/152220\/"},"modified":"2025-10-02T07:14:08","modified_gmt":"2025-10-02T07:14:08","slug":"nadie-la-conoce-y-solo-tiene-12-capitulos","status":"publish","type":"post","link":"https:\/\/www.europesays.com\/es\/152220\/","title":{"rendered":"nadie la conoce y solo tiene 12 cap\u00edtulos"},"content":{"rendered":"<p>Las <a href=\"https:\/\/www.instyle.es\/lifestyle\/x-series-epoca-que-te-engancharan-y-te-trasladaran-pasado_65967\" rel=\"nofollow noopener\" target=\"_blank\">series de \u00e9poca<\/a> siempre han sido un <strong>aut\u00e9ntico caramelo<\/strong> para los amantes de los marat\u00f3n. Desde los palacios de \u2018Downton Abbey\u2019 hasta las intrigas pol\u00edticas de \u2018<a href=\"https:\/\/www.instyle.es\/lifestyle\/the-crown-serie-epoca-netflix-adictiva-emocional-impecable_66926\" rel=\"nofollow noopener\" target=\"_blank\">The Crown<\/a>\u2019, los escenarios hist\u00f3ricos nos transportan a mundos lejanos, donde los secretos familiares y los conflictos de poder nos atrapan sin remedio.<\/p>\n<p>Y si hablamos de las series de \u00e9poca con un <strong>toque m\u00e1s oscuro<\/strong>, casi tanto como los <strong>thrillers<\/strong>, entonces la propuesta se vuelve <strong>irresistible<\/strong>: porque en ellas, la historia se mezcla con el suspense, y cada calle y cada callej\u00f3n, parece esconder un secreto capaz de cambiarlo todo.<\/p>\n<p><img loading=\"lazy\" decoding=\"async\" src=\"https:\/\/www.europesays.com\/es\/wp-content\/uploads\/2025\/10\/la-peste_8889405c_250929145330_1159x658.webp.webp\" alt=\"la peste\" class=\"lazyload\" width=\"1159\" height=\"658\" data-aspectratio=\"1159\/658\"\/>&#13;Distribuidora&#13;<\/p>\n<p>Sin embargo, no todas las series hist\u00f3ricas consiguen enganchar como deber\u00edan. Muchas caen en la <strong>excesiva solemnidad<\/strong>, otras en la <strong>confusi\u00f3n narrativa <\/strong>o en la exageraci\u00f3n visual. Pero de vez en cuando, aparece una <strong>joya<\/strong> que consigue atraparte de principio a fin, un relato que combina la investigaci\u00f3n, la tensi\u00f3n y el detalle hist\u00f3rico sin perder ni un \u00e1pice de emoci\u00f3n.\u00a0<\/p>\n<p>Una ficci\u00f3n que ejemplifique esto mismo es <strong>&#8216;La Peste&#8217;<\/strong>, una producci\u00f3n que, a pesar de su <strong>calidad<\/strong>, ha pasado un poco desapercibida, pero que merece toda la atenci\u00f3n de los aficionados a los universos hist\u00f3ricos cargados de misterio y drama.<\/p>\n<p>De qu\u00e9 va &#8216;La Peste&#8217;<\/p>\n<p>&#8216;La Peste&#8217; nos sit\u00faa en la <strong>Sevilla<\/strong> del siglo XVI, una ciudad que en su \u00e9poca era la metr\u00f3poli del mundo occidental y la puerta de acceso a Am\u00e9rica en Europa. Aqu\u00ed la riqueza flu\u00eda gracias al comercio internacional: oro, plata, especias, esclavos y productos ex\u00f3ticos llegaban a sus puertos, pero tambi\u00e9n lo hac\u00edan las tensiones sociales, las <strong>desigualdades<\/strong> y, sobre todo, la <strong>amenaza<\/strong> constante de epidemias devastadoras.<\/p>\n<p>&#13;&#13;<\/p>\n<p class=\"placeholder-jwp\">Cargando v\u00eddeo: Las mejores series de la historia que debes ver al menos una vez en la vida<\/p>\n<p>Las mejores series de la historia que debes ver al menos una vez en la vida <\/p>\n<p>Entre<strong> burdeles <\/strong>reglamentados<strong>,\u00a0<\/strong><strong>conventos<\/strong> con secretos, <strong>hospitales<\/strong> que eran casi tumbas y <strong>c\u00e1rceles<\/strong> que se convert\u00edan en escondites, Sevilla se muestra como un lugar de contrastes extremos, donde el <strong>hedonismo<\/strong> convive con la <strong>represi\u00f3n p\u00fablica.<\/strong><\/p>\n<p>En medio de un brote de peste, varios miembros destacados de la sociedad sevillana aparecen asesinados de forma misteriosa. <strong>Mateo N\u00fa\u00f1ez<\/strong> (Pablo Molinero), un hombre condenado por la Inquisici\u00f3n, se ve obligado a investigar estos cr\u00edmenes para salvar su propia vida y conseguir el perd\u00f3n del Santo Oficio.<\/p>\n<p>La serie nos sumerge en un juego de vida o muerte, donde cada decisi\u00f3n, cada traici\u00f3n y cada alianza pueden cambiarlo todo. Mateo debe navegar entre <strong>misticismo<\/strong>, <strong>conspiraciones<\/strong>, y el <strong>caos social, <\/strong>con la ciudad entera como tel\u00f3n de fondo de un escenario donde la supervivencia es un lujo y la justicia, un concepto muy relativo.<\/p>\n<p>Elenco principal<\/p>\n<p>La fuerza de &#8216;La Peste&#8217; tambi\u00e9n reside en su <strong>impresionante reparto<\/strong>, que da vida a personajes complejos y multidimensionales:<\/p>\n<ul>\n<li><strong>Pablo Molinero<\/strong> como Mateo N\u00fa\u00f1ez, el protagonista, cuya astucia y determinaci\u00f3n lo convierten en el eje central de la serie.<\/li>\n<li><strong>Sergio Castellanos<\/strong> como Valerio Huertas, cuya interpretaci\u00f3n aporta matices de poder, ambici\u00f3n y misterio.<\/li>\n<li><strong>Patricia L\u00f3pez Arnaiz<\/strong> interpreta a Teresa Pinelo, un personaje que encarna tanto la vulnerabilidad como la fuerza femenina en un contexto hostil.<\/li>\n<li><strong>Paco Le\u00f3n<\/strong> como Luis de Z\u00fa\u00f1iga, quien a\u00f1ade un toque de intensidad y humor negro a la narrativa.<\/li>\n<li><strong>Lupe del Junco<\/strong> es Leandra, una presencia inquietante que contribuye al suspense.<\/li>\n<\/ul>\n<p><strong>Jes\u00fas Carroza<\/strong> da vida a Baeza, mientras que <strong>Manolo Solo<\/strong> como Celso de Guevara y <strong>Estefan\u00eda de los Santos<\/strong> como Mar\u00eda de la O completan un reparto que combina veteran\u00eda, talento y qu\u00edmica en pantalla. Cada uno de estos personajes refleja las tensiones, los secretos y las ambiciones que definen a Sevilla en la \u00e9poca, y la interacci\u00f3n entre ellos genera un entramado complejo que mantiene al espectador en constante tensi\u00f3n.<\/p>\n<p>Qu\u00e9 la hace especial<\/p>\n<p>Lo que distingue a &#8216;La Peste&#8217; de otras series de \u00e9poca no es solo su cuidado hist\u00f3rico (que tambi\u00e9n), sino la manera en que combina la <strong>investigaci\u00f3n criminal<\/strong> con la <strong>ambientaci\u00f3n<\/strong> y la <strong>cr\u00edtica social.<\/strong> La producci\u00f3n recrea con rigor la Sevilla del siglo XVI: los <strong>mercados<\/strong>, las calles empedradas, las casas nobles y los <strong>barrios marginales<\/strong> est\u00e1n llenos de vida y detalles que nos transportan al coraz\u00f3n de la ciudad.<\/p>\n<p>De esta forma, la serie funciona como una <strong>met\u00e1fora de la corrupci\u00f3n<\/strong>, la desigualdad y el miedo que atraviesa a toda la sociedad.<\/p>\n<p>Adem\u00e1s, la narrativa es <strong>intensa<\/strong> y <strong>calculada<\/strong>. Los asesinatos, los secretos de la Inquisici\u00f3n, y las conspiraciones que se despliegan episodio tras episodio mantienen un equilibrio perfecto entre la tensi\u00f3n y la reflexi\u00f3n hist\u00f3rica. No es un thriller al uso, ni un documental; es un <strong>h\u00edbrido<\/strong> que combina la investigaci\u00f3n criminal con un retrato minucioso de la sociedad sevillana.<\/p>\n<p><img loading=\"lazy\" decoding=\"async\" src=\"https:\/\/www.europesays.com\/es\/wp-content\/uploads\/2025\/10\/la-peste_8376f84c_250929145422_812x541.webp.webp\" alt=\"la peste\" class=\"lazyload\" width=\"812\" height=\"541\" data-aspectratio=\"812\/541\"\/>&#13;Distribuidora&#13;<br \/>\nPor qu\u00e9 verla<\/p>\n<p>&#8216;La Peste&#8217; es ideal para quienes buscan <strong>historias que atrapen desde el primer episodio<\/strong>. Con solo <strong>dos temporadas y 12 episodios<\/strong> (seis por temporada), cada cap\u00edtulo es un peque\u00f1o viaje por el tiempo. La serie nos invita a entender el<strong> contexto hist\u00f3rico, social y cultural <\/strong>que define cada acci\u00f3n, cada traici\u00f3n y cada decisi\u00f3n de los personajes de forma liviana, que no se hace pesada, pero tampoco pasa desapercibida.\u00a0<\/p>\n<p>Actualmente, est\u00e1 disponible<a href=\"https:\/\/www.instyle.es\/lifestyle\/mejores-series-espanolas-movistar-plus-que-te-engancharan_66547\" rel=\"nofollow noopener\" target=\"_blank\"> en <\/a><strong><a href=\"https:\/\/www.instyle.es\/lifestyle\/mejores-series-espanolas-movistar-plus-que-te-engancharan_66547\" rel=\"nofollow noopener\" target=\"_blank\">Movistar Plus+<\/a>.<\/strong><\/p>\n","protected":false},"excerpt":{"rendered":"Las series de \u00e9poca siempre han sido un aut\u00e9ntico caramelo para los amantes de los marat\u00f3n. Desde los&hellip;\n","protected":false},"author":2,"featured_media":152221,"comment_status":"","ping_status":"","sticky":false,"template":"","format":"standard","meta":{"footnotes":""},"categories":[171],"tags":[146,147,25,24,23,214],"class_list":{"0":"post-152220","1":"post","2":"type-post","3":"status-publish","4":"format-standard","5":"has-post-thumbnail","7":"category-tv","8":"tag-entertainment","9":"tag-entretenimiento","10":"tag-es","11":"tag-espana","12":"tag-spain","13":"tag-tv"},"share_on_mastodon":{"url":"","error":""},"_links":{"self":[{"href":"https:\/\/www.europesays.com\/es\/wp-json\/wp\/v2\/posts\/152220","targetHints":{"allow":["GET"]}}],"collection":[{"href":"https:\/\/www.europesays.com\/es\/wp-json\/wp\/v2\/posts"}],"about":[{"href":"https:\/\/www.europesays.com\/es\/wp-json\/wp\/v2\/types\/post"}],"author":[{"embeddable":true,"href":"https:\/\/www.europesays.com\/es\/wp-json\/wp\/v2\/users\/2"}],"replies":[{"embeddable":true,"href":"https:\/\/www.europesays.com\/es\/wp-json\/wp\/v2\/comments?post=152220"}],"version-history":[{"count":0,"href":"https:\/\/www.europesays.com\/es\/wp-json\/wp\/v2\/posts\/152220\/revisions"}],"wp:featuredmedia":[{"embeddable":true,"href":"https:\/\/www.europesays.com\/es\/wp-json\/wp\/v2\/media\/152221"}],"wp:attachment":[{"href":"https:\/\/www.europesays.com\/es\/wp-json\/wp\/v2\/media?parent=152220"}],"wp:term":[{"taxonomy":"category","embeddable":true,"href":"https:\/\/www.europesays.com\/es\/wp-json\/wp\/v2\/categories?post=152220"},{"taxonomy":"post_tag","embeddable":true,"href":"https:\/\/www.europesays.com\/es\/wp-json\/wp\/v2\/tags?post=152220"}],"curies":[{"name":"wp","href":"https:\/\/api.w.org\/{rel}","templated":true}]}}