{"id":152225,"date":"2025-10-02T07:19:08","date_gmt":"2025-10-02T07:19:08","guid":{"rendered":"https:\/\/www.europesays.com\/es\/152225\/"},"modified":"2025-10-02T07:19:08","modified_gmt":"2025-10-02T07:19:08","slug":"ee-uu-desplegara-al-ice-durante-el-espectaculo-de-bad-bunny-en-la-superbowl","status":"publish","type":"post","link":"https:\/\/www.europesays.com\/es\/152225\/","title":{"rendered":"EE.UU. desplegar\u00e1 al ICE durante el espect\u00e1culo de Bad Bunny en la Superbowl"},"content":{"rendered":"<p data-gtm-element-container=\"modulo-texto-link\" class=\"paragraph\">El Gobierno de Estados Unidos advirti\u00f3 este mi\u00e9rcoles que desplegar\u00e1 a los agentes del Servicio de Inmigraci\u00f3n y Control de Aduanas (ICE, en ingl\u00e9s) en el espect\u00e1culo del Super Bowl protagonizado por la superestrella puertorrique\u00f1a <a href=\"https:\/\/www.lavanguardia.com\/gente\/20250911\/11049392\/bad-bunny-dara-conciertos-ee-uu-temor-redadas-inmigrantes.html\" rel=\"nofollow noopener\" target=\"_blank\">Bad Bunny<\/a>.<\/p>\n<p data-gtm-element-container=\"modulo-texto-link\" class=\"paragraph\">\u201cNo hay ning\u00fan lugar donde se pueda brindar refugio a quienes se encuentran en este pa\u00eds ilegalmente. Ni el Super Bowl ni ning\u00fan otro lugar\u201d, indic\u00f3 uno de los asesores del Departamento de Seguridad Nacional, Corey Lewandowski, en el programa radiof\u00f3nico The Benny Show.<\/p>\n<p data-gtm-element-container=\"modulo-texto-link\" class=\"paragraph\">Sin importar que se trate de un concierto de Bad Bunny, \u201cvamos a aplicar la ley en todas partes. Vamos a garantizar la seguridad de los estadounidenses. Es una directiva del presidente. Si est\u00e1s en este pa\u00eds sin documentos, hazte un favor: vete a casa\u201d, asever\u00f3.<\/p>\n<p>\u201cVamos a aplicar la ley en todas partes\u201d, indic\u00f3 Corey Lewandowski, asesor de la Casa Blanca<\/p>\n<p data-gtm-element-container=\"modulo-texto-link\" class=\"paragraph\">El funcionario expres\u00f3 el desagrado del Gobierno de Donald Trump sobre la elecci\u00f3n de Bad Bunny para actuar en el entretiempo de uno de los eventos deportivos m\u00e1s importantes de EE.UU.\u00a0\u201cEs una verg\u00fcenza que hayan decidido elegir a alguien que parece odiar tanto a Estados Unidos para representarlos en el descanso del partido\u201d, agreg\u00f3 Lewandowski.<\/p>\n<p>    Lee tambi\u00e9n<\/p>\n<p data-gtm-element-container=\"modulo-texto-link\" class=\"paragraph\">La elecci\u00f3n del puertorrique\u00f1o, uno de los artistas con mayor repercusi\u00f3n en el panorama musical actual, para liderar el descanso del Super Bowl ha dividido a la opini\u00f3n p\u00fablica tras afirmar que evit\u00f3 pasar por EE.UU. con su gira mundial ante el ICE hiciera redadas en los lugares de sus conciertos.<\/p>\n<p data-gtm-element-container=\"modulo-texto-link\" class=\"paragraph\">Con su actuaci\u00f3n, Bad Bunny marca un hito en la historia de este evento al convertirse en el primer artista latino en actuar en solitario en un espect\u00e1culo del Super Bowl, que tendr\u00e1 lugar el pr\u00f3ximo 8 de febrero en Santa Clara, en el estado de California.\u00a0<\/p>\n","protected":false},"excerpt":{"rendered":"El Gobierno de Estados Unidos advirti\u00f3 este mi\u00e9rcoles que desplegar\u00e1 a los agentes del Servicio de Inmigraci\u00f3n y&hellip;\n","protected":false},"author":2,"featured_media":152226,"comment_status":"","ping_status":"","sticky":false,"template":"","format":"standard","meta":{"footnotes":""},"categories":[91],"tags":[146,147,25,24,23],"class_list":{"0":"post-152225","1":"post","2":"type-post","3":"status-publish","4":"format-standard","5":"has-post-thumbnail","7":"category-entretenimiento","8":"tag-entertainment","9":"tag-entretenimiento","10":"tag-es","11":"tag-espana","12":"tag-spain"},"share_on_mastodon":{"url":"","error":""},"_links":{"self":[{"href":"https:\/\/www.europesays.com\/es\/wp-json\/wp\/v2\/posts\/152225","targetHints":{"allow":["GET"]}}],"collection":[{"href":"https:\/\/www.europesays.com\/es\/wp-json\/wp\/v2\/posts"}],"about":[{"href":"https:\/\/www.europesays.com\/es\/wp-json\/wp\/v2\/types\/post"}],"author":[{"embeddable":true,"href":"https:\/\/www.europesays.com\/es\/wp-json\/wp\/v2\/users\/2"}],"replies":[{"embeddable":true,"href":"https:\/\/www.europesays.com\/es\/wp-json\/wp\/v2\/comments?post=152225"}],"version-history":[{"count":0,"href":"https:\/\/www.europesays.com\/es\/wp-json\/wp\/v2\/posts\/152225\/revisions"}],"wp:featuredmedia":[{"embeddable":true,"href":"https:\/\/www.europesays.com\/es\/wp-json\/wp\/v2\/media\/152226"}],"wp:attachment":[{"href":"https:\/\/www.europesays.com\/es\/wp-json\/wp\/v2\/media?parent=152225"}],"wp:term":[{"taxonomy":"category","embeddable":true,"href":"https:\/\/www.europesays.com\/es\/wp-json\/wp\/v2\/categories?post=152225"},{"taxonomy":"post_tag","embeddable":true,"href":"https:\/\/www.europesays.com\/es\/wp-json\/wp\/v2\/tags?post=152225"}],"curies":[{"name":"wp","href":"https:\/\/api.w.org\/{rel}","templated":true}]}}