{"id":152231,"date":"2025-10-02T07:24:17","date_gmt":"2025-10-02T07:24:17","guid":{"rendered":"https:\/\/www.europesays.com\/es\/152231\/"},"modified":"2025-10-02T07:24:17","modified_gmt":"2025-10-02T07:24:17","slug":"el-1x1-del-athletic-en-dortmund","status":"publish","type":"post","link":"https:\/\/www.europesays.com\/es\/152231\/","title":{"rendered":"El 1&#215;1 del Athletic en Dortmund"},"content":{"rendered":"<p data-gtm-element-container=\"modulo-texto-link\" class=\"paragraph\">&#8211;<strong>El MEJOR<\/strong>&#8211; <strong>GALARRETA <\/strong>Jug\u00f3n<\/p>\n<p data-gtm-element-container=\"modulo-texto-link\" class=\"paragraph\">El Athletic fue otro con Galarreta al tim\u00f3n. Jug\u00f3 e hizo jugar. Dio la sensaci\u00f3n de acabar tocado.<\/p>\n<p data-gtm-element-container=\"modulo-texto-link\" class=\"paragraph\"><strong>UNAI SIM\u00d3N<\/strong> Goleado<\/p>\n<p data-gtm-element-container=\"modulo-texto-link\" class=\"paragraph\">Tuvo menos trabajo de lo que el marcador refleja, pero acab\u00f3 encajando cuatro tantos y evit\u00f3 alguno m\u00e1s. No le acompa\u00f1\u00f3 la suerte.<\/p>\n<p data-gtm-element-container=\"modulo-texto-link\" class=\"paragraph\"><strong>GOROSABEL <\/strong>Irregular<\/p>\n<p data-gtm-element-container=\"modulo-texto-link\" class=\"paragraph\">Tras un pobre primer tiempo mejor\u00f3 mucho en el segundo. Ayud\u00f3 en ataque, pero acab\u00f3 pag\u00e1ndolo a nivel defensivo.<\/p>\n<p data-gtm-element-container=\"modulo-texto-link\" class=\"paragraph\"><strong>VIVIAN <\/strong>Aplicado<\/p>\n<p data-gtm-element-container=\"modulo-texto-link\" class=\"paragraph\">En su l\u00ednea de eficacia de encuentros anteriores. Impuso su ley ante Guirassy. No jug\u00f3 en la segunda parte.<\/p>\n<p data-gtm-element-container=\"modulo-texto-link\" class=\"paragraph\"><strong>PAREDES <\/strong>Sobrio<\/p>\n<p data-gtm-element-container=\"modulo-texto-link\" class=\"paragraph\">Se le acumul\u00f3 el trabajo por momentos, pero supo salir airoso de un buen n\u00famero de lances. Demostr\u00f3 saber estar y personalidad.<\/p>\n<p data-gtm-element-container=\"modulo-texto-link\" class=\"paragraph\"><strong>LEKUE <\/strong>Polivalente<\/p>\n<p data-gtm-element-container=\"modulo-texto-link\" class=\"paragraph\">Esta vez le toc\u00f3 ejercer de lateral zurdo. No lo pas\u00f3 bien frente a Adeyemi, pero supo reponerse e ir a m\u00e1s con el paso de los minutos.<\/p>\n<p data-gtm-element-container=\"modulo-texto-link\" class=\"paragraph\"><strong>JAUREGIZAR <\/strong>Impreciso<\/p>\n<p data-gtm-element-container=\"modulo-texto-link\" class=\"paragraph\">No tuvo una de sus mejores noches el bermeotarra. Trabaj\u00f3 mucho, pero sin la efectividad de otras veces. Cambiado al descanso<\/p>\n<p data-gtm-element-container=\"modulo-texto-link\" class=\"paragraph\"><strong>REGO <\/strong>Intermitente<\/p>\n<p data-gtm-element-container=\"modulo-texto-link\" class=\"paragraph\">Fue de menos a m\u00e1s, como el resto. Sus mejores minutos coincidieron con la reacci\u00f3n rojiblanca. Fue solt\u00e1ndose poco a poco.<\/p>\n<p data-gtm-element-container=\"modulo-texto-link\" class=\"paragraph\"><strong>I\u00d1AKI WILLIAMS<\/strong> Anulado<\/p>\n<p data-gtm-element-container=\"modulo-texto-link\" class=\"paragraph\">Empez\u00f3 pegado a banda, donde apenas particip\u00f3, pas\u00f3 luego al centro junto a Maroan y fue sustituido en el descanso.<\/p>\n<p data-gtm-element-container=\"modulo-texto-link\" class=\"paragraph\"><strong>UNAI G\u00d3MEZ<\/strong> Solidario<\/p>\n<p data-gtm-element-container=\"modulo-texto-link\" class=\"paragraph\">Empez\u00f3 en la media punta, pas\u00f3 a banda derecha y acab\u00f3 en la izquierda antes de ser cambiado. Trabaj\u00f3 a destajo sin mucho acierto.<\/p>\n<p data-gtm-element-container=\"modulo-texto-link\" class=\"paragraph\"><strong>ROBERT NAVARRO<\/strong> Incisivo<\/p>\n<p data-gtm-element-container=\"modulo-texto-link\" class=\"paragraph\">Dej\u00f3 detalles de su calidad en varias jugadas, sobre todo en el segundo tiempo. Hizo sufrir a la zaga germana.<\/p>\n<p data-gtm-element-container=\"modulo-texto-link\" class=\"paragraph\"><strong>MAROAN <\/strong>Castigado<\/p>\n<p data-gtm-element-container=\"modulo-texto-link\" class=\"paragraph\">Tuvo pocas opciones ante la dura zaga local, pero no dej\u00f3 de intentarlo. Fue sustituido.<\/p>\n<p>    Lee tambi\u00e9n<\/p>\n<p data-gtm-element-container=\"modulo-texto-link\" class=\"paragraph\">&#8211;<strong>LOS CAMBIOS<\/strong>&#8211;<\/p>\n<p data-gtm-element-container=\"modulo-texto-link\" class=\"paragraph\"><strong>LAPORTE <\/strong>Firme<\/p>\n<p data-gtm-element-container=\"modulo-texto-link\" class=\"paragraph\">Dio poso y tranquilidad a la zaga, aunque sufri\u00f3 al final.<\/p>\n<p data-gtm-element-container=\"modulo-texto-link\" class=\"paragraph\"><strong>GURUZETA <\/strong>Goleador<\/p>\n<p data-gtm-element-container=\"modulo-texto-link\" class=\"paragraph\">Vio porter\u00eda y dio guerra a los centrales del Dortmund.<\/p>\n<p data-gtm-element-container=\"modulo-texto-link\" class=\"paragraph\"><strong>NICO SERRANO<\/strong> Suelto<\/p>\n<p data-gtm-element-container=\"modulo-texto-link\" class=\"paragraph\">Se le vio con ganas y con personalidad. Lo intent\u00f3.<\/p>\n<p data-gtm-element-container=\"modulo-texto-link\" class=\"paragraph\"><strong>IBON S\u00c1NCHEZ<\/strong> Debutante<\/p>\n<p data-gtm-element-container=\"modulo-texto-link\" class=\"paragraph\">Tuvo pocos minutos, pero se dej\u00f3 ver. Casi marca un gol.<\/p>\n","protected":false},"excerpt":{"rendered":"&#8211;El MEJOR&#8211; GALARRETA Jug\u00f3n El Athletic fue otro con Galarreta al tim\u00f3n. Jug\u00f3 e hizo jugar. Dio la&hellip;\n","protected":false},"author":2,"featured_media":152232,"comment_status":"","ping_status":"","sticky":false,"template":"","format":"standard","meta":{"footnotes":""},"categories":[5],"tags":[17,18,25,24,13,14,11,19,20,9,10,15,16,23,12,21,22],"class_list":{"0":"post-152231","1":"post","2":"type-post","3":"status-publish","4":"format-standard","5":"has-post-thumbnail","7":"category-titulares","8":"tag-breaking-news","9":"tag-breakingnews","10":"tag-es","11":"tag-espana","12":"tag-featured-news","13":"tag-featurednews","14":"tag-headlines","15":"tag-latest-news","16":"tag-latestnews","17":"tag-news","18":"tag-noticias","19":"tag-noticias-destacadas","20":"tag-noticiasdestacadas","21":"tag-spain","22":"tag-titulares","23":"tag-ultimas-noticias","24":"tag-ultimasnoticias"},"share_on_mastodon":{"url":"","error":""},"_links":{"self":[{"href":"https:\/\/www.europesays.com\/es\/wp-json\/wp\/v2\/posts\/152231","targetHints":{"allow":["GET"]}}],"collection":[{"href":"https:\/\/www.europesays.com\/es\/wp-json\/wp\/v2\/posts"}],"about":[{"href":"https:\/\/www.europesays.com\/es\/wp-json\/wp\/v2\/types\/post"}],"author":[{"embeddable":true,"href":"https:\/\/www.europesays.com\/es\/wp-json\/wp\/v2\/users\/2"}],"replies":[{"embeddable":true,"href":"https:\/\/www.europesays.com\/es\/wp-json\/wp\/v2\/comments?post=152231"}],"version-history":[{"count":0,"href":"https:\/\/www.europesays.com\/es\/wp-json\/wp\/v2\/posts\/152231\/revisions"}],"wp:featuredmedia":[{"embeddable":true,"href":"https:\/\/www.europesays.com\/es\/wp-json\/wp\/v2\/media\/152232"}],"wp:attachment":[{"href":"https:\/\/www.europesays.com\/es\/wp-json\/wp\/v2\/media?parent=152231"}],"wp:term":[{"taxonomy":"category","embeddable":true,"href":"https:\/\/www.europesays.com\/es\/wp-json\/wp\/v2\/categories?post=152231"},{"taxonomy":"post_tag","embeddable":true,"href":"https:\/\/www.europesays.com\/es\/wp-json\/wp\/v2\/tags?post=152231"}],"curies":[{"name":"wp","href":"https:\/\/api.w.org\/{rel}","templated":true}]}}