{"id":152236,"date":"2025-10-02T07:27:09","date_gmt":"2025-10-02T07:27:09","guid":{"rendered":"https:\/\/www.europesays.com\/es\/152236\/"},"modified":"2025-10-02T07:27:09","modified_gmt":"2025-10-02T07:27:09","slug":"alex-pereira-en-busca-de-una-vendetta-personal-ante-ankalaev","status":"publish","type":"post","link":"https:\/\/www.europesays.com\/es\/152236\/","title":{"rendered":"Alex Pereira, en busca de una &#8216;vendetta&#8217; personal ante Ankalaev"},"content":{"rendered":"<p data-mrf-recirculation=\"Links P\u00e1rrafos\" class=\"ue-c-article__paragraph paragraph ue-c-article--first-letter-highlighted\">Alex Pereira (12-3) <strong>necesita ganar<\/strong> a Magomed Ankalaev (21-1-1, 1 SR) en el evento estelar del UFC 320 por <strong>muchos motivos.<\/strong> Principalmente, para recuperar el cintur\u00f3n de peso semipesado que perdi\u00f3 ante el daguestan\u00ed en el UFC 313. En segundo lugar, el peleador brasile\u00f1o debe vencer si quiere volver a ser la <strong>superestrella<\/strong> que era antes y volver a la parte alta del r\u00e1nking libra por libra. Por \u00faltimo, para ganar una guerra que se ha vuelto<strong> personal <\/strong>ante &#8216;Ank&#8217; despu\u00e9s de los sucesos de las \u00faltimas semanas.<\/p>\n<p data-mrf-recirculation=\"Links P\u00e1rrafos\" class=\"ue-c-article__paragraph paragraph\">En el primer combate ambos hubo trashtalk, pero sin pasar ciertos <strong>l\u00edmites.<\/strong> Sin embargo, una vez Ankalaev venci\u00f3 por decisi\u00f3n un\u00e1nime, Pereira afirm\u00f3 que tuvo ciertos<strong> problemas<\/strong> de cara a la pelea que le impidieron rendir, lo que ha avivado el<strong> beef. <\/strong>El peleador brasile\u00f1o ha llegado a afirmar que Ankalaev se hab\u00eda<strong> escondido<\/strong> de \u00e9l en el UFC PI Institute de Las Vegas hace unos d\u00edas, y ambos mantuvieron una <strong>acalorada discusi\u00f3n<\/strong> con el Google Translator de por medio que confirma que la <strong>enemistad<\/strong> ha ido un paso m\u00e1s all\u00e1.<\/p>\n<blockquote class=\"ue-c-article__blockquote\">\n<p>No voy a perder esta pelea. Simplemente no lo har\u00e9<\/p>\n<p>Alex Pereira, sobre su combate ante Ankalaev<\/p><\/blockquote>\n<p data-mrf-recirculation=\"Links P\u00e1rrafos\" class=\"ue-c-article__paragraph paragraph\">\u00ab<strong>Me sorprende<\/strong> que pudiese incluso pelear con todo lo que me estaba pasando en ese momento. Honestamente, <strong>estaba al 40% <\/strong>esa noche. En esta ocasi\u00f3n no voy a dejar dudas a nadie.<strong> No voy a perder<\/strong> esta pelea. Simplemente no lo har\u00e9\u00bb, afirm\u00f3 en una entrevista con &#8216;CBS Sports&#8217;. Pereira puede convertirse en el <strong>primer peleador <\/strong>de la era moderna en ser <strong>tres veces campe\u00f3n<\/strong> en dos categor\u00edas diferentes, lo que encumbrar\u00eda su figura a\u00fan m\u00e1s si cabe.<\/p>\n<p data-mrf-recirculation=\"Links P\u00e1rrafos\" class=\"ue-c-article__paragraph paragraph\">La versi\u00f3n de Ankalaev es <strong>diferente<\/strong> a la de Pereira, ya que seg\u00fan \u00e9l la rivalidad comenz\u00f3 a ser personal una vez el brasile\u00f1o se<strong> invent\u00f3<\/strong> que se hab\u00eda escondido de \u00e9l. Hasta entonces, eran<strong> todo negocios<\/strong>. \u00abTodo se torci\u00f3 cuando vi que dijo que me escond\u00ed de \u00e9l porque estaba<strong> asustado.<\/strong> En ese momento quer\u00eda confrontarle y fui hacia \u00e9l en el PI Institute, y simplemente le dije &#8216;me estabas buscando, te pensabas que me estaba escondiendo de ti, y <strong>aqu\u00ed me tienes<\/strong>&#8216;. Ah\u00ed fue donde empez\u00f3 todo\u00bb, reconoci\u00f3 &#8216;Ank&#8217; en una entrevista con &#8216;New York Post&#8217;.<\/p>\n<p><img decoding=\"async\" width=\"1980\" height=\"1320\" class=\"ue-c-article__image lazyload\" alt=\"Alex Pereira y Ankalaev, en UFC 313.\" loading=\"lazy\" src=\"https:\/\/www.europesays.com\/es\/wp-content\/uploads\/2025\/10\/67cf49301889a.jpeg\"\/><\/p>\n<p>Alex Pereira y Ankalaev, en UFC 313.UFC.<\/p>\n<p>Tom Aspinall, \u00bfsu siguiente objetivo?<\/p>\n<p data-mrf-recirculation=\"Links P\u00e1rrafos\" class=\"ue-c-article__paragraph paragraph\">Desde que se convirti\u00f3 en <strong>doble campe\u00f3n <\/strong>de la UFC al conseguir el cintur\u00f3n de peso semipesado en 2023, Pereira ha dejado claro su objetivo de <strong>subir a peso pesado<\/strong>. De hecho, ha revelado en varias ocasiones que en su d\u00eda a d\u00eda tiene el <strong>peso<\/strong> para pelear en esa categor\u00eda, y su objetivo es ser el<strong> primer triple campe\u00f3n <\/strong>de la historia de la UFC. Sin embargo, su derrota ante Ankalaev<strong> trunc\u00f3 sus planes <\/strong>por completo.<\/p>\n<blockquote class=\"ue-c-article__blockquote\">\n<p>Los enfrentamientos que la UFC le ha puesto le han favorecido hasta la pelea contra Ankalaev<\/p>\n<p>Tom Aspinall, sobre Alex Pereira<\/p><\/blockquote>\n<p data-mrf-recirculation=\"Links P\u00e1rrafos\" class=\"ue-c-article__paragraph paragraph\">Antes de retirarse, el propio <strong>Jon Jones <\/strong>-campe\u00f3n de peso pesado en ese momento- afirm\u00f3 que<strong> prefer\u00eda<\/strong> una pelea contra Pereira que contra <strong>Tom Aspinall <\/strong>-campe\u00f3n interino-. Una vez &#8216;Bones&#8217; se retir\u00f3 y rechaz\u00f3 la pelea con el ingl\u00e9s, el propio Aspinall ha sido quien ha lanzado un<strong> dardo<\/strong> a Pereira. \u00abLos enfrentamientos que la UFC le ha puesto le han<strong> favorecido<\/strong> hasta la pelea contra Ankalaev. Solo con el <strong>riesgo<\/strong> que supone Ankalaev con los takedowns, creo que estil\u00edsticamente es un<strong> mal enfrentamiento<\/strong> para Pereira\u00bb, confes\u00f3 el ingl\u00e9s en una entrevista con la UFC.<\/p>\n<p data-mrf-recirculation=\"Links P\u00e1rrafos\" class=\"ue-c-article__paragraph paragraph\">La<strong> respuesta<\/strong> de &#8216;Poatan&#8217; no se ha hecho esperar, lo que ha vuelto a avivar la llama de una posible subida de Pereira al peso completo. Eso s\u00ed, primero tiene una <strong>&#8216;vendetta&#8217;<\/strong> personal por cumplir. \u00abSoy un tipo que viene del kickboxing, no ten\u00eda <strong>experiencia <\/strong>en el grappling.\u00a0Incluso si me hubiesen enfrentrado al peor de la UFC, estar\u00eda en<strong> desventaja.<\/strong> Eso no tiene ning\u00fan tipo de sentido\u00bb, afirm\u00f3. Aspinall sabe que en peso pesado hacen falta <strong>nombres medi\u00e1ticos<\/strong> para que su legado crezca m\u00e1s r\u00e1pido, y &#8216;Poatan&#8217; es la opci\u00f3n<strong> m\u00e1s viable <\/strong>para poner su nombre en la historia.\u00a0<\/p>\n","protected":false},"excerpt":{"rendered":"Alex Pereira (12-3) necesita ganar a Magomed Ankalaev (21-1-1, 1 SR) en el evento estelar del UFC 320&hellip;\n","protected":false},"author":2,"featured_media":152237,"comment_status":"","ping_status":"","sticky":false,"template":"","format":"standard","meta":{"footnotes":""},"categories":[276],"tags":[168,25,24,23,167,343],"class_list":{"0":"post-152236","1":"post","2":"type-post","3":"status-publish","4":"format-standard","5":"has-post-thumbnail","7":"category-ufc","8":"tag-deportes","9":"tag-es","10":"tag-espana","11":"tag-spain","12":"tag-sports","13":"tag-ufc"},"share_on_mastodon":{"url":"","error":""},"_links":{"self":[{"href":"https:\/\/www.europesays.com\/es\/wp-json\/wp\/v2\/posts\/152236","targetHints":{"allow":["GET"]}}],"collection":[{"href":"https:\/\/www.europesays.com\/es\/wp-json\/wp\/v2\/posts"}],"about":[{"href":"https:\/\/www.europesays.com\/es\/wp-json\/wp\/v2\/types\/post"}],"author":[{"embeddable":true,"href":"https:\/\/www.europesays.com\/es\/wp-json\/wp\/v2\/users\/2"}],"replies":[{"embeddable":true,"href":"https:\/\/www.europesays.com\/es\/wp-json\/wp\/v2\/comments?post=152236"}],"version-history":[{"count":0,"href":"https:\/\/www.europesays.com\/es\/wp-json\/wp\/v2\/posts\/152236\/revisions"}],"wp:featuredmedia":[{"embeddable":true,"href":"https:\/\/www.europesays.com\/es\/wp-json\/wp\/v2\/media\/152237"}],"wp:attachment":[{"href":"https:\/\/www.europesays.com\/es\/wp-json\/wp\/v2\/media?parent=152236"}],"wp:term":[{"taxonomy":"category","embeddable":true,"href":"https:\/\/www.europesays.com\/es\/wp-json\/wp\/v2\/categories?post=152236"},{"taxonomy":"post_tag","embeddable":true,"href":"https:\/\/www.europesays.com\/es\/wp-json\/wp\/v2\/tags?post=152236"}],"curies":[{"name":"wp","href":"https:\/\/api.w.org\/{rel}","templated":true}]}}