{"id":152257,"date":"2025-10-02T07:42:10","date_gmt":"2025-10-02T07:42:10","guid":{"rendered":"https:\/\/www.europesays.com\/es\/152257\/"},"modified":"2025-10-02T07:42:10","modified_gmt":"2025-10-02T07:42:10","slug":"ice-desplegara-a-agentes-en-el-super-bowl-de-bad-bunny-dw-02-10-2025","status":"publish","type":"post","link":"https:\/\/www.europesays.com\/es\/152257\/","title":{"rendered":"ICE desplegar\u00e1 a agentes en el Super Bowl de Bad Bunny \u2013 DW \u2013 02\/10\/2025"},"content":{"rendered":"<p>El Gobierno de <a class=\"internal-link\" href=\"https:\/\/www.dw.com\/es\/estados-unidos\/t-17411942\" rel=\"nofollow noopener\" target=\"_blank\">Estados Unidos<\/a> advirti\u00f3 este mi\u00e9rcoles (01.10.2025) que desplegar\u00e1 a los agentes del Servicio de Inmigraci\u00f3n y Control de Aduanas (ICE, en ingl\u00e9s) en el <a class=\"internal-link\" href=\"https:\/\/www.dw.com\/es\/bad-bunny-ser\u00e1-la-estrella-del-show-musical-del-super-bowl\/a-74175031\" rel=\"nofollow noopener\" target=\"_blank\">espect\u00e1culo del Super Bowl protagonizado por la superestrella puertorrique\u00f1a Bad Bunny.<\/a><\/p>\n<p>\u00abNo hay ning\u00fan lugar donde se pueda brindar refugio a quienes se encuentran en este pa\u00eds ilegalmente. Ni el Super Bowl ni ning\u00fan otro lugar\u00bb, indic\u00f3 uno de los asesores del Departamento de Seguridad Nacional, Corey Lewandowski, en el programa radiof\u00f3nico The Benny Show.<\/p>\n<p>Sin importar que se trate de un concierto de Bad Bunny, \u00abvamos a aplicar la ley en todas partes. Vamos a garantizar la seguridad de los estadounidenses. Es una directiva del presidente. Si est\u00e1s en este pa\u00eds sin documentos, hazte un favor: vete a casa\u00bb, asever\u00f3.<\/p>\n<p>El funcionario expres\u00f3 el desagrado del Gobierno de Donald Trump sobre la elecci\u00f3n de Bad Bunny para actuar en el entretiempo de uno de los eventos deportivos m\u00e1s importantes de EE.UU.<\/p>\n<p>Bad Bunny \u00abes una verg\u00fcenza\u00bb, dice funcionario<\/p>\n<p>\u00abEs una verg\u00fcenza que hayan decidido elegir a alguien que parece odiar tanto a Estados Unidos para representarlos en el descanso del partido\u00bb, agreg\u00f3 Lewandowski.<\/p>\n<p>La elecci\u00f3n del puertorrique\u00f1o, uno de los artistas con mayor repercusi\u00f3n en el panorama musical actual, para liderar el descanso del Super Bowl ha dividido a la opini\u00f3n p\u00fablica tras afirmar que evit\u00f3 pasar por EE.UU. con su gira mundial ante el ICE hiciera redadas en los lugares de sus conciertos.<\/p>\n<p>Con su actuaci\u00f3n, Bad Bunny marca un hito en la historia de este evento al convertirse en el primer artista latino en actuar en solitario en un espect\u00e1culo del Super Bowl, que tendr\u00e1 lugar el pr\u00f3ximo 8 de febrero en Santa Clara, en el estado de California.<\/p>\n<p>El lunes, el movimiento Make America Great Again de Trump se enfureci\u00f3 al conocer el nombramiento el domingo de un artista que canta principalmente en espa\u00f1ol como artista estrella del evento insignia de la NFL en febrero.<\/p>\n<p>\u00ab\u00bfEs la @NFL incapaz de leer la situaci\u00f3n?\u00bb, public\u00f3 Sebastian Gorka, director s\u00e9nior de Trump para la lucha contra el terrorismo, en X el lunes por la noche despu\u00e9s del anuncio.<\/p>\n<p>jc (afp, efe)<\/p>\n<p>\u00a0<\/p>\n","protected":false},"excerpt":{"rendered":"El Gobierno de Estados Unidos advirti\u00f3 este mi\u00e9rcoles (01.10.2025) que desplegar\u00e1 a los agentes del Servicio de Inmigraci\u00f3n&hellip;\n","protected":false},"author":2,"featured_media":152258,"comment_status":"","ping_status":"","sticky":false,"template":"","format":"standard","meta":{"footnotes":""},"categories":[91],"tags":[146,147,25,24,23],"class_list":{"0":"post-152257","1":"post","2":"type-post","3":"status-publish","4":"format-standard","5":"has-post-thumbnail","7":"category-entretenimiento","8":"tag-entertainment","9":"tag-entretenimiento","10":"tag-es","11":"tag-espana","12":"tag-spain"},"share_on_mastodon":{"url":"","error":""},"_links":{"self":[{"href":"https:\/\/www.europesays.com\/es\/wp-json\/wp\/v2\/posts\/152257","targetHints":{"allow":["GET"]}}],"collection":[{"href":"https:\/\/www.europesays.com\/es\/wp-json\/wp\/v2\/posts"}],"about":[{"href":"https:\/\/www.europesays.com\/es\/wp-json\/wp\/v2\/types\/post"}],"author":[{"embeddable":true,"href":"https:\/\/www.europesays.com\/es\/wp-json\/wp\/v2\/users\/2"}],"replies":[{"embeddable":true,"href":"https:\/\/www.europesays.com\/es\/wp-json\/wp\/v2\/comments?post=152257"}],"version-history":[{"count":0,"href":"https:\/\/www.europesays.com\/es\/wp-json\/wp\/v2\/posts\/152257\/revisions"}],"wp:featuredmedia":[{"embeddable":true,"href":"https:\/\/www.europesays.com\/es\/wp-json\/wp\/v2\/media\/152258"}],"wp:attachment":[{"href":"https:\/\/www.europesays.com\/es\/wp-json\/wp\/v2\/media?parent=152257"}],"wp:term":[{"taxonomy":"category","embeddable":true,"href":"https:\/\/www.europesays.com\/es\/wp-json\/wp\/v2\/categories?post=152257"},{"taxonomy":"post_tag","embeddable":true,"href":"https:\/\/www.europesays.com\/es\/wp-json\/wp\/v2\/tags?post=152257"}],"curies":[{"name":"wp","href":"https:\/\/api.w.org\/{rel}","templated":true}]}}