{"id":152263,"date":"2025-10-02T07:53:08","date_gmt":"2025-10-02T07:53:08","guid":{"rendered":"https:\/\/www.europesays.com\/es\/152263\/"},"modified":"2025-10-02T07:53:08","modified_gmt":"2025-10-02T07:53:08","slug":"el-cangas-inicia-la-cuesta-de-octubre","status":"publish","type":"post","link":"https:\/\/www.europesays.com\/es\/152263\/","title":{"rendered":"El Cangas inicia la cuesta de octubre"},"content":{"rendered":"<p class=\"ft-text ft-helper-closenews\">Las buenas sensaciones y<a class=\"ft-link ft-link--decoration\" href=\"https:\/\/www.farodevigo.es\/deportes\/morrazo\/2025\/09\/28\/primera-quique-dominguez-122031228.html\" rel=\"nofollow noopener\" target=\"_blank\"> los dos puntos obtenidos en el arranque liguero del mes de septiembre<\/a> dar\u00e1n paso a la <strong>cuesta de octubre en la trayectoria del Frigor\u00edficos del Morrazo<\/strong> en la presente temporada. El conjunto que dirige Quique Dom\u00ednguez ver\u00e1 c\u00f3mo se empina el calendario para medirse en esta etapa a <strong>tres de los cinco primeros clasificados de la Liga pasada,<\/strong> comenzando con el todopoderoso <strong>Barcelona<\/strong>. El cuadro cangu\u00e9s tendr\u00e1 que rendir visita tambi\u00e9n al <strong>Torrelavega (tercero el a\u00f1o pasado) y al Logro\u00f1o (quinto)<\/strong>, con el m\u00e1s asequible a priori <strong>Guadalajara <\/strong>entre medias.<\/p>\n<p class=\"ft-text\">El periplo del Cangas comenzar\u00e1 este fin de semana en el<strong> Palau Blaugrana ante un F\u00fatbol Club Barcelona<\/strong> que hoy mismo disputar\u00e1 en El Cairo (Egipto) la final del Mundial de Clubes ante el Veszprem de Rodrigo Corrales. Despu\u00e9s de una semana marcada por los problemas fisicos, lo normal es <a class=\"ft-link ft-link--decoration\" href=\"https:\/\/www.farodevigo.es\/deportes\/morrazo\/2025\/09\/30\/frigorificos-aplica-energia-efectividad-122094196.html\" rel=\"nofollow noopener\" target=\"_blank\">que el t\u00e9cnico pontevedr\u00e9s opte por reservar a alg\u00fan jugador de los tocados<\/a>. El caso de <strong>Javi Garc\u00eda \u2013pendiente de los resultados de una resonancia en el hombro<\/strong>\u2013 es el m\u00e1s evidente, pero podr\u00eda haber alguno m\u00e1s en funci\u00f3n de su estado. Dom\u00ednguez demostr\u00f3 en pretemporada que no le tiembla el pulso al recurrir a los jugadores del Automan\u00eda Luceros en caso de que fuese necesario, con nombres como Juan Rodr\u00edguez, Iago o Mart\u00edn Fuentes como ejemplos.<\/p>\n<p>El duelo ante el Guadalajara, en rojo<\/p>\n<p class=\"ft-text\">El choque que realmente est\u00e1 marcado en la mente de muchos como importante es el del siguiente fin de semana<strong> (s\u00e1bado 11 a las 17.30 en O Gata\u00f1al) es el del Guadalajara, actual farolillo rojo<\/strong> de la clasificaci\u00f3n. Y es que aunque Dom\u00ednguez asegura que para \u00e9l todos los partidos est\u00e1n marcados en rojo, lo cierto es que los alcarre\u00f1os son uno de esos equipos llamados, en principio, a estar peleando por eludir el descenso. Y esos puntos, por tanto, tienen un<strong> valor doble no solo por evitar que un rival sume sino tambi\u00e9n por garantizarse una ventaja en caso de empate. <\/strong><\/p>\n<p class=\"ft-text\">Los de Juan Carlos Requena encadenan tres derrotas ante Logro\u00f1o (34-30), Alicante (29-35) y Valladolid (32-22) y cuentan con una plantilla renovada, con hasta ocho novedades, sin bien de perfil bajo, como Velasco y Boyarizo (Alcobendas), Blanco (Bar\u00e7a B) o Ganuza (Anaitasuna). Muchas de sus opciones pasar\u00e1n por el rendimiento de su defensa y de la porter\u00eda con Vladic y Nicol\u00e1s Garc\u00eda.<\/p>\n<p>Un Torrelavega que mantiene el bloque<\/p>\n<p class=\"ft-text\">El siguiente compromiso del Cangas ser\u00e1 <strong>a domicilio ante el Torrelavega (s\u00e1bado 18, 20.30 horas en el pabell\u00f3n Vicente Trueba).<\/strong> Los de Jacobo Cu\u00e9tara han firmado un inicio perfecto, derrotando a Cuenca (27-28), Logro\u00f1o (29.25) y EON Alicante (32-38), y cuentan con la gran<strong> ventaja de haber mantenido el bloque de la pasada temporada y de haber introducido \u00fanicamente tres cambios<\/strong>, con la incorporaci\u00f3n de Moyano (Granollers), James Junior Scott (Daidoo Steel) y Carlos G\u00f3mez (Eivissa).<\/p>\n<p class=\"ft-text\">Octubre se cerrar\u00e1 con el<strong> duelo ante el Logro\u00f1o, previsto para el fin de semana del 25 y 26<\/strong>. Los riojanos no han comenzado bien, con un \u00fanico triunfo en casa ante el Guadalajara (34-30) y sendas derrotas a domicilio frente a Torrelavega (29-25) y Cuenca (29 28). Miguel \u00c1ngel Velasco afronta la <strong>en\u00e9sima renovaci\u00f3n de los suyos con fichajes como los de \u00c1lvaro y Miguel Mart\u00ednez (Valladolid) <\/strong>Aitor Garc\u00eda y Cancio (Anaitasuna), Popovic (Ademar) o Lombardi (Guadalajara). Es un equipo en construcci\u00f3n<a class=\"ft-link ft-link--decoration\" href=\"https:\/\/www.farodevigo.es\/deportes\/morrazo\/2025\/07\/19\/angel-rivero-aportare-pueda-fuera-119847732.html\" rel=\"nofollow noopener\" target=\"_blank\"> al que se medir\u00e1n dos ex como el lateral Rivero<\/a> y el <strong>pivote Javi Garc\u00eda.<\/strong><\/p>\n<p data-close=\"closedContent\" class=\"subscribeHideForDisplay\">Suscr\u00edbete para seguir leyendo<\/p>\n","protected":false},"excerpt":{"rendered":"Las buenas sensaciones y los dos puntos obtenidos en el arranque liguero del mes de septiembre dar\u00e1n paso&hellip;\n","protected":false},"author":2,"featured_media":152264,"comment_status":"","ping_status":"","sticky":false,"template":"","format":"standard","meta":{"footnotes":""},"categories":[278],"tags":[1672,376,1937,46050,168,25,24,1673,46051,375,1675,46049,23,167],"class_list":{"0":"post-152263","1":"post","2":"type-post","3":"status-publish","4":"format-standard","5":"has-post-thumbnail","7":"category-balonmano","8":"tag-balonman-cangas","9":"tag-balonmano","10":"tag-balonmano-guadalajara","11":"tag-balonmano-torrelavega","12":"tag-deportes","13":"tag-es","14":"tag-espana","15":"tag-frigorificos-del-morrazo","16":"tag-futbol-club-barcelona","17":"tag-handball","18":"tag-liga-asobal","19":"tag-logrono-la-rioja","20":"tag-spain","21":"tag-sports"},"share_on_mastodon":{"url":"","error":""},"_links":{"self":[{"href":"https:\/\/www.europesays.com\/es\/wp-json\/wp\/v2\/posts\/152263","targetHints":{"allow":["GET"]}}],"collection":[{"href":"https:\/\/www.europesays.com\/es\/wp-json\/wp\/v2\/posts"}],"about":[{"href":"https:\/\/www.europesays.com\/es\/wp-json\/wp\/v2\/types\/post"}],"author":[{"embeddable":true,"href":"https:\/\/www.europesays.com\/es\/wp-json\/wp\/v2\/users\/2"}],"replies":[{"embeddable":true,"href":"https:\/\/www.europesays.com\/es\/wp-json\/wp\/v2\/comments?post=152263"}],"version-history":[{"count":0,"href":"https:\/\/www.europesays.com\/es\/wp-json\/wp\/v2\/posts\/152263\/revisions"}],"wp:featuredmedia":[{"embeddable":true,"href":"https:\/\/www.europesays.com\/es\/wp-json\/wp\/v2\/media\/152264"}],"wp:attachment":[{"href":"https:\/\/www.europesays.com\/es\/wp-json\/wp\/v2\/media?parent=152263"}],"wp:term":[{"taxonomy":"category","embeddable":true,"href":"https:\/\/www.europesays.com\/es\/wp-json\/wp\/v2\/categories?post=152263"},{"taxonomy":"post_tag","embeddable":true,"href":"https:\/\/www.europesays.com\/es\/wp-json\/wp\/v2\/tags?post=152263"}],"curies":[{"name":"wp","href":"https:\/\/api.w.org\/{rel}","templated":true}]}}