{"id":152267,"date":"2025-10-02T07:55:07","date_gmt":"2025-10-02T07:55:07","guid":{"rendered":"https:\/\/www.europesays.com\/es\/152267\/"},"modified":"2025-10-02T07:55:07","modified_gmt":"2025-10-02T07:55:07","slug":"cory-sandhagen-el-tapado-del-ufc-320-que-quiere-destronar-a-merab-dvalishvili","status":"publish","type":"post","link":"https:\/\/www.europesays.com\/es\/152267\/","title":{"rendered":"Cory Sandhagen, el &#8216;tapado&#8217; del UFC 320 que quiere destronar a Merab Dvalishvili"},"content":{"rendered":"<p data-gtm-element-container=\"modulo-texto-link\" class=\"paragraph\">Decidi\u00f3 ser un tipo honesto, huir de los micr\u00f3fonos y dejar que el oct\u00e1gono hable por \u00e9l. <strong>Cory Sandhagen (18-5, 8 KO) nada a contracorriente con todo aquello que las artes marciales mixtas estipularon de un competidor oficial en el pasado<\/strong>, cuando las peleas alcanzaban su culmen en las ruedas de prensa, antes de que la campana diera comienzo al pleito. El americano, uno de los protagonistas del<strong> UFC 320 <\/strong>de este fin de semana, pretende sorprender al mundo con una victoria ante <strong>Merab Dvalishvili (20-4, 3 KO)<\/strong>, el mejor peso gallo de la historia para muchos expertos de la disciplina.<\/p>\n<p data-gtm-element-container=\"modulo-texto-link\" class=\"paragraph\">El ascenso de Sandman en la UFC fue todo un torbellino. Procedente de la promotora <strong>LFA<\/strong>, Sandhagen <strong>debut\u00f3 ante\u00a0Austin Arnett en junio de 2018<\/strong>, e inici\u00f3 un camino mete\u00f3rico dentro de la compa\u00f1\u00eda: en sus cinco primeros pleitos, el americano consigui\u00f3 finalizar a tres de sus oponentes entre el primer y segundo asalto de contienda. Las peleas de la nueva estrella duraban muy poco y, quiz\u00e1, la parte baja del peso gallo supon\u00eda un reto menor para la promesa.<\/p>\n<p data-gtm-element-container=\"modulo-texto-link\" class=\"paragraph\">Su primera derrota en UFC aterriz\u00f3 de la mano de <strong>Aljamain Sterling<\/strong>, quien fren\u00f3 en seco el ascenso de Sandhagen. Compa\u00f1ero de equipo y mejor amigo de Merab Dvalishvili, casualidades de la vida,<strong> el jamaicano someti\u00f3 a Sandman en el primer asalto de contienda<\/strong> para endosar la segunda noche oscura de la carrera del estadounidense, en su segundo combate dentro de un evento numerado de la compa\u00f1\u00eda de artes marciales mixtas m\u00e1s grande del mundo.<\/p>\n<p data-gtm-element-container=\"modulo-texto-link\" class=\"paragraph\">Sandhagen madur\u00f3 pero, pese a regresar con dos tremendos combates ante <strong>Marlon Moraes y Frankie Edgar<\/strong> de manera respectiva, <strong>cay\u00f3 en sus siguientes pleitos ante los ex campeones TJ Dillashaw y Petr Yan<\/strong>, todas por decisi\u00f3n al t\u00e9rmino de los asaltos reglamentarios del combate. Sin hacer mucho ruido y tras pasar casi desapercibido por los rankings del peso gallo de la UFC, el contendiente ten\u00eda claro que pod\u00eda tener un gran papel, que s\u00f3lo hab\u00eda ca\u00eddo con monarcas de su categor\u00eda. El techo de Sandman todav\u00eda no hab\u00eda llegado.<\/p>\n<p data-gtm-element-container=\"modulo-texto-link\" class=\"paragraph\"><strong>Song Yadong, Chito Vera y Rob Font pagaron los platos de las dos nuevas derrotas de Sandhagen en UFC.<\/strong> En un a\u00f1o natural, el estadounidense hab\u00eda despedazado a tres de los m\u00e1s importantes nombres de la divisi\u00f3n, y dej\u00f3 bien claro que, aunque no ten\u00eda la misma capacidad de promoci\u00f3n o la habilidad en el micr\u00f3fono que sus rivales, el oct\u00e1gono hablaba por \u00e9l. Y eso era el factor m\u00e1s importante para su carrera deportiva.<\/p>\n<p data-gtm-element-container=\"modulo-texto-link\" class=\"paragraph\">En agosto de 2024, tras un a\u00f1o en el dique seco, <strong>Cory Sandhagen salt\u00f3 para competir en una pelea eliminatoria para determinar el pr\u00f3ximo retador al t\u00edtulo ante\u00a0Umar Nurmagomedov<\/strong>, el primo de Khabib. El americano cay\u00f3 en las cartulinas de los jueces, pero dej\u00f3 buenas impresiones al p\u00fablico y supo sacar las costuras del daguestan\u00ed, que sufri\u00f3 durante todo el combate para amarrar al estadounidense a ras de lona y dominar en el pleito.<\/p>\n<p>    Lee tambi\u00e9n<\/p>\n<p data-gtm-element-container=\"modulo-texto-link\" class=\"paragraph\">Cory Sandhagen ha sido, durante toda su vida, <strong>el denominado &#8216;tapado&#8217; <\/strong>de la divisi\u00f3n del peso gallo.<strong> R\u00e1pido, h\u00e1bil y con un estilo peculiar<\/strong>, en el que es capaz de sacar y dibujar cualquier tipo de golpe en cada una de las diferentes situaciones de combate, el americano recibe ahora una oportunidad titular despu\u00e9s de vencer a su primer campe\u00f3n del mundo, Deiveson Figueiredo. No es el favorito, tampoco pretende serlo. Est\u00e1 acostumbrado a sorprender al mundo de las MMA, combate tras combate. Sandman es, sin ning\u00fan tipo de dudas, <strong>el denominado en el argot de la disciplina &#8216;dark horse&#8217; de este UFC 320 <\/strong>en el T-Mobile Arena de Las Vegas.<\/p>\n","protected":false},"excerpt":{"rendered":"Decidi\u00f3 ser un tipo honesto, huir de los micr\u00f3fonos y dejar que el oct\u00e1gono hable por \u00e9l. Cory&hellip;\n","protected":false},"author":2,"featured_media":152268,"comment_status":"","ping_status":"","sticky":false,"template":"","format":"standard","meta":{"footnotes":""},"categories":[276],"tags":[168,25,24,23,167,343],"class_list":{"0":"post-152267","1":"post","2":"type-post","3":"status-publish","4":"format-standard","5":"has-post-thumbnail","7":"category-ufc","8":"tag-deportes","9":"tag-es","10":"tag-espana","11":"tag-spain","12":"tag-sports","13":"tag-ufc"},"share_on_mastodon":{"url":"","error":""},"_links":{"self":[{"href":"https:\/\/www.europesays.com\/es\/wp-json\/wp\/v2\/posts\/152267","targetHints":{"allow":["GET"]}}],"collection":[{"href":"https:\/\/www.europesays.com\/es\/wp-json\/wp\/v2\/posts"}],"about":[{"href":"https:\/\/www.europesays.com\/es\/wp-json\/wp\/v2\/types\/post"}],"author":[{"embeddable":true,"href":"https:\/\/www.europesays.com\/es\/wp-json\/wp\/v2\/users\/2"}],"replies":[{"embeddable":true,"href":"https:\/\/www.europesays.com\/es\/wp-json\/wp\/v2\/comments?post=152267"}],"version-history":[{"count":0,"href":"https:\/\/www.europesays.com\/es\/wp-json\/wp\/v2\/posts\/152267\/revisions"}],"wp:featuredmedia":[{"embeddable":true,"href":"https:\/\/www.europesays.com\/es\/wp-json\/wp\/v2\/media\/152268"}],"wp:attachment":[{"href":"https:\/\/www.europesays.com\/es\/wp-json\/wp\/v2\/media?parent=152267"}],"wp:term":[{"taxonomy":"category","embeddable":true,"href":"https:\/\/www.europesays.com\/es\/wp-json\/wp\/v2\/categories?post=152267"},{"taxonomy":"post_tag","embeddable":true,"href":"https:\/\/www.europesays.com\/es\/wp-json\/wp\/v2\/tags?post=152267"}],"curies":[{"name":"wp","href":"https:\/\/api.w.org\/{rel}","templated":true}]}}