{"id":152270,"date":"2025-10-02T07:59:05","date_gmt":"2025-10-02T07:59:05","guid":{"rendered":"https:\/\/www.europesays.com\/es\/152270\/"},"modified":"2025-10-02T07:59:05","modified_gmt":"2025-10-02T07:59:05","slug":"verstappen-lleva-su-plan-de-remontada-al-circuito-urbano-de-singapur","status":"publish","type":"post","link":"https:\/\/www.europesays.com\/es\/152270\/","title":{"rendered":"Verstappen Lleva Su Plan De Remontada Al Circuito Urbano De Singapur"},"content":{"rendered":"<p data-type=\"paragraph\" data=\"[object Object]\">Despu\u00e9s de ganar los dos \u00faltimos Grandes Premios de F\u00f3rmula 1, en Monza y Bak\u00fa, Max Verstappen tratar\u00e1 de continuar su particular remontada en la general del Mundial con otra victoria en Singapur.<\/p>\n<p data-type=\"paragraph\" data=\"[object Object]\" class=\"emotion-1akm6h5-Paragraph e1e4oisd0\">El objetivo para la estrella neerlandesa est\u00e1 claro: conseguir que el final de temporada no sea un pulso entre los dos McLaren sino que sea una carrera a tres, algo impensable hace apenas unas semanas.<\/p>\n<p data-type=\"paragraph\" data=\"[object Object]\" class=\"emotion-1akm6h5-Paragraph e1e4oisd0\">A pesar de este renacimiento, Verstappen sigue retrasado en la clasificaci\u00f3n, ahora con 255 puntos, a 44 unidades del segundo puesto del brit\u00e1nico Lando Norris y, sobre todo, a 69 unidades del l\u00edder australiano Oscar Piastri.<\/p>\n<p data-type=\"paragraph\" data=\"[object Object]\" class=\"emotion-1akm6h5-Paragraph e1e4oisd0\">El reciente cambio de tendencia en el rumbo del Mundial hace flotar una pregunta en el paddock: \u00bfest\u00e1 a tiempo Verstappen de remontar su desventaja y aspirar al que ser\u00eda su quinto t\u00edtulo mundial consecutivo?<\/p>\n<p data-type=\"paragraph\" data=\"[object Object]\" class=\"emotion-1akm6h5-Paragraph e1e4oisd0\">\u00abB\u00e1sicamente, necesito que todo sea perfecto por mi parte y que me acompa\u00f1e algo la suerte con su parte\u00bb, reconoci\u00f3 Verstappen sobre esta cuesti\u00f3n.<\/p>\n<p data-type=\"paragraph\" data=\"[object Object]\" class=\"emotion-1akm6h5-Paragraph e1e4oisd0\">Por historial, su potencial est\u00e1 fuera de toda duda. Adem\u00e1s de sus cuatro t\u00edtulos mundiales, \u00abMad Max\u00bb acumula 67 victorias en Grandes Premios, lo que demuestra su solidez cuando su monoplaza Red Bull est\u00e1 al nivel necesario, algo que parece darse actualmente.<\/p>\n<p data-type=\"paragraph\" data=\"[object Object]\" class=\"emotion-1akm6h5-Paragraph e1e4oisd0\">Singapur, eso s\u00ed, no le ha sido tradicionalmente favorable.<\/p>\n<p data-type=\"paragraph\" data=\"[object Object]\" class=\"emotion-1akm6h5-Paragraph e1e4oisd0\">El circuito urbano de Marina Bay ofrece unas condiciones particulares tanto en el trazado como en la combinaci\u00f3n de calor y humedad, a lo largo de 62 vueltas que requieren casi dos horas de carrera y donde los pilotos se someten a un alt\u00edsimo grado de exigencia f\u00edsica.<\/p>\n<p data-type=\"paragraph\" data=\"[object Object]\" class=\"emotion-1akm6h5-Paragraph e1e4oisd0\">Pero pese a los precedentes poco halag\u00fce\u00f1os, en Red Bull se ha instalado el optimismo.<\/p>\n<p data-type=\"paragraph\" data=\"[object Object]\" class=\"emotion-1akm6h5-Paragraph e1e4oisd0\">\u00abLa esperanza ha revivido. Bak\u00fa demostr\u00f3 que lo de Monza no hab\u00eda sido una casualidad\u00bb, celebr\u00f3 el veterano asesor de Red Bull Helmut Marko.<\/p>\n<p data-type=\"paragraph\" data=\"[object Object]\" class=\"emotion-1akm6h5-Paragraph e1e4oisd0\">La sesi\u00f3n de clasificaci\u00f3n que determine el orden de la parrilla de salida ser\u00e1 especialmente importante este fin de semana, pero en eso tambi\u00e9n Verstappen cumpli\u00f3 en las dos anteriores citas de este Mundial, ya que logr\u00f3 la pole position tanto en Monza como en Bak\u00fa.<\/p>\n<p data-type=\"paragraph\" data=\"[object Object]\" class=\"emotion-1akm6h5-Paragraph e1e4oisd0\">Hace dos a\u00f1os, Singapur fue la \u00fanica carrera del a\u00f1o en la que Red Bull no pudo ganar y el \u00fanico fin de semana de esa temporada en la que Verstappen no se subi\u00f3 al podio.<\/p>\n<p data-type=\"paragraph\" data=\"[object Object]\" class=\"emotion-1akm6h5-Paragraph e1e4oisd0\">\u00abSiempre hace un calor condenadamente insoportable aqu\u00ed, a nuestro coche eso parece que no le gusta mucho\u00bb, declar\u00f3 Marko a la televisi\u00f3n austr\u00edaca.<\/p>\n<p data-type=\"paragraph\" data=\"[object Object]\" class=\"emotion-1akm6h5-Paragraph e1e4oisd0\">El accidente de Piastri en la \u00faltima carrera en Azerbaiy\u00e1n y el discreto s\u00e9ptimo lugar de Norris hacen que McLaren necesite todav\u00eda 13 puntos en Singapur para asegurar el t\u00edtulo de constructores por segundo a\u00f1o consecutivo.<\/p>\n<p data-type=\"paragraph\" data=\"[object Object]\" class=\"emotion-1akm6h5-Paragraph e1e4oisd0\">Mientras ese t\u00edtulo parece solo una formalidad, la emoci\u00f3n se ha elevado ahora en la lucha por el t\u00edtulo de pilotos y en McLaren desconf\u00edan.<\/p>\n<p data-type=\"paragraph\" data=\"[object Object]\" class=\"emotion-1akm6h5-Paragraph e1e4oisd0\">El director ejecutivo de la escuder\u00eda, Zak Brown, admiti\u00f3 que Verstappen se estaba convirtiendo en \u00abun elemento perturbador\u00bb en lo que parec\u00eda un duelo fratricida entre Piastri y Norris.<\/p>\n<p data-type=\"paragraph\" data=\"[object Object]\" class=\"emotion-1akm6h5-Paragraph e1e4oisd0\">\u00abHay que tener atenci\u00f3n con Max\u00bb, declar\u00f3 Brown.<\/p>\n<p data-type=\"paragraph\" data=\"[object Object]\" class=\"emotion-1akm6h5-Paragraph e1e4oisd0\">\u00abHay que seguir como estabamos haciendo. El campeonatos de constructores es algo muy bueno, ojal\u00e1 podamos conseguirlo ya en Singapur\u00bb, subray\u00f3.<\/p>\n<p data-type=\"paragraph\" data=\"[object Object]\" class=\"emotion-1akm6h5-Paragraph e1e4oisd0\">Desde McLaren insisten en que no habr\u00e1 consignas de equipo para interferir en la batalla por el t\u00edtulo.<\/p>\n<p data-type=\"paragraph\" data=\"[object Object]\" class=\"emotion-1akm6h5-Paragraph e1e4oisd0\">\u00abNos gustar\u00eda sacarle (a Verstappen) de esa pugna. Y luego que gane el mejor. Si es posible, no queremos desempe\u00f1ar ning\u00fan rol en eso, simplemente preparar a Lando y a Oscar para que compitan por el campeonato hasta Abu Dabi\u00bb, apunt\u00f3, en alusi\u00f3n a la \u00faltima carrera de este 2025, programada el 7 de diciembre.<\/p>\n<p data-type=\"paragraph\" data=\"[object Object]\" class=\"emotion-1akm6h5-Paragraph e1e4oisd0\">Incluyendo la cita en Singapur de este fin de semana quedan siete Grandes Premios para ofrecer emociones fuertes a los fan\u00e1ticos de la velocidad.<\/p>\n<p data-type=\"paragraph\" data=\"[object Object]\" class=\"emotion-1akm6h5-Paragraph e1e4oisd0\">dh\/pst\/dr\/mcd\/pm<\/p>\n","protected":false},"excerpt":{"rendered":"Despu\u00e9s de ganar los dos \u00faltimos Grandes Premios de F\u00f3rmula 1, en Monza y Bak\u00fa, Max Verstappen tratar\u00e1&hellip;\n","protected":false},"author":2,"featured_media":123368,"comment_status":"","ping_status":"","sticky":false,"template":"","format":"standard","meta":{"footnotes":""},"categories":[270],"tags":[1400,168,25,24,306,271,272,1070,13142,23,167,116],"class_list":{"0":"post-152270","1":"post","2":"type-post","3":"status-publish","4":"format-standard","5":"has-post-thumbnail","7":"category-formula-1","8":"tag-auto","9":"tag-deportes","10":"tag-es","11":"tag-espana","12":"tag-f1","13":"tag-formula-1","14":"tag-formula1","15":"tag-mundial","16":"tag-sin","17":"tag-spain","18":"tag-sports","19":"tag-synd"},"share_on_mastodon":{"url":"","error":""},"_links":{"self":[{"href":"https:\/\/www.europesays.com\/es\/wp-json\/wp\/v2\/posts\/152270","targetHints":{"allow":["GET"]}}],"collection":[{"href":"https:\/\/www.europesays.com\/es\/wp-json\/wp\/v2\/posts"}],"about":[{"href":"https:\/\/www.europesays.com\/es\/wp-json\/wp\/v2\/types\/post"}],"author":[{"embeddable":true,"href":"https:\/\/www.europesays.com\/es\/wp-json\/wp\/v2\/users\/2"}],"replies":[{"embeddable":true,"href":"https:\/\/www.europesays.com\/es\/wp-json\/wp\/v2\/comments?post=152270"}],"version-history":[{"count":0,"href":"https:\/\/www.europesays.com\/es\/wp-json\/wp\/v2\/posts\/152270\/revisions"}],"wp:featuredmedia":[{"embeddable":true,"href":"https:\/\/www.europesays.com\/es\/wp-json\/wp\/v2\/media\/123368"}],"wp:attachment":[{"href":"https:\/\/www.europesays.com\/es\/wp-json\/wp\/v2\/media?parent=152270"}],"wp:term":[{"taxonomy":"category","embeddable":true,"href":"https:\/\/www.europesays.com\/es\/wp-json\/wp\/v2\/categories?post=152270"},{"taxonomy":"post_tag","embeddable":true,"href":"https:\/\/www.europesays.com\/es\/wp-json\/wp\/v2\/tags?post=152270"}],"curies":[{"name":"wp","href":"https:\/\/api.w.org\/{rel}","templated":true}]}}