{"id":152277,"date":"2025-10-02T08:03:21","date_gmt":"2025-10-02T08:03:21","guid":{"rendered":"https:\/\/www.europesays.com\/es\/152277\/"},"modified":"2025-10-02T08:03:21","modified_gmt":"2025-10-02T08:03:21","slug":"la-calle-de-los-diez-graffitis","status":"publish","type":"post","link":"https:\/\/www.europesays.com\/es\/152277\/","title":{"rendered":"La calle de los diez graffitis"},"content":{"rendered":"<p>Adri\u00e1n Mateo iba para maestro de Primaria, pero se qued\u00f3 en el camino. Estaba de pr\u00e1cticas en un colegio cuando naci\u00f3 &#8216;Dridali&#8217;, que as\u00ed es  &#8230; como se le conoce en el mundo del arte urbano. \u00abEs una vocaci\u00f3n que descubr\u00ed por casualidad, gracias a un profesor\u00bb, comenta el joven de 30 a\u00f1os. Y porque en esas pr\u00e1cticas, en un centro escolar de San Marcelino, invit\u00f3 para una actividad a Duque_103, grafitero y amigo suyo. \u00abSe me despert\u00f3 esa pasi\u00f3n, hice mi primer mural\u2026 y ahora puedo decir que esta es mi primera actividad profesional\u00bb, comenta.<\/p>\n<p class=\"v-p\">Dridali, o Adri\u00e1n Mateo, ser\u00e1 la representaci\u00f3n valenciana de la Liga Nacional del Graffiti, evento que naci\u00f3 en 2019 y que desembarca por primera vez en la capital del Turia. \u00abLa idea surgi\u00f3 como un modo de acercar el arte urbano al gran p\u00fablico, que no s\u00f3lo se quede en el mundo underground\u00bb, explica Joseba Fern\u00e1ndez, CEO de esta competici\u00f3n, aunque los propios protagonistas prefieren no denominarla de este modo. \u00abPara m\u00ed es una reuni\u00f3n con amigos, con gente con la que comparto experiencias e inquietudes con la pintura\u00bb, precisa Dridali, que a\u00f1ade: \u00abClaro que es un motivo de orgullo que todas esas personas vayan a venir a mi ciudad\u00bb.<\/p>\n<p>Adri\u00e1n Mateo &#8216;Dridali&#8217; trabajando en un mural y, abajo, dos de sus composiciones.<\/p>\n<p>FOTOS CEDIDAS POR ADRI\u00c1N MATEO<\/p>\n<p><img decoding=\"async\" loading=\"lazy\" src=\"https:\/\/www.europesays.com\/es\/wp-content\/uploads\/2025\/10\/IMG_7986-U48414075835ITB-1200x841@Las Provincias.jpg\" class=\"v-mdl__img-z\" width=\"1200\" height=\"841\" alt=\"Imagen principal - Adri\u00e1n Mateo 'Dridali' trabajando en un mural y, abajo, dos de sus composiciones.\"\/><\/p>\n<p><img decoding=\"async\" loading=\"lazy\" src=\"https:\/\/www.europesays.com\/es\/wp-content\/uploads\/2025\/10\/Dridaliuno-U30628080413sCF-1200x851@Las Provincias.jpg\" class=\"v-mdl__img-z\" width=\"1200\" height=\"851\" alt=\"Imagen secundaria 1 - Adri\u00e1n Mateo 'Dridali' trabajando en un mural y, abajo, dos de sus composiciones.\"\/><\/p>\n<p><img decoding=\"async\" loading=\"lazy\" src=\"https:\/\/s1.ppllstatics.com\/lasprovincias\/www\/multimedia\/2025\/10\/01\/Dridalidos-U85172808036Wgc-711x841@Las%20Provincias.jpg\" class=\"v-mdl__img-z\" width=\"711\" height=\"841\" alt=\"Imagen secundaria 2 - Adri\u00e1n Mateo 'Dridali' trabajando en un mural y, abajo, dos de sus composiciones.\"\/><\/p>\n<p class=\"v-p\">A la calle Pepita Samper, una v\u00eda peatonal del barrio de Monteolivete donde se dar\u00e1n cita 10 de los mejores grafiteros de Espa\u00f1a. Estos artistas han sido elegidos de los 25 que participan en la primera categor\u00eda (que luego hay una divisi\u00f3n Silver y, claro est\u00e1, ascensos y descensos en cada temporada). \u00abUnos d\u00edas antes de cada jornada se celebra una especie de previa, donde cada uno muestra su mural en redes sociales. Los elegidos salen de la decisi\u00f3n del jurado y de los votos de la gente por internet\u00bb, precisa Joseba Fern\u00e1ndez.<\/p>\n<p class=\"v-p\">Todo est\u00e1 preparado. Operarios estaban ultimando este mi\u00e9rcoles la pared donde trabajar\u00e1n estos artistas desde el viernes. Para ese d\u00eda est\u00e1 previsto un taller dirigido a los alumnos del colegio Balmes. La competici\u00f3n o reuni\u00f3n de artistas arrancar\u00e1 el mismo viernes para proseguir durante el s\u00e1bado, y el domingo por la ma\u00f1ana tendr\u00e1 lugar la entrega de premios. <\/p>\n<p class=\"v-p\">Para Adri\u00e1n Mateo, este evento es una oportunidad de mostrar a los valencianos y a sus compa\u00f1eros de profesi\u00f3n, o de modo de vida, el porqu\u00e9 de su pasi\u00f3n por el arte urbano. La raz\u00f3n por la que le apasiona el trabajo realizado en San Lorenzo de la Parrilla (Cuenca), un museo al aire libre de 1.000 metros cuadrados: \u00abEs el primero que recoge la historia del arte pict\u00f3rico espa\u00f1ol, desde Altamira hasta el vanguardista\u00bb.<\/p>\n<p><a href=\"http:\/\/www.lasprovincias.es\/safor\/gandia-inaugura-mural-grande-comunitat-20241211104007-nt.html#vtm_modulosEngag=mod-rel:culturas:noticia:1:cmp:1-not\" class=\"v-a-link\" aria-label=\"Imagen\" rel=\"nofollow noopener\" target=\"_blank\"><\/p>\n<p><img decoding=\"async\" loading=\"lazy\" src=\"https:\/\/www.europesays.com\/es\/wp-content\/uploads\/2025\/10\/_AO_1793 copia.jpg\" class=\"v-a-img\" width=\"258\" height=\"180\" alt=\"\" data-voc-vtm-id=\"in-text-traffic\"\/><\/p>\n<p><\/a><\/p>\n<p class=\"v-p\">Este fin de semana, en Valencia, a escasos metros de su taller, Adri\u00e1n Mateo tiene claro lo que va a mostrar al mundo. \u00abQuer\u00eda rendir un homenaje a alguien importante en el flamenco y que es de esta ciudad. Voy a hacer un mural de Parrita, que adem\u00e1s falleci\u00f3 recientemente y que actu\u00f3 con Paco de Luc\u00eda, con Camar\u00f3n\u2026 con los mejores\u00bb, se\u00f1ala Adri\u00e1n Mateo. <\/p>\n<p class=\"v-p\">Su arte, junto al de otros nueve compa\u00f1eros, quedar\u00e1 para la posteridad en el barrio de Monteolivete. Igual que ha conseguido convertir en eterno el mural que impuls\u00f3 en compa\u00f1\u00eda de otro artista, Furyo, en Picanya, a los seis meses de la dana. \u00ab\u00c9l se hab\u00eda visto afectado y tuvimos la necesidad de realizar ese trabajo. No por representar el sufrimiento, sino la lucha del pueblo\u00bb, explica. Ahora esa obra va a poder ser difundida y explicada en un documental (\u00ablo hicimos de forma altruista y conseguimos nosotros la financiaci\u00f3n para este proyecto audiovisual\u00bb), que se va a proyectar en salas de Madrid. \u00bfY en Valencia? Eso est\u00e1 por ver. De momento, lo que se va a poder disfrutar en la capital del Turia es del arte de diez de los m\u00e1s virtuosos de la pintura a spray.<\/p>\n","protected":false},"excerpt":{"rendered":"Adri\u00e1n Mateo iba para maestro de Primaria, pero se qued\u00f3 en el camino. Estaba de pr\u00e1cticas en un&hellip;\n","protected":false},"author":2,"featured_media":152278,"comment_status":"","ping_status":"","sticky":false,"template":"","format":"standard","meta":{"footnotes":""},"categories":[173],"tags":[229,233,231,230,385,34950,232,234,146,147,25,24,20065,23,1436],"class_list":{"0":"post-152277","1":"post","2":"type-post","3":"status-publish","4":"format-standard","5":"has-post-thumbnail","7":"category-arte-y-diseno","8":"tag-arte","9":"tag-arte-y-diseno","10":"tag-arts","11":"tag-arts-and-design","12":"tag-casa","13":"tag-compite","14":"tag-design","15":"tag-diseno","16":"tag-entertainment","17":"tag-entretenimiento","18":"tag-es","19":"tag-espana","20":"tag-maestro","21":"tag-spain","22":"tag-urbano"},"share_on_mastodon":{"url":"","error":""},"_links":{"self":[{"href":"https:\/\/www.europesays.com\/es\/wp-json\/wp\/v2\/posts\/152277","targetHints":{"allow":["GET"]}}],"collection":[{"href":"https:\/\/www.europesays.com\/es\/wp-json\/wp\/v2\/posts"}],"about":[{"href":"https:\/\/www.europesays.com\/es\/wp-json\/wp\/v2\/types\/post"}],"author":[{"embeddable":true,"href":"https:\/\/www.europesays.com\/es\/wp-json\/wp\/v2\/users\/2"}],"replies":[{"embeddable":true,"href":"https:\/\/www.europesays.com\/es\/wp-json\/wp\/v2\/comments?post=152277"}],"version-history":[{"count":0,"href":"https:\/\/www.europesays.com\/es\/wp-json\/wp\/v2\/posts\/152277\/revisions"}],"wp:featuredmedia":[{"embeddable":true,"href":"https:\/\/www.europesays.com\/es\/wp-json\/wp\/v2\/media\/152278"}],"wp:attachment":[{"href":"https:\/\/www.europesays.com\/es\/wp-json\/wp\/v2\/media?parent=152277"}],"wp:term":[{"taxonomy":"category","embeddable":true,"href":"https:\/\/www.europesays.com\/es\/wp-json\/wp\/v2\/categories?post=152277"},{"taxonomy":"post_tag","embeddable":true,"href":"https:\/\/www.europesays.com\/es\/wp-json\/wp\/v2\/tags?post=152277"}],"curies":[{"name":"wp","href":"https:\/\/api.w.org\/{rel}","templated":true}]}}