{"id":152283,"date":"2025-10-02T08:06:12","date_gmt":"2025-10-02T08:06:12","guid":{"rendered":"https:\/\/www.europesays.com\/es\/152283\/"},"modified":"2025-10-02T08:06:12","modified_gmt":"2025-10-02T08:06:12","slug":"180-grados-nina-polaca-westerman-my-morning-jacket-y-elyella-ft-merino","status":"publish","type":"post","link":"https:\/\/www.europesays.com\/es\/152283\/","title":{"rendered":"180 grados &#8211; Ni\u00f1a Polaca, Westerman, My Morning Jacket y ELYELLA ft MERINO"},"content":{"rendered":"<p>Estamos de estreno con Ni\u00f1a Polaca, que vuelve a publicar nuevo material, dos a\u00f1os despu\u00e9s de \u00abQue adoren tus huesos\u201d. Se trata de \u00abSuena ABBA Cuando Enciendes El Motor\u00bb y suena, cruda, directa, emocional, un sonido menos editado, m\u00e1s puro, que conecta con la preocupaci\u00f3n existencial de toda una generaci\u00f3n entre los 15 y los 45 a\u00f1os. Es la evoluci\u00f3n sonora de Ni\u00f1a Polaca y habla del miedo colectivo hacia el futuro. Es el principio del nuevo viaje de Ni\u00f1a Polaca, como nos ha contado, en directo, el propio Surma, que ha presentado la canci\u00f3n -estreno tambi\u00e9n en Turbo 3, con Julio R\u00f3denas-. Aparte, avanzamos \u00abMuchas Vidas Por Vivir\u00bb, otra de las canciones de EYELLA para su segundo \u00e1lbum, en esta ocasi\u00f3n, junto a Merino y escuchamos lo nuevo de Westerman, My Morning Jacket, Jodana, Ella Eyre, The Charlatans, Lakeith Stanfield Ft. Kid Cudi y una in\u00e9dita de T. Rex, \u00abI&#8217;m Dazed\u00bb. <\/p>\n<p>WESTERMAN &#8211; About Leaving<\/p>\n<p>MY MORNING JACKET &#8211; The Devil\u2019s Peanut Butter<\/p>\n<p>MILES KANE &#8211; Electric Flower<\/p>\n<p>STEVIE WONDER &#8211; Superstition<\/p>\n<p>T. REX &#8211; I&#8217;m Dazed<\/p>\n<p>MELODY&#8217;S ECHO CHAMBER &#8211; In The Stars<\/p>\n<p>ELLA EYRE &#8211; Hell Yeah<\/p>\n<p>ONA MAFALDA &#8211; Rolling<\/p>\n<p>THE CHARLATANS &#8211; Deeper and Deeper<\/p>\n<p>JORDANA &#8211;  Like That<\/p>\n<p>ELYELLA, MERINO &#8211; Muchas Vidas Por Vivir<\/p>\n<p>LAKEITH STANFIELD ft. KID CUDI &#8211; Fast Life<\/p>\n<p>NI\u00d1A POLACA &#8211; Travieso<\/p>\n<p>NI\u00d1A POLACA &#8211; Suena ABBA Cuando Enciendes El Motor<\/p>\n<p>LA M.O.D.A. &#8211; La Vida En Rosa<\/p>\n","protected":false},"excerpt":{"rendered":"Estamos de estreno con Ni\u00f1a Polaca, que vuelve a publicar nuevo material, dos a\u00f1os despu\u00e9s de \u00abQue adoren&hellip;\n","protected":false},"author":2,"featured_media":152284,"comment_status":"","ping_status":"","sticky":false,"template":"","format":"standard","meta":{"footnotes":""},"categories":[170],"tags":[46052,146,147,25,24,184,185,46055,46053,133,1448,1986,1987,23,46054],"class_list":{"0":"post-152283","1":"post","2":"type-post","3":"status-publish","4":"format-standard","5":"has-post-thumbnail","7":"category-musica","8":"tag-180-grados","9":"tag-entertainment","10":"tag-entretenimiento","11":"tag-es","12":"tag-espana","13":"tag-music","14":"tag-musica","15":"tag-my-morning-jacket-y-elyella-ft-merino","16":"tag-nina-polaca","17":"tag-online","18":"tag-radio","19":"tag-rne","20":"tag-rtve-play","21":"tag-spain","22":"tag-westerman"},"share_on_mastodon":{"url":"","error":""},"_links":{"self":[{"href":"https:\/\/www.europesays.com\/es\/wp-json\/wp\/v2\/posts\/152283","targetHints":{"allow":["GET"]}}],"collection":[{"href":"https:\/\/www.europesays.com\/es\/wp-json\/wp\/v2\/posts"}],"about":[{"href":"https:\/\/www.europesays.com\/es\/wp-json\/wp\/v2\/types\/post"}],"author":[{"embeddable":true,"href":"https:\/\/www.europesays.com\/es\/wp-json\/wp\/v2\/users\/2"}],"replies":[{"embeddable":true,"href":"https:\/\/www.europesays.com\/es\/wp-json\/wp\/v2\/comments?post=152283"}],"version-history":[{"count":0,"href":"https:\/\/www.europesays.com\/es\/wp-json\/wp\/v2\/posts\/152283\/revisions"}],"wp:featuredmedia":[{"embeddable":true,"href":"https:\/\/www.europesays.com\/es\/wp-json\/wp\/v2\/media\/152284"}],"wp:attachment":[{"href":"https:\/\/www.europesays.com\/es\/wp-json\/wp\/v2\/media?parent=152283"}],"wp:term":[{"taxonomy":"category","embeddable":true,"href":"https:\/\/www.europesays.com\/es\/wp-json\/wp\/v2\/categories?post=152283"},{"taxonomy":"post_tag","embeddable":true,"href":"https:\/\/www.europesays.com\/es\/wp-json\/wp\/v2\/tags?post=152283"}],"curies":[{"name":"wp","href":"https:\/\/api.w.org\/{rel}","templated":true}]}}