{"id":152296,"date":"2025-10-02T08:14:10","date_gmt":"2025-10-02T08:14:10","guid":{"rendered":"https:\/\/www.europesays.com\/es\/152296\/"},"modified":"2025-10-02T08:14:10","modified_gmt":"2025-10-02T08:14:10","slug":"puerto-lumbreras-disfrutara-de-la-feria-de-dia-mas-numerosa-con-36-conciertos-en-14-bares-y-restaurantes-del-municipio","status":"publish","type":"post","link":"https:\/\/www.europesays.com\/es\/152296\/","title":{"rendered":"Puerto Lumbreras disfrutar\u00e1 de la Feria de D\u00eda m\u00e1s numerosa con 36 conciertos en 14 bares y restaurantes del municipio"},"content":{"rendered":"<p>Del 3 al 7 de octubre, el Ayuntamiento de Puerto Lumbreras en colaboraci\u00f3n con Hostelum, Aseplu y la C\u00e1mara de Comercio ha organizado un modelo de Feria de D\u00eda con m\u00fasica en directo y la mejor gastronom\u00eda<\/p>\n<p><strong>2 de octubre de 2025.<\/strong><strong> La alcaldesa<\/strong> de Puerto Lumbreras, Mar\u00eda de los \u00c1ngeles T\u00fanez, la segunda teniente de alcalde y concejal de Comercio, Jermary Reinaldos, han presentado la Feria de D\u00eda 2025 junto a representantes de ASEPLU y de los establecimientos hosteleros participantes.<\/p>\n<p>T\u00fanez ha explicado que \u201ccon la llegada de las Fiestas Patronales vuelve, tambi\u00e9n, uno de los eventos m\u00e1s multitudinarios de nuestros festejos, la Feria de D\u00eda. Cinco d\u00edas en los que podremos disfrutar de m\u00fasica en directo en 14 bares y restaurantes de nuestro municipio gracias a la apuesta del Ayuntamiento para animar las tardes de feria junto a nuestros establecimientos hosteleros\u201d.<\/p>\n<p>\u201cDesde el Ayuntamiento de Puerto Lumbreras hemos preparado una Feria de D\u00eda din\u00e1mica y ampliada con respecto al a\u00f1o pasado. Debido al gran \u00e9xito del modelo de feria del a\u00f1o pasado, esta edici\u00f3n, incrementamos el n\u00famero de actuaciones musicales hasta los 36 conciertos repartidos en cinco d\u00edas, del 3 al 7 de octubre, y en diferentes puntos del municipio, dando as\u00ed oportunidad a todos los bares y restaurantes y no solo los situados pr\u00f3ximos al recinto ferial\u201d.<\/p>\n<p><img loading=\"lazy\" decoding=\"async\" width=\"1024\" height=\"940\" src=\"https:\/\/www.europesays.com\/es\/wp-content\/uploads\/2025\/10\/Mapa-Bares-Fiestas-2025-Conciertos-1024x940.jpg\" alt=\"\" class=\"wp-image-36236\" style=\"width:482px;height:auto\"  \/><\/p>\n<p>La Primera edil ha especificado que \u201clas actuaciones, que se iniciar\u00e1n a las 17:00 horas, ser\u00e1n en Arrea Food, La Gasolinera, Malafama, La Cueva de la Sultana, Manhattan, Lomas Bar, El Parque, Como Dice el Dicho, Encuentro T\u00edpico, Avenida, La Posada, Bar Eva, Texas Bar, Carpa Municipal\u201d.<\/p>\n<p>\u201cLos conciertos comenzar\u00e1n este viernes, 3 de octubre, con las actuaciones de Norte Perdido en Arrea Food, Son de Barrio en La Gasolinera, Aire Flamenco y DJ Iv\u00e1n Belmonte en Mala Fama, Sesi\u00f3n Dj en La Cueva de la Sultana y Manhattan, Humareda en Lomas Bar, Los Meraki en El Parque, Fiesta tem\u00e1tica en Como Dice el Dicho, Dj Patudo en Encuentro T\u00edpico, Por un pu\u00f1ado de tercios y DJ Sami en Avenida y Sangre Flamenca en la Caseta Municipal. Y, el d\u00eda 4, disfrutaremos de la m\u00fasica en directo de Dj Grafo en Lomas Bar, Almoraima en La Gasolinera, DJ Patudo en Encuentro T\u00edpico, los DJs Jos\u00e9 Zarpi y Juanky en Mala Fama y DJ Olivares en Avenida\u201d.<\/p>\n<p>T\u00fanez Garc\u00eda ha indicado que \u201cel 5 de octubre ser\u00e1 el turno de Por un pu\u00f1ado de tercios en El Parque, David Santiago en La Gasolinera, Son de Barrio en Lomas Bar, Vinilos en Arrea Food, Derrumbados en Bar Eva, Supers\u00f3nicos en La Posada, Kalique\u00f1os y DJ Sami en Mala Fama, DJ Patudo en Encuentro T\u00edpico, Ellos Rock en Avenida y Humareda en la Caseta Municipal. El lunes, 6 de octubre, actuar\u00e1 Essencial Rock Trio en Texas Bar, DJ Juanki en Mala Fama y Dj Olivares en Avenida y el 7 de octubre Essencial Rock Trio en Avenida, D\u00fao Enredados de Lomas Bar y DJ Juanki en Mala Fama\u201d.<\/p>\n<p>La alcaldesa de Puerto Lumbreras ha destacado que \u201cuna vez m\u00e1s, apostamos por el talente emergente de nuestro municipio, ya que las actuaciones que tendr\u00e1n lugar en la Caseta Municipal durante la Feria de D\u00eda ser\u00e1n dos grupos de j\u00f3venes lumbrerenses, Sangre Flamenca y Humareda, y DJ locales\u201d.<\/p>\n<p>\u201cSe trata de un modelo de Feria de D\u00eda que se consolida en Puerto Lumbreras, un programa multitudinario tanto de establecimientos participantes como de afluencia de p\u00fablico que reafirma el \u00e9xito de la iniciativa impulsada desde el Ayuntamiento en colaboraci\u00f3n con la Asociaci\u00f3n de Hosteleros de Puerto Lumbreras, Hostelum; Aseplu; C\u00e1mara de Comercio de Lorca y Puerto Lumbreras y, en la que colabora Estrella de Levante, como todos los a\u00f1os\u201d.<\/p>\n<p>Por \u00faltimo, Mar\u00eda de los \u00c1ngeles T\u00fanez ha querido \u201cinvitar a todos los lumbrerenses, y a quienes nos visiten estos d\u00edas de fiestas, a disfrutar de la mejor gastronom\u00eda en los bares y restaurantes de nuestro municipio que ofertar\u00e1n una amplia variedad de productos t\u00edpicos y de calidad acompa\u00f1ados de buena m\u00fasica, con actuaciones en directo, que amenizar\u00e1n las tardes del 3 al 7 de octubre\u201d.<\/p>\n","protected":false},"excerpt":{"rendered":"Del 3 al 7 de octubre, el Ayuntamiento de Puerto Lumbreras en colaboraci\u00f3n con Hostelum, Aseplu y la&hellip;\n","protected":false},"author":2,"featured_media":152297,"comment_status":"","ping_status":"","sticky":false,"template":"","format":"standard","meta":{"footnotes":""},"categories":[8],"tags":[17,18,25,24,13,14,11,19,20,9,10,15,16,23,12,21,22],"class_list":{"0":"post-152296","1":"post","2":"type-post","3":"status-publish","4":"format-standard","5":"has-post-thumbnail","7":"category-espana","8":"tag-breaking-news","9":"tag-breakingnews","10":"tag-es","11":"tag-espana","12":"tag-featured-news","13":"tag-featurednews","14":"tag-headlines","15":"tag-latest-news","16":"tag-latestnews","17":"tag-news","18":"tag-noticias","19":"tag-noticias-destacadas","20":"tag-noticiasdestacadas","21":"tag-spain","22":"tag-titulares","23":"tag-ultimas-noticias","24":"tag-ultimasnoticias"},"share_on_mastodon":{"url":"","error":""},"_links":{"self":[{"href":"https:\/\/www.europesays.com\/es\/wp-json\/wp\/v2\/posts\/152296","targetHints":{"allow":["GET"]}}],"collection":[{"href":"https:\/\/www.europesays.com\/es\/wp-json\/wp\/v2\/posts"}],"about":[{"href":"https:\/\/www.europesays.com\/es\/wp-json\/wp\/v2\/types\/post"}],"author":[{"embeddable":true,"href":"https:\/\/www.europesays.com\/es\/wp-json\/wp\/v2\/users\/2"}],"replies":[{"embeddable":true,"href":"https:\/\/www.europesays.com\/es\/wp-json\/wp\/v2\/comments?post=152296"}],"version-history":[{"count":0,"href":"https:\/\/www.europesays.com\/es\/wp-json\/wp\/v2\/posts\/152296\/revisions"}],"wp:featuredmedia":[{"embeddable":true,"href":"https:\/\/www.europesays.com\/es\/wp-json\/wp\/v2\/media\/152297"}],"wp:attachment":[{"href":"https:\/\/www.europesays.com\/es\/wp-json\/wp\/v2\/media?parent=152296"}],"wp:term":[{"taxonomy":"category","embeddable":true,"href":"https:\/\/www.europesays.com\/es\/wp-json\/wp\/v2\/categories?post=152296"},{"taxonomy":"post_tag","embeddable":true,"href":"https:\/\/www.europesays.com\/es\/wp-json\/wp\/v2\/tags?post=152296"}],"curies":[{"name":"wp","href":"https:\/\/api.w.org\/{rel}","templated":true}]}}