{"id":152298,"date":"2025-10-02T08:15:11","date_gmt":"2025-10-02T08:15:11","guid":{"rendered":"https:\/\/www.europesays.com\/es\/152298\/"},"modified":"2025-10-02T08:15:11","modified_gmt":"2025-10-02T08:15:11","slug":"la-afiliacion-a-la-seguridad-social-supera-los-217-millones-de-afiliados-en-uno-de-los-mejores-septiembres-de-la-serie-historica","status":"publish","type":"post","link":"https:\/\/www.europesays.com\/es\/152298\/","title":{"rendered":"La afiliaci\u00f3n a la Seguridad Social supera los 21,7 millones de afiliados en uno de los mejores septiembres de la serie hist\u00f3rica"},"content":{"rendered":"<p>El mercado laboral supera los 21,7 millones de afiliados en uno de los mejores meses de septiembre de la serie hist\u00f3rica. Se han registrado 56.700 ocupados m\u00e1s que en el mes anterior, si descontamos la estacionalidad y el efecto calendario. Este crecimiento ha sido del 0,3%, hasta alcanzar los 21.728.949 ocupados, lo que sit\u00faa a esta serie en m\u00e1ximos hist\u00f3ricos.<\/p>\n<p>Esta cifra supera los 1,92 millones de afiliados m\u00e1s desde diciembre de 2021, antes de la entrada en vigor de la reforma laboral.<\/p>\n<p><img decoding=\"async\" src=\"https:\/\/www.europesays.com\/es\/wp-content\/uploads\/2025\/10\/021025-afiliacion-seguridad-social.jpg\" alt=\"Datos de afiliaci\u00f3n en septiembre \" title=\"Datos de afiliaci\u00f3n en septiembre \"\/><\/p>\n<p>La afiliaci\u00f3n media (serie original) tambi\u00e9n se acerca a los 21,7 millones de afiliados, con una cifra de 21.697.665. En el \u00faltimo a\u00f1o, hay 499.459 afiliados m\u00e1s. En comparaci\u00f3n con el pasado mes de agosto, suponen 31.462 afiliados m\u00e1s, lo que evidencia uno de los mejores comportamientos en este mes (solo se ha superado en 2020 y 2021) desde que se crearon los registros en 2002.<\/p>\n<p>Entre los d\u00edas 22 y 29 de septiembre, los registros de afiliaci\u00f3n diaria se han mantenido otra vez por encima de los 21,8 millones.<\/p>\n<p>\u00abUn mes m\u00e1s los datos ratifican la fortaleza del mercado de trabajo en Espa\u00f1a y confirman que las reformas han sido y siguen siendo eficaces. Si comparamos los resultados con 2019, vemos que hay muchos m\u00e1s trabajadores, 2,3 millones m\u00e1s, y que las bases de cotizaci\u00f3n han crecido un 23,4% de media en el R\u00e9gimen General. Desde la reforma laboral de 2021 hay 4 millones m\u00e1s de trabajadores con contrato indefinido\u00bb, explica la ministra de Inclusi\u00f3n, Seguridad Social y Migraciones, Elma Saiz.<\/p>\n<p>J\u00f3venes y mujeres<\/p>\n<p><img decoding=\"async\" src=\"https:\/\/www.europesays.com\/es\/wp-content\/uploads\/2025\/10\/021025-afiliacion-seguridad-social2.jpg\" alt=\"Datos de afiliaci\u00f3n en septiembre \" title=\"Datos de afiliaci\u00f3n en septiembre \"\/><\/p>\n<p>La afiliaci\u00f3n crece, especialmente, entre los menores de 30 a\u00f1os y los mayores de 55. La ocupaci\u00f3n de los j\u00f3venes ha aumentado un 24,3% y la de los mayores un 23,3% desde antes de la reforma laboral, m\u00e1s del doble del crecimiento medio del empleo que ha sido del 11,1% en este periodo.<\/p>\n<p>Por otro lado, el n\u00famero de mujeres afiliadas a la Seguridad Social contin\u00faa en cifras hist\u00f3ricamente altas, con 10.234.627. La mejor\u00eda en el empleo entre las mujeres es del 12,6% desde antes de la reforma laboral, 2,8 puntos m\u00e1s alta que la de los hombres.<\/p>\n<p>Sectores altamente productivos<\/p>\n<p>En los \u00faltimos doce meses, han sumado afiliados la inmensa mayor\u00eda de los sectores del R\u00e9gimen General. Este incremento es todav\u00eda m\u00e1s significativo en Transporte y Almacenamiento (+8,2%), Agricultura, Ganader\u00eda, Caza, Silvicultura y Pesca (+5,8%), Actividades Art\u00edsticas, Recreativas y de Entretenimiento (+4,6%), Educaci\u00f3n (+4,5%), Suministro de Agua (+4,5%), Construcci\u00f3n (+4,2%), Actividades Inmobiliarias (+3,9%) y Actividades Profesionales Cient\u00edficas y T\u00e9cnicas (+3,3%).<\/p>\n<p>Por edades, las actividades de alto valor a\u00f1adido, como Informaci\u00f3n y Comunicaciones y Cient\u00edfico-T\u00e9cnicas, se encuentran entre las cinco primeras con una presencia significativa de j\u00f3venes, con crecimientos superiores al 29% desde 2021, m\u00e1s de 3 puntos porcentuales por encima de la media.<\/p>\n<p>Aut\u00f3nomos<\/p>\n<p>Por su parte, el n\u00famero de trabajadores aut\u00f3nomos se mantiene en cifras r\u00e9cord, por encima de los 3,4 millones (RETA y SETA), con 3.413.292 trabajadores por cuenta propia, 36.212 m\u00e1s que hace un a\u00f1o, lo que supone un crecimiento del 1,07%.<\/p>\n<p><img decoding=\"async\" src=\"https:\/\/www.europesays.com\/es\/wp-content\/uploads\/2025\/10\/021025-afiliacion-seguridad-social3.jpg\" alt=\"Datos de afiliaci\u00f3n en septiembre \" title=\"Datos de afiliaci\u00f3n en septiembre \"\/><\/p>\n<p>Desde septiembre de 2024, la afiliaci\u00f3n de trabajadores por cuenta propia en los sectores de Informaci\u00f3n y Comunicaciones y Actividades Profesionales, Cient\u00edficas y T\u00e9cnicas ha incrementado en un 10,4% y 4,7%, respectivamente. Suman m\u00e1s de 24.324 nuevos aut\u00f3nomos entre los dos, es decir, estos sectores agrupan el 67% del empleo creado en este R\u00e9gimen Especial de Trabajadores Aut\u00f3nomos en el \u00faltimo a\u00f1o.<\/p>\n<p>Mayor crecimiento del empleo que los pa\u00edses de nuestro entorno <\/p>\n<p>El empleo en Espa\u00f1a (+9,9%) sigue creciendo a un ritmo superior al de otras econom\u00edas europeas (Italia, +6%; Francia, +2%; Alemania, +1,5%), con referencia a datos de finales de 2021, antes de la entrada en vigor de la reforma laboral.<\/p>\n<p><img decoding=\"async\" src=\"https:\/\/www.europesays.com\/es\/wp-content\/uploads\/2025\/10\/021025-afiliacion-seguridad-social4.jpg\" alt=\"Datos de afiliaci\u00f3n en septiembre \" title=\"Datos de afiliaci\u00f3n en septiembre \"\/><\/p>\n<p>En cuanto a la calidad del empleo, desde el arranque de la reforma laboral, hay 4 millones de trabajadores m\u00e1s con contrato indefinido, lo que supone un incremento del 36,9% desde diciembre de 2021.<\/p>\n<p>El peso de los trabajadores temporales se encuentra en el 12,6%, frente al 30,8% que supon\u00eda en 2018. Esta mejor\u00eda es a\u00fan m\u00e1s destacable entre los trabajadores menores de 30 a\u00f1os, que tienen una tasa de temporalidad del 21,3% cuando hace siete a\u00f1os ten\u00edan una superior al 54,7%.<\/p>\n<p>Bases medias<\/p>\n<p>La evoluci\u00f3n favorable del empleo desde los a\u00f1os de la pandemia ha estado acompa\u00f1ada de una mejora en las bases de cotizaci\u00f3n del R\u00e9gimen General de la Seguridad Social, en la que est\u00e1n encuadrados 18.219.536 trabajadores, el 84% de los afiliados.<\/p>\n<p>La base media de cotizaci\u00f3n se situ\u00f3 en mayo, \u00faltimo dato disponible, en 2.269 euros mensuales en los asalariados del R\u00e9gimen General. En concreto, las actividades vinculadas con el Suministro de Energ\u00eda, Informaci\u00f3n y Comunicaciones y Actividades Financieras y de Seguros son las que tienen una base media m\u00e1s alta, por encima de los 3.000 euros mensuales.<\/p>\n<p><img decoding=\"async\" src=\"https:\/\/www.europesays.com\/es\/wp-content\/uploads\/2025\/10\/021025-afiliacion-seguridad-social5.jpg\" alt=\"Datos de afiliaci\u00f3n en septiembre \" title=\"Datos de afiliaci\u00f3n en septiembre \"\/><\/p>\n<p>Las bases de cotizaci\u00f3n han crecido especialmente entre los m\u00e1s j\u00f3venes. De hecho, desde 2019, a\u00f1o previo a la pandemia, la base media de cotizaci\u00f3n de los menores de 30 a\u00f1os ha aumentado 8,5 puntos porcentuales por encima de la media.<\/p>\n","protected":false},"excerpt":{"rendered":"El mercado laboral supera los 21,7 millones de afiliados en uno de los mejores meses de septiembre de&hellip;\n","protected":false},"author":2,"featured_media":152299,"comment_status":"","ping_status":"","sticky":false,"template":"","format":"standard","meta":{"footnotes":""},"categories":[5],"tags":[17,18,25,24,13,14,11,19,20,9,10,15,16,23,12,21,22],"class_list":{"0":"post-152298","1":"post","2":"type-post","3":"status-publish","4":"format-standard","5":"has-post-thumbnail","7":"category-titulares","8":"tag-breaking-news","9":"tag-breakingnews","10":"tag-es","11":"tag-espana","12":"tag-featured-news","13":"tag-featurednews","14":"tag-headlines","15":"tag-latest-news","16":"tag-latestnews","17":"tag-news","18":"tag-noticias","19":"tag-noticias-destacadas","20":"tag-noticiasdestacadas","21":"tag-spain","22":"tag-titulares","23":"tag-ultimas-noticias","24":"tag-ultimasnoticias"},"share_on_mastodon":{"url":"","error":""},"_links":{"self":[{"href":"https:\/\/www.europesays.com\/es\/wp-json\/wp\/v2\/posts\/152298","targetHints":{"allow":["GET"]}}],"collection":[{"href":"https:\/\/www.europesays.com\/es\/wp-json\/wp\/v2\/posts"}],"about":[{"href":"https:\/\/www.europesays.com\/es\/wp-json\/wp\/v2\/types\/post"}],"author":[{"embeddable":true,"href":"https:\/\/www.europesays.com\/es\/wp-json\/wp\/v2\/users\/2"}],"replies":[{"embeddable":true,"href":"https:\/\/www.europesays.com\/es\/wp-json\/wp\/v2\/comments?post=152298"}],"version-history":[{"count":0,"href":"https:\/\/www.europesays.com\/es\/wp-json\/wp\/v2\/posts\/152298\/revisions"}],"wp:featuredmedia":[{"embeddable":true,"href":"https:\/\/www.europesays.com\/es\/wp-json\/wp\/v2\/media\/152299"}],"wp:attachment":[{"href":"https:\/\/www.europesays.com\/es\/wp-json\/wp\/v2\/media?parent=152298"}],"wp:term":[{"taxonomy":"category","embeddable":true,"href":"https:\/\/www.europesays.com\/es\/wp-json\/wp\/v2\/categories?post=152298"},{"taxonomy":"post_tag","embeddable":true,"href":"https:\/\/www.europesays.com\/es\/wp-json\/wp\/v2\/tags?post=152298"}],"curies":[{"name":"wp","href":"https:\/\/api.w.org\/{rel}","templated":true}]}}