{"id":152312,"date":"2025-10-02T08:24:09","date_gmt":"2025-10-02T08:24:09","guid":{"rendered":"https:\/\/www.europesays.com\/es\/152312\/"},"modified":"2025-10-02T08:24:09","modified_gmt":"2025-10-02T08:24:09","slug":"asi-ha-sido-el-golazo-de-pablo-garcia-ante-mexico","status":"publish","type":"post","link":"https:\/\/www.europesays.com\/es\/152312\/","title":{"rendered":"As\u00ed ha sido el golazo de Pablo Garc\u00eda ante M\u00e9xico"},"content":{"rendered":"<p data-gtm-element-container=\"modulo-texto-link\" class=\"paragraph\">Espa\u00f1a ha llegado al descanso del partido ante M\u00e9xico, del Mundial Sub&#8217;20, con empate a un gol en el marcador. La Roja ha logrado la igualada en el minuto 42 gracias a un aut\u00e9ntico golazo de <strong>Pablo Garc\u00eda<\/strong>. La jugada ha venido tras una combinaci\u00f3n perfecta entre los dos mejores jugadores de esta primera mitad: asistencia de Jan Virgili y disparo de primeras de <strong>Pablo Garc\u00ed<\/strong>a desde la frontal. Precioso el golpeo del futbolista andaluz, que lo ha dejado imposible para el meta rival, <strong>Ochoa.<\/strong><\/p>\n<blockquote class=\"twitter-tweet\" data-lang=\"es\"><p>\n<a href=\"https:\/\/twitter.com\/teledeporte\/status\/1973489124402499809\" rel=\"nofollow noopener\" target=\"_blank\">\n<\/p><\/blockquote>\n<p data-gtm-element-container=\"modulo-texto-link\" class=\"paragraph\">Ha sido un gol importante para Espa\u00f1a cuando el partido se pon\u00eda cuesta arriba. Espa\u00f1a empata 1-1 en el partido correspondiente a la Jornada 2 de la Fase de Grupos del Mundial Sub-20 ante M\u00e9xico.<\/p>\n<p data-gtm-element-container=\"modulo-texto-link\" class=\"paragraph\">Primera parte igualada en el Estadio Nacional Julio Mart\u00ednez Pr\u00e1danos, con ocasiones para ambos equipos. M\u00e9xico se adelant\u00f3 con un gol de<strong> Gilberto Mora<\/strong>, tras una gran asistencia de Alex\u00e9i Dom\u00ednguez, pero Espa\u00f1a reaccion\u00f3 bien y logr\u00f3 el empate gracias a un golazo de Pablo Garc\u00eda, que culmin\u00f3 una buena jugada iniciada por Jan Virgili.<\/p>\n<p data-gtm-element-container=\"modulo-texto-link\" class=\"paragraph\">Todo por decidir en la segunda mitad, donde el equipo de Paco Gallardo est\u00e1 obligado a ganar si quiere seguir con opciones de avanzar en el torneo.<\/p>\n<p><script async src=\"https:\/\/platform.twitter.com\/widgets.js\" charset=\"utf-8\"><\/script><\/p>\n","protected":false},"excerpt":{"rendered":"Espa\u00f1a ha llegado al descanso del partido ante M\u00e9xico, del Mundial Sub&#8217;20, con empate a un gol en&hellip;\n","protected":false},"author":2,"featured_media":152313,"comment_status":"","ping_status":"","sticky":false,"template":"","format":"standard","meta":{"footnotes":""},"categories":[268],"tags":[168,25,24,280,282,281,23,167],"class_list":{"0":"post-152312","1":"post","2":"type-post","3":"status-publish","4":"format-standard","5":"has-post-thumbnail","7":"category-futbol","8":"tag-deportes","9":"tag-es","10":"tag-espana","11":"tag-football","12":"tag-futbol","13":"tag-soccer","14":"tag-spain","15":"tag-sports"},"share_on_mastodon":{"url":"","error":""},"_links":{"self":[{"href":"https:\/\/www.europesays.com\/es\/wp-json\/wp\/v2\/posts\/152312","targetHints":{"allow":["GET"]}}],"collection":[{"href":"https:\/\/www.europesays.com\/es\/wp-json\/wp\/v2\/posts"}],"about":[{"href":"https:\/\/www.europesays.com\/es\/wp-json\/wp\/v2\/types\/post"}],"author":[{"embeddable":true,"href":"https:\/\/www.europesays.com\/es\/wp-json\/wp\/v2\/users\/2"}],"replies":[{"embeddable":true,"href":"https:\/\/www.europesays.com\/es\/wp-json\/wp\/v2\/comments?post=152312"}],"version-history":[{"count":0,"href":"https:\/\/www.europesays.com\/es\/wp-json\/wp\/v2\/posts\/152312\/revisions"}],"wp:featuredmedia":[{"embeddable":true,"href":"https:\/\/www.europesays.com\/es\/wp-json\/wp\/v2\/media\/152313"}],"wp:attachment":[{"href":"https:\/\/www.europesays.com\/es\/wp-json\/wp\/v2\/media?parent=152312"}],"wp:term":[{"taxonomy":"category","embeddable":true,"href":"https:\/\/www.europesays.com\/es\/wp-json\/wp\/v2\/categories?post=152312"},{"taxonomy":"post_tag","embeddable":true,"href":"https:\/\/www.europesays.com\/es\/wp-json\/wp\/v2\/tags?post=152312"}],"curies":[{"name":"wp","href":"https:\/\/api.w.org\/{rel}","templated":true}]}}