{"id":152314,"date":"2025-10-02T08:25:05","date_gmt":"2025-10-02T08:25:05","guid":{"rendered":"https:\/\/www.europesays.com\/es\/152314\/"},"modified":"2025-10-02T08:25:05","modified_gmt":"2025-10-02T08:25:05","slug":"jorge-fernandez-se-sale-del-guion-de-la-ruleta-de-la-suerte-con-un-sorprendente-arranque-de-sinceridad","status":"publish","type":"post","link":"https:\/\/www.europesays.com\/es\/152314\/","title":{"rendered":"Jorge Fern\u00e1ndez se sale del guion de &#8216;La ruleta de la suerte&#8217; con un sorprendente arranque de sinceridad"},"content":{"rendered":"\n<p>  01\/10\/2025 &#8211; 20:41  Actualizado: 01\/10\/2025 &#8211; 20:41   <\/p>\n<p> <a href=\"https:\/\/www.elconfidencial.com\/television\/programas-tv\/2025-09-25\/jorge-fernandez-la-ruleta-de-la-suerte-orden_4216089\/\" target=\"_blank\" rel=\"nofollow noopener\"><strong>Jorge Fern\u00e1ndez<\/strong><\/a> no suele dejarse llevar por la pasi\u00f3n, la pol\u00e9mica o las cr\u00edticas, todo lo contrario, resultando bastante asertivo en las tareas de presentaci\u00f3n de un formato tan blanco como es <a href=\"https:\/\/www.elconfidencial.com\/television\/programas-tv\/2025-05-19\/la-ruleta-de-la-suerte-cantante-responde-criticas-antena3_4132059\/\" target=\"_blank\" rel=\"nofollow noopener\"><strong>La ruleta de la suerte<\/strong><\/a>. Es por esto que su reacci\u00f3n tras una de las pruebas musicales de este mi\u00e9rcoles, 1 de octubre, sorprendi\u00f3 sobre manera a la audiencia, cuando la canci\u00f3n seleccionada fue Soltera, de Shakira. Las palabras del conductor tanto sobre el tema como sobre la propia cantante no pod\u00edan ser m\u00e1s contundentes: \u00abNo, <strong>no me ha gustado nada. Pero nada de nada de nada<\/strong>\u00ab, afirm\u00f3, generando un aut\u00e9ntico zarpazo medi\u00e1tico hacia la artista colombiana que fue, acto seguido, mucho m\u00e1s all\u00e1. <\/p>\n<p> El momento se produjo despu\u00e9s de que los concursantes resolvieran la prueba musical interpretada en directo por la banda del programa, liderada por Joaqu\u00edn Padilla. Tras finalizar la canci\u00f3n, el vocalista pregunt\u00f3 a Jorge su opini\u00f3n al respecto y el presentador no dud\u00f3 en manifestar su disgusto: \u00abCreo que nadie ha sacado m\u00e1s r\u00e9dito a una separaci\u00f3n que ella, que ha sacado un disco entero contando que se ha divorciado. <strong>\u00a1Oh, vale, que no eres la primera que se ha divorciado, hombre, no pasa nada! \u00a1Es que vaya cansina!<\/strong>\u00ab, a\u00f1adi\u00f3, dejando claro que su cr\u00edtica no iba dirigida a los concursantes, sino a la propia Shakira. <\/p>\n<p> Fern\u00e1ndez no se qued\u00f3 ah\u00ed y fue m\u00e1s all\u00e1 al valorar el rumbo art\u00edstico de la cantante: \u00abMe gustaba m\u00e1s antes. <strong>\u00a1Se ha vendido al reguet\u00f3n, joder, que lo tenemos que decir! \u00a1Se ha vendido!<\/strong>\u00ab. Con estas palabras, Fern\u00e1ndez evidenci\u00f3 su desencanto con la evoluci\u00f3n musical de la artista, algo inusual en \u00e9l, ya que suele mantener una postura m\u00e1s neutral frente a la m\u00fasica comercial que se interpreta en el programa. Es m\u00e1s, por lo general, suele dar su apoyo a casi todo lo que suena. Esta vez fue una (gran) excepci\u00f3n. <\/p>\n<p> El episodio tambi\u00e9n llam\u00f3 la atenci\u00f3n por la interacci\u00f3n de los concursantes con la azafata Laura Moure. Durante la interpretaci\u00f3n del tema, <strong>dos de los tres participantes salieron a bailar sobre la tarima frente al panel del programa, generando un momento de complicidad y diversi\u00f3n <\/strong>que contrast\u00f3 con la cr\u00edtica m\u00e1s seria de Fern\u00e1ndez. Este gesto fue celebrado por la audiencia y sum\u00f3 dinamismo a la emisi\u00f3n, demostrando c\u00f3mo La ruleta de la suerte combina humor, entretenimiento y cultura musical en un mismo espacio. <\/p>\n<p> El zarpazo de Jorge a Shakira se suma a otras ocasiones en que presentadores de programas matinales y de entretenimiento han opinado sin filtros sobre diferentes artistas, algo que rara vez sucede en formatos con un p\u00fablico familiar y amplio. La reacci\u00f3n de Fern\u00e1ndez<strong> llam\u00f3 la atenci\u00f3n por venir precisamente de \u00e9l, muy poco proclive a estos dardazos<\/strong>, y menos tan directos. <\/p>\n<p> <strong>Tras el hachazo, la emisi\u00f3n continu\u00f3 con normalidad, pero el momentazo qued\u00f3 grabado en la memoria de los fieles seguidores del formato<\/strong>, nada habituados a este contraste entre alocados bailes y feroces cr\u00edticas, en ambos casos salt\u00e1ndose completamente el guion de La ruleta de la suerte. <\/p>\n<p> <a href=\"https:\/\/www.elconfidencial.com\/television\/programas-tv\/2025-09-25\/jorge-fernandez-la-ruleta-de-la-suerte-orden_4216089\/\" target=\"_blank\" rel=\"nofollow noopener\"><strong>Jorge Fern\u00e1ndez<\/strong><\/a> no suele dejarse llevar por la pasi\u00f3n, la pol\u00e9mica o las cr\u00edticas, todo lo contrario, resultando bastante asertivo en las tareas de presentaci\u00f3n de un formato tan blanco como es <a href=\"https:\/\/www.elconfidencial.com\/television\/programas-tv\/2025-05-19\/la-ruleta-de-la-suerte-cantante-responde-criticas-antena3_4132059\/\" target=\"_blank\" rel=\"nofollow noopener\"><strong>La ruleta de la suerte<\/strong><\/a>. Es por esto que su reacci\u00f3n tras una de las pruebas musicales de este mi\u00e9rcoles, 1 de octubre, sorprendi\u00f3 sobre manera a la audiencia, cuando la canci\u00f3n seleccionada fue Soltera, de Shakira. Las palabras del conductor tanto sobre el tema como sobre la propia cantante no pod\u00edan ser m\u00e1s contundentes: \u00abNo, <strong>no me ha gustado nada. Pero nada de nada de nada<\/strong>\u00ab, afirm\u00f3, generando un aut\u00e9ntico zarpazo medi\u00e1tico hacia la artista colombiana que fue, acto seguido, mucho m\u00e1s all\u00e1. <\/p>\n","protected":false},"excerpt":{"rendered":"01\/10\/2025 &#8211; 20:41 Actualizado: 01\/10\/2025 &#8211; 20:41 Jorge Fern\u00e1ndez no suele dejarse llevar por la pasi\u00f3n, la pol\u00e9mica&hellip;\n","protected":false},"author":2,"featured_media":152315,"comment_status":"","ping_status":"","sticky":false,"template":"","format":"standard","meta":{"footnotes":""},"categories":[174],"tags":[255,146,147,25,24,256,23],"class_list":{"0":"post-152314","1":"post","2":"type-post","3":"status-publish","4":"format-standard","5":"has-post-thumbnail","7":"category-famosos","8":"tag-celebrities","9":"tag-entertainment","10":"tag-entretenimiento","11":"tag-es","12":"tag-espana","13":"tag-famosos","14":"tag-spain"},"share_on_mastodon":{"url":"","error":""},"_links":{"self":[{"href":"https:\/\/www.europesays.com\/es\/wp-json\/wp\/v2\/posts\/152314","targetHints":{"allow":["GET"]}}],"collection":[{"href":"https:\/\/www.europesays.com\/es\/wp-json\/wp\/v2\/posts"}],"about":[{"href":"https:\/\/www.europesays.com\/es\/wp-json\/wp\/v2\/types\/post"}],"author":[{"embeddable":true,"href":"https:\/\/www.europesays.com\/es\/wp-json\/wp\/v2\/users\/2"}],"replies":[{"embeddable":true,"href":"https:\/\/www.europesays.com\/es\/wp-json\/wp\/v2\/comments?post=152314"}],"version-history":[{"count":0,"href":"https:\/\/www.europesays.com\/es\/wp-json\/wp\/v2\/posts\/152314\/revisions"}],"wp:featuredmedia":[{"embeddable":true,"href":"https:\/\/www.europesays.com\/es\/wp-json\/wp\/v2\/media\/152315"}],"wp:attachment":[{"href":"https:\/\/www.europesays.com\/es\/wp-json\/wp\/v2\/media?parent=152314"}],"wp:term":[{"taxonomy":"category","embeddable":true,"href":"https:\/\/www.europesays.com\/es\/wp-json\/wp\/v2\/categories?post=152314"},{"taxonomy":"post_tag","embeddable":true,"href":"https:\/\/www.europesays.com\/es\/wp-json\/wp\/v2\/tags?post=152314"}],"curies":[{"name":"wp","href":"https:\/\/api.w.org\/{rel}","templated":true}]}}