{"id":152316,"date":"2025-10-02T08:26:18","date_gmt":"2025-10-02T08:26:18","guid":{"rendered":"https:\/\/www.europesays.com\/es\/152316\/"},"modified":"2025-10-02T08:26:18","modified_gmt":"2025-10-02T08:26:18","slug":"los-mejores-disenadores-industriales-de-mobiliario-y-de-producto-se-reunen-en-el-agora-nude-de-feria-habitat","status":"publish","type":"post","link":"https:\/\/www.europesays.com\/es\/152316\/","title":{"rendered":"Los mejores dise\u00f1adores industriales, de mobiliario y de producto se reunen en el Agora Nude de Feria Habitat"},"content":{"rendered":"<p class=\"ft-text ft-helper-closenews\">De la cultura empresarial americana han salido las pr\u00e1cticas m\u00e1s agresivas pero tambi\u00e9n las m\u00e1s innovadoras. De ah\u00ed se extrae los &#8216;<strong>pitch<\/strong>&#8216;, discursos cortos, breves y directos para hacer presentaciones de manera \u00e1gil, que no agotan al p\u00fablico asistente. Ese formato se ha usado en<a class=\"ft-link ft-link--decoration\" href=\"https:\/\/www.levante-emv.com\/economia\/2025\/09\/30\/feria-habitat-daybeds-tiendas-campana-colchones-reversibles-122112342.html\" target=\"_blank\" rel=\"nofollow noopener\"> Feria H\u00e1bitat<\/a>, en el pabell\u00f3n Nude de talentos emergentes en la actividad Altavoz, promovida por la <a class=\"ft-link ft-link--decoration\" href=\"https:\/\/www.adcv.com\/\" target=\"_blank\" rel=\"nofollow noopener\">Associaci\u00f3 de Professionals del Disseny<\/a>, que ha congregado <strong>a 13 dise\u00f1adores y dise\u00f1adoras industriales, de mobiliario y de producto<\/strong> para presentar sus \u00faltimos proyectos, los m\u00e1s emblem\u00e1ticos o un repaso a su carrera. De esta forma se ha compuesto un qui\u00e9n es qui\u00e9n del talento valenciano que nutre el sector del interiorismo.<\/p>\n<p class=\"ft-text\">As\u00ed, desde dise\u00f1adores n\u00f3veles como <strong>H\u00e9ctor Montes<\/strong> hasta consolidados como<a class=\"ft-link ft-link--decoration\" href=\"https:\/\/hectorserrano.com\/\" target=\"_blank\" rel=\"nofollow noopener\"> H\u00e9ctor Serrano <\/a>o <strong>Vicent Mart\u00ednez<\/strong> han hablado de sus procesos creativos con un tiempo m\u00e1ximo de tres minutos, en una edici\u00f3n que este a\u00f1o es especial porque la asociaci\u00f3n celebra su 40 aniversario. As\u00ed, a lo largo de una hora se ha hecho un repaso no solo a las carreras individuales de estudios como Estiu o EstudiHac, sino al dise\u00f1o valenciano a trav\u00e9s de los proyectos y procesos de todos sus protagonistas.<\/p>\n<p class=\"ft-text\">As\u00ed, inici\u00f3 el pitch <strong>Ram\u00f3n Arnau del estudio<\/strong> <a class=\"ft-link ft-link--decoration\" href=\"https:\/\/arnaureyna.com\/\" target=\"_blank\" rel=\"nofollow noopener\">Arnau Reyna<\/a>, que present\u00f3 el sistema Tibboli de taburetes ideado desde la diversi\u00f3n y la facilidad para encajar en cualquier proyecto de interiorismo. Basado en la versatilidad, se bucaba que tuviera personalidad porque <strong>los elementos m\u00e1s sencillos \u00abson los que m\u00e1s cuesta de dise\u00f1ar\u00bb<\/strong>, como sucedi\u00f3 con su silla Gabi, inspirada en las gaviotas.<\/p>\n<p class=\"ft-text\">Por su parte, el <a class=\"ft-link ft-link--decoration\" href=\"https:\/\/estiu.es\/estudio\/\" target=\"_blank\" rel=\"nofollow noopener\">estudio Estiu<\/a> explic\u00f3 sus principales l\u00edneas de trabajo: el dise\u00f1o y la comunicaci\u00f3n visual, donde crean identidades y proyectos editoriales. Adem\u00e1s, en sinton\u00eda con los valores que promueven, los dos socios se han constituido en cooperativa y tal como explic\u00f3 su fundadora, <strong>Clara Bayo<\/strong>, \u00abcreemos que hay algo m\u00e1s all\u00e1 de los resultados econ\u00f3micos\u00bb. En este estudio tambi\u00e9n se ha lanzado una editorial llamada Festiu con la que <strong>publican proyectos que son \u00abjuegos de verano\u00bb<\/strong>, iniciativas que les permiten salir de la monoton\u00eda del estudio y que son, al mismo tiempo, una forma de entender el mundo. As\u00ed, presentaron el &#8216;botiu&#8217;, un botijo que enviaron para felicitar el verano -que no la navidad- dise\u00f1ado en colaboraci\u00f3n con Jorge Montalvo, inspirado en Vinival.<\/p>\n<p class=\"ft-text\">Fue <a class=\"ft-link ft-link--decoration\" href=\"https:\/\/estudihac.com\/jmferrero\" target=\"_blank\" rel=\"nofollow noopener\">EstudiHac, de JM Ferrero<\/a>, quien present\u00f3 las tres novedades que hab\u00edan llevado a Feria H\u00e1bitat: las mesas de fuego Halo, que renuevan los calefactores al haber dise\u00f1ado un quemador lineal, alargado y sim\u00e9trico, con est\u00e9tica minimalista, as\u00ed como la colecci\u00f3n de mobiliario <strong>Jacquard<\/strong>, viaje emocional yformal hacia los or\u00edgenes de las t\u00e9cnicas textiles fusionando dise\u00f1o, historia e innovaci\u00f3n material, bebiendo tambi\u00e9n de la ciudad de origen de Ferrero: <strong>Ontinyent<\/strong>.<\/p>\n<p class=\"ft-text\">Ha sido<a class=\"ft-link ft-link--decoration\" href=\"https:\/\/www.instagram.com\/veladostudio\/\" target=\"_blank\" rel=\"nofollow noopener\"> H\u00e9ctor Montes<\/a> el dise\u00f1ador que ha presentado una propuesta arriesgada que supera el dise\u00f1o convencional. De hecho, \u00ab<strong>me baso en el dise\u00f1o postindustrial<\/strong>, que m\u00e1s que un objeto es una forma de pensar en c\u00f3mo dise\u00f1amos, de forma consciente\u00bb, ha explicado. As\u00ed ha creado Kore, <a class=\"ft-link ft-link--decoration\" href=\"https:\/\/www.instagram.com\/p\/C2kV2g1q3NM\/?utm_source=ig_web_copy_link&amp;igsh=MzRlODBiNWFlZA==\" target=\"_blank\" rel=\"nofollow noopener\">un microvivero de germinaci\u00f3n para diferentes tipos de semillas.<\/a> Es parte de la colecci\u00f3n &#8216;Objetos para un futuro incierto&#8217; y es una soluci\u00f3n de baja tecnolog\u00eda que <strong>sustituye complementos vitam\u00ednicos artificiales por microvegetales<\/strong>: fibra, prote\u00edna, vitaminas o antioxidantes, funcionando como un pastillero.<\/p>\n<p>H\u00e9ctor Serrano, una carrera de Premio Nacional del Dise\u00f1o<\/p>\n<p class=\"ft-text\">El dise\u00f1ador H\u00e9ctor Serrano dispone de una exposici\u00f3n propia en el mismo pabell\u00f3n de Nude repasando buena parte de los objetos de su carrera. En el pitch, sin embargo, destac\u00f3 tres proyectos, empezando por<strong> &#8216;Tierra, mar y aire&#8217; <\/strong>que hicieron para <a class=\"ft-link ft-link--decoration\" href=\"https:\/\/faro.es\/es\/\" target=\"_blank\" rel=\"nofollow noopener\">Faro Barcelona<\/a>, una colecci\u00f3n de <strong>l\u00e1mparas dise\u00f1adas en 3D a gran escala <\/strong>que cambia el paradigma de producci\u00f3n y compra de productos. Adem\u00e1s, tambi\u00e9n present\u00f3 el mobiliario <strong>Xaloc<\/strong>, para<strong> Gandia Blasco<\/strong>, una colecci\u00f3n de exterior e interior que rompe con los moldes habituales de los muebles de jard\u00edn. Por \u00faltimo, <a class=\"ft-link ft-link--decoration\" href=\"https:\/\/hectorserrano.com\/works\/splitglass\/\" target=\"_blank\" rel=\"nofollow noopener\">las copas Split Glass <\/a>para Trebom; copas desmontables que hacen m\u00e1s c\u00f3moda la limpieza y almacenamiento de este objeto.<\/p>\n<p><img decoding=\"async\" src=\"https:\/\/www.europesays.com\/es\/wp-content\/uploads\/2025\/10\/9a76aab9-202d-4e27-b3e1-175114986b2e_alta-libre-aspect-ratio_default_0.jpg\" width=\"1200\" height=\"2133\" alt=\"H\u00e9ctor Serrano, dise\u00f1ador y premio nacional del Dise\u00f1o.\" class=\"ft-helper-img-rd\" loading=\"lazy\" hasdataaida=\"true\"\/><\/p>\n<p class=\"ft-helper-fontColor-quaternary ft-helper-fontSize-body-S ft-helper-spacer-t-xxs\">H\u00e9ctor Serrano, dise\u00f1ador y premio nacional del Dise\u00f1o.  \/ L-EMV<\/p>\n<p class=\"ft-text\">Adem\u00e1s, Serrano tambi\u00e9n explic\u00f3 los <strong>objetos dise\u00f1ados<\/strong> con los restos que la dana dej\u00f3 en las playas valencianas. &#8216;<strong>Ra\u00edces<\/strong>&#8216; recog\u00eda esta parte de los \u00e1rboles que quedaron varadas en la costa y les inetegraron unos jarrones de cristal donde colocar flores, una met\u00e1fora de la vida y la muerte cuyos beneficios fueron \u00edntegramente a la reconstrucci\u00f3n.<\/p>\n<p>Autoproducci\u00f3n<\/p>\n<p class=\"ft-text\"><a class=\"ft-link ft-link--decoration\" href=\"https:\/\/www.juanico.net\/\" target=\"_blank\" rel=\"nofollow noopener\">Juanico <\/a>expuso el largo camino de su l\u00e1mpara estrella, <strong>creada hace 20 a\u00f1os<\/strong>, dejada de producir y recuperada recientemente con un proceso de producci\u00f3n que realiza \u00edntegramente el dise\u00f1ador valenciano. Es una pieza m\u00e1s del hogar, ahora con tejidos que se separan del PVC de la estructura para que sea m\u00e1s sostenible, lo que permite tambi\u00e9n personalizarla y lavarla.<\/p>\n<p class=\"ft-text\">En el caso de <a class=\"ft-link ft-link--decoration\" href=\"https:\/\/www.made-studio.es\/\" target=\"_blank\" rel=\"nofollow noopener\">Made Studio<\/a>, hablaron del mobiliario de exterior, al que se dedican en colecciones como la de Gumi para Ondarreta. \u00abSon formas sencillas, quisimos repensar el sof\u00e1 sin el esqueleto de madera, sino de aluminio, que permitir\u00eda ponerlo <strong>tanto fuera como dentro de la vivienda<\/strong>\u00ab, han explicado.<\/p>\n<p class=\"ft-text\">Por su lado, <strong>Manolo Dur\u00e1n<\/strong>, con m\u00e1s de 35 a\u00f1os de carrera, hizo una declaraci\u00f3n de intenciones: \u00abMis dise\u00f1os no son piezas \u00fanicas ni estar\u00e1n en museos, <strong>pero est\u00e1n en la inmensa mayor\u00eda de tiendas de muebles de Espa\u00f1a y Francia<\/strong>\u00ab, ha dicho. As\u00ed, present\u00f3 los \u00faltimos proyectos para Navarro Azor\u00edn como son los diversos modelos de pomos, adem\u00e1s de unas puertas de aluminio para armarios que permiten combinar el cristal con la madera.<\/p>\n<p class=\"ft-text\">El dise\u00f1ador de producto <a class=\"ft-link ft-link--decoration\" href=\"https:\/\/nachotimon.com\/\" target=\"_blank\" rel=\"nofollow noopener\">Nacho Tim\u00f3n<\/a> reconoci\u00f3 que en su estudio <strong>\u00able damos a todo\u00bb<\/strong>; \u00abDesde una urna de cenizas a los azulejos o ventiladores\u00bb, dijo. El Proyecto Monkey de ventiladores de carril multiposici\u00f3n permiten convivir en un mismo espacio de trabajo con diferentes ambientes, con cada persona disponiendo de un ventilador de techo para refrescarse. Adem\u00e1s, presentaron tambi\u00e9n el puff <strong>Flower<\/strong>, que vale para suelo o piscina y que permite sentarse a muchas personas en cada p\u00e9talo de los que est\u00e1 compuesto.<\/p>\n<p><img decoding=\"async\" src=\"https:\/\/www.europesays.com\/es\/wp-content\/uploads\/2025\/10\/a9b08c7f-2424-421a-8755-c44656035195_alta-libre-aspect-ratio_default_0.jpg\" width=\"1200\" height=\"1315\" alt=\"El puff 'Flower' de Nacho Tim\u00f3n.\" class=\"ft-helper-img-rd\" loading=\"lazy\" hasdataaida=\"true\"\/><\/p>\n<p class=\"ft-helper-fontColor-quaternary ft-helper-fontSize-body-S ft-helper-spacer-t-xxs\">El puff &#8216;Flower&#8217; de Nacho Tim\u00f3n.  \/ L-EMV<\/p>\n<p class=\"ft-text\">Ana Segovia, de Odosdesign, explic\u00f3 que su estudio se especializ\u00f3 en direcci\u00f3n de arte para ayudar a empresas a vender su producto. Adem\u00e1s, han colaborado en el dise\u00f1o de una de las suites del hotel Barracas y han presentado una colecci\u00f3n para Serniorcare, de mbiliario pensado para personas mayores, \u00abcon un dise\u00f1o amable, redondeado, sin aristas\u00bb.<\/p>\n<p class=\"ft-text\">Santiago Sevillano ha presentado su producto Niu, un sill\u00f3n mecedora similar a un nido y Botit, una butaca de gran confort para exteriores o interiores.<\/p>\n<p>Vicent Mart\u00ednez vuelve con los abanicos<\/p>\n<p class=\"ft-text\">El reputado dise\u00f1ador <a class=\"ft-link ft-link--decoration\" href=\"http:\/\/vicentmartinezdisseny.com\/\" target=\"_blank\" rel=\"nofollow noopener\">Vicent Mart\u00ednez<\/a>, con 50 a\u00f1os de carrera, se dedic\u00f3 \u00fanicamente a presentar dos proyectos de los cientos que ha ideado a lo largo de su vida. Se centr\u00f3 en su \u00faltima etapa, donde ha participado con Ana Hern\u00e1ndez en la confecci\u00f3n de unas <strong>cortinas <\/strong>por donde traspasa la luz y genera sombras que representan la naturaleza. Sin embargo, lo que m\u00e1s le emociona es el proyecto que tiene entre manos, <strong>Globus<\/strong>, que supone la vuelta al origen de su familia: la pintura de abanicos. En 2021 le propuesieron que trabajara con <strong>objetos de la memoria y eligi\u00f3 estos porque le recordaban a su padre y su abuelo<\/strong>. A partir de entonces, ha asegurado que prepara un proyecto m\u00e1s amplio con estos abanicos en colaboraci\u00f3n con otros dise\u00f1adores de renombre.<\/p>\n<p class=\"ft-text\">Por \u00faltimo <a class=\"ft-link ft-link--decoration\" href=\"https:\/\/www.yonoh.es\/\" target=\"_blank\" rel=\"nofollow noopener\">Yonoh<\/a>, de <strong>\u00c1lex Selma y Clara del Portillo<\/strong>, explicaron que son un estudio peque\u00f1o \u00abpor elecci\u00f3n\u00bb. \u00abHacemos dise\u00f1o de <strong>producto, mobiliario e iluminaci\u00f3n<\/strong>, trabajamos para 66 empresas en 19 pa\u00edses\u00bb, dijo Del Portillo, quien tambi\u00e9n explic\u00f3 su \u00faltima colaboraci\u00f3n con la empresa valenciana <strong>Teulat<\/strong>. Se trata de una estanteria modular, sencilla pero repensada, que se vende en peque\u00f1as producciones y que destaca por su simpleza y, al mismo tiempo, car\u00e1cter propio.<\/p>\n<p data-close=\"closedContent\" class=\"subscribeHideForDisplay\">Suscr\u00edbete para seguir leyendo<\/p>\n<p><script async src=\"\/\/www.instagram.com\/embed.js\"><\/script><\/p>\n","protected":false},"excerpt":{"rendered":"De la cultura empresarial americana han salido las pr\u00e1cticas m\u00e1s agresivas pero tambi\u00e9n las m\u00e1s innovadoras. De ah\u00ed&hellip;\n","protected":false},"author":2,"featured_media":152317,"comment_status":"","ping_status":"","sticky":false,"template":"","format":"standard","meta":{"footnotes":""},"categories":[173],"tags":[6123,229,233,231,230,46062,209,232,11561,6873,234,2308,146,147,25,24,599,46063,46061,36378,4223,23,2752,706,1793],"class_list":{"0":"post-152316","1":"post","2":"type-post","3":"status-publish","4":"format-standard","5":"has-post-thumbnail","7":"category-arte-y-diseno","8":"tag-aluminio","9":"tag-arte","10":"tag-arte-y-diseno","11":"tag-arts","12":"tag-arts-and-design","13":"tag-capitalidad-mundial-del-diseno","14":"tag-cultura","15":"tag-design","16":"tag-disenador","17":"tag-disenadores","18":"tag-diseno","19":"tag-empresas","20":"tag-entertainment","21":"tag-entretenimiento","22":"tag-es","23":"tag-espana","24":"tag-feria","25":"tag-feria-habitat","26":"tag-habitat","27":"tag-industrial","28":"tag-productos","29":"tag-spain","30":"tag-trabajo","31":"tag-valenciano","32":"tag-verano"},"share_on_mastodon":{"url":"","error":""},"_links":{"self":[{"href":"https:\/\/www.europesays.com\/es\/wp-json\/wp\/v2\/posts\/152316","targetHints":{"allow":["GET"]}}],"collection":[{"href":"https:\/\/www.europesays.com\/es\/wp-json\/wp\/v2\/posts"}],"about":[{"href":"https:\/\/www.europesays.com\/es\/wp-json\/wp\/v2\/types\/post"}],"author":[{"embeddable":true,"href":"https:\/\/www.europesays.com\/es\/wp-json\/wp\/v2\/users\/2"}],"replies":[{"embeddable":true,"href":"https:\/\/www.europesays.com\/es\/wp-json\/wp\/v2\/comments?post=152316"}],"version-history":[{"count":0,"href":"https:\/\/www.europesays.com\/es\/wp-json\/wp\/v2\/posts\/152316\/revisions"}],"wp:featuredmedia":[{"embeddable":true,"href":"https:\/\/www.europesays.com\/es\/wp-json\/wp\/v2\/media\/152317"}],"wp:attachment":[{"href":"https:\/\/www.europesays.com\/es\/wp-json\/wp\/v2\/media?parent=152316"}],"wp:term":[{"taxonomy":"category","embeddable":true,"href":"https:\/\/www.europesays.com\/es\/wp-json\/wp\/v2\/categories?post=152316"},{"taxonomy":"post_tag","embeddable":true,"href":"https:\/\/www.europesays.com\/es\/wp-json\/wp\/v2\/tags?post=152316"}],"curies":[{"name":"wp","href":"https:\/\/api.w.org\/{rel}","templated":true}]}}