{"id":152332,"date":"2025-10-02T08:36:08","date_gmt":"2025-10-02T08:36:08","guid":{"rendered":"https:\/\/www.europesays.com\/es\/152332\/"},"modified":"2025-10-02T08:36:08","modified_gmt":"2025-10-02T08:36:08","slug":"sube-a-72-el-saldo-de-muertos-por-el-terremoto-en-filipinas","status":"publish","type":"post","link":"https:\/\/www.europesays.com\/es\/152332\/","title":{"rendered":"Sube a 72 el saldo de muertos por el terremoto en Filipinas"},"content":{"rendered":"<p>    <img src=\"https:\/\/www.europesays.com\/es\/wp-content\/uploads\/2025\/10\/2025-10-02T083A093A52Z-90102444.jpg\" width=\"1024\" height=\"682\" alt=\"\" loading=\"eager\" decoding=\"sync\" fetchpriority=\"high\"\/><\/p>\n<p>            afp_tickers        <\/p>\n<p>        Este contenido fue publicado en    <\/p>\n<p>        02 octubre 2025 &#8211; 10:09\n<\/p>\n<p>El saldo de muertos por el potente terremoto en el centro de Filipinas subi\u00f3 a 72, informaron el jueves los rescatistas, mientras las autoridades volcaron su atenci\u00f3n a los cientos de heridos y miles de personas que quedaron sin casa.<\/p>\n<p>Bomberos y equipos de socorro sacaron la noche del mi\u00e9rcoles los cad\u00e1veres de una mujer y su hijo de los escombros de un hotel colapsado en la ciudad de Bogo, cerca del epicentro del sismo de magnitud 6,9 del martes.<\/p>\n<p>El cuerpo de otra mujer fue recuperado en el lugar a primera hora del d\u00eda, vieron periodistas de la AFP.<\/p>\n<p>El gobierno dijo que 294 personas resultaron heridas y alrededor de 20.000 huyeron de sus casas.<\/p>\n<p>Cerca de 600 casas resultaron da\u00f1adas en el norte de la isla de Ceb\u00fa, donde muchas personas dorm\u00edan en las calles ante el centenar de r\u00e9plicas sentidas.<\/p>\n<p>La gobernadora provincial de Ceb\u00fa, Pamela Baricuatro, pidi\u00f3 el jueves ayuda para las millares de personas que necesitan agua potable, alimento, ropa y vivienda temporal, as\u00ed como voluntarios para organizar y distribuir la ayuda.<\/p>\n<p>\u00abMuchas casas fueron destruidas y muchas familias necesitan ayuda para recuperarse (\u2026). Necesitan nuestra ayuda, oraciones y apoyo\u00bb, public\u00f3 la gobernadora en Facebook.<\/p>\n<p>El presidente Ferdinand Marcos viaj\u00f3 a Ceb\u00fa el jueves para inspeccionar los da\u00f1os y coordinar las tareas de asistencia.<\/p>\n<p>En tanto, las labores de b\u00fasqueda y rescate parec\u00edan estar llegando a su fin el jueves en Bogo.<\/p>\n<p>\u00abPor ahora, todos los que fueron reportados como desaparecidos han sido encontrados\u00bb, dijo a AFP el funcionario de bomberos Liewellyn Lee Quino.<\/p>\n<p>Filipinas registra terremotos casi a diario por su ubicaci\u00f3n en el \u00abAnillo de Fuego\u00bb del Pac\u00edfico, una zona de intensa actividad s\u00edsmica que se extienda desde Jap\u00f3n hasta el Sudeste Asi\u00e1tico y la cuenca del Pac\u00edfico.<\/p>\n<p>pam\/cgm\/dhw\/mas\/arm<\/p>\n","protected":false},"excerpt":{"rendered":"afp_tickers Este contenido fue publicado en 02 octubre 2025 &#8211; 10:09 El saldo de muertos por el potente&hellip;\n","protected":false},"author":2,"featured_media":152333,"comment_status":"","ping_status":"","sticky":false,"template":"","format":"standard","meta":{"footnotes":""},"categories":[42],"tags":[17,18,637,638,10123,13,14,11,61,62,63,64,19,20,10124,9,10,15,16,90,12,21,22,65,66,67],"class_list":{"0":"post-152332","1":"post","2":"type-post","3":"status-publish","4":"format-standard","5":"has-post-thumbnail","7":"category-internacional","8":"tag-breaking-news","9":"tag-breakingnews","10":"tag-disaster","11":"tag-disaster-general","12":"tag-earthquake","13":"tag-featured-news","14":"tag-featurednews","15":"tag-headlines","16":"tag-internacional","17":"tag-international","18":"tag-international-news","19":"tag-internationalnews","20":"tag-latest-news","21":"tag-latestnews","22":"tag-natural-disasters","23":"tag-news","24":"tag-noticias","25":"tag-noticias-destacadas","26":"tag-noticiasdestacadas","27":"tag-ticker","28":"tag-titulares","29":"tag-ultimas-noticias","30":"tag-ultimasnoticias","31":"tag-world","32":"tag-world-news","33":"tag-worldnews"},"share_on_mastodon":{"url":"","error":""},"_links":{"self":[{"href":"https:\/\/www.europesays.com\/es\/wp-json\/wp\/v2\/posts\/152332","targetHints":{"allow":["GET"]}}],"collection":[{"href":"https:\/\/www.europesays.com\/es\/wp-json\/wp\/v2\/posts"}],"about":[{"href":"https:\/\/www.europesays.com\/es\/wp-json\/wp\/v2\/types\/post"}],"author":[{"embeddable":true,"href":"https:\/\/www.europesays.com\/es\/wp-json\/wp\/v2\/users\/2"}],"replies":[{"embeddable":true,"href":"https:\/\/www.europesays.com\/es\/wp-json\/wp\/v2\/comments?post=152332"}],"version-history":[{"count":0,"href":"https:\/\/www.europesays.com\/es\/wp-json\/wp\/v2\/posts\/152332\/revisions"}],"wp:featuredmedia":[{"embeddable":true,"href":"https:\/\/www.europesays.com\/es\/wp-json\/wp\/v2\/media\/152333"}],"wp:attachment":[{"href":"https:\/\/www.europesays.com\/es\/wp-json\/wp\/v2\/media?parent=152332"}],"wp:term":[{"taxonomy":"category","embeddable":true,"href":"https:\/\/www.europesays.com\/es\/wp-json\/wp\/v2\/categories?post=152332"},{"taxonomy":"post_tag","embeddable":true,"href":"https:\/\/www.europesays.com\/es\/wp-json\/wp\/v2\/tags?post=152332"}],"curies":[{"name":"wp","href":"https:\/\/api.w.org\/{rel}","templated":true}]}}