{"id":152334,"date":"2025-10-02T08:37:08","date_gmt":"2025-10-02T08:37:08","guid":{"rendered":"https:\/\/www.europesays.com\/es\/152334\/"},"modified":"2025-10-02T08:37:08","modified_gmt":"2025-10-02T08:37:08","slug":"convocatoria-extraordinaria-a-bolsas-de-trabajo-catedraticos-de-musica-y-artes-escenicas","status":"publish","type":"post","link":"https:\/\/www.europesays.com\/es\/152334\/","title":{"rendered":"Convocatoria Extraordinaria a Bolsas de Trabajo: Catedr\u00e1ticos de M\u00fasica y Artes Esc\u00e9nicas"},"content":{"rendered":"<p>Desde <strong>USTEA<\/strong> informamos al personal aspirante del <strong>Cuerpo de Catedr\u00e1ticos de M\u00fasica y Artes Esc\u00e9nicas (CMAE)<\/strong> en Andaluc\u00eda.<\/p>\n<p>La <strong>Consejer\u00eda de Desarrollo Educativo y Formaci\u00f3n Profesional<\/strong> ha publicado la <a href=\"https:\/\/www.juntadeandalucia.es\/boja\/2025\/190\/12\" rel=\"nofollow noopener\" target=\"_blank\">Resoluci\u00f3n de 25 de septiembre de 2025 en el <strong>Bolet\u00edn Oficial de la Junta de Andaluc\u00eda (BOJA n.\u00ba 190, de 2 de octubre de 2025)<\/strong><\/a>, por la que se realiza una convocatoria para el <strong>acceso extraordinario<\/strong> a las bolsas de trabajo de determinadas especialidades de este Cuerpo.<\/p>\n<p>El objetivo es cubrir mediante nombramiento de funcionario interino las posibles vacantes o sustituciones en los Conservatorios Superiores de M\u00fasica y Danza, ante la previsi\u00f3n de que las bolsas actuales no cuentan con personal suficiente.<\/p>\n<p><strong>Presentaci\u00f3n de solicitudes<\/strong><\/p>\n<p>El plazo de presentaci\u00f3n de solicitudes es de <strong>diez d\u00edas h\u00e1biles<\/strong>.<\/p>\n<p>Este plazo se contar\u00e1 <strong>a partir del d\u00eda siguiente<\/strong> al de la publicaci\u00f3n de esta Resoluci\u00f3n en el Bolet\u00edn Oficial de la Junta de Andaluc\u00eda, es decir, a partir del <strong>3 de octubre de 2025<\/strong>.<\/p>\n<p><strong>Requisito espec\u00edfico clave: Formaci\u00f3n investigadora<\/strong>.<\/p>\n<p>Adem\u00e1s de los requisitos generales y la titulaci\u00f3n de la especialidad, para acceder a las bolsas de Catedr\u00e1ticos de M\u00fasica y Artes Esc\u00e9nicas, se exige la posesi\u00f3n de documentaci\u00f3n que acredite la <strong>formaci\u00f3n y capacidad de tutela en las investigaciones<\/strong> propias de las ense\u00f1anzas art\u00edsticas.<\/p>\n<p>Esta acreditaci\u00f3n se consigue con alguno de los siguientes requisitos:<\/p>\n<ul class=\"wp-block-list\">\n<li>Estar en posesi\u00f3n de la titulaci\u00f3n de <strong>Doctor o Doctora<\/strong>.<\/li>\n<li>Estar en posesi\u00f3n del reconocimiento de <strong>Suficiencia Investigadora<\/strong> o del certificado-diploma acreditativo de <strong>Estudios Avanzados (DEA)<\/strong>.<\/li>\n<li>Estar en posesi\u00f3n de un <strong>t\u00edtulo universitario oficial de M\u00e1ster<\/strong>, para cuya obtenci\u00f3n se hayan exigido, al menos, <strong>60 cr\u00e9ditos<\/strong>, que capacite para la pr\u00e1ctica de la investigaci\u00f3n educativa o de la investigaci\u00f3n propia de las ense\u00f1anzas art\u00edsticas.<\/li>\n<\/ul>\n<p><strong>USTEA recomienda la consulta inmediata del texto completo de la <a href=\"https:\/\/www.juntadeandalucia.es\/boja\/2025\/190\/12\" rel=\"nofollow noopener\" target=\"_blank\">Resoluci\u00f3n<\/a> para verificar todos los requisitos y la documentaci\u00f3n a adjuntar.<\/strong><\/p>\n","protected":false},"excerpt":{"rendered":"Desde USTEA informamos al personal aspirante del Cuerpo de Catedr\u00e1ticos de M\u00fasica y Artes Esc\u00e9nicas (CMAE) en Andaluc\u00eda.&hellip;\n","protected":false},"author":2,"featured_media":152335,"comment_status":"","ping_status":"","sticky":false,"template":"","format":"standard","meta":{"footnotes":""},"categories":[8],"tags":[1968,17,18,46065,46066,25,24,13,14,11,19,20,9,10,15,16,23,12,21,22],"class_list":{"0":"post-152334","1":"post","2":"type-post","3":"status-publish","4":"format-standard","5":"has-post-thumbnail","7":"category-espana","8":"tag-artes","9":"tag-breaking-news","10":"tag-breakingnews","11":"tag-catedraticos","12":"tag-catedraticos-musica-y-artes-escenicas","13":"tag-es","14":"tag-espana","15":"tag-featured-news","16":"tag-featurednews","17":"tag-headlines","18":"tag-latest-news","19":"tag-latestnews","20":"tag-news","21":"tag-noticias","22":"tag-noticias-destacadas","23":"tag-noticiasdestacadas","24":"tag-spain","25":"tag-titulares","26":"tag-ultimas-noticias","27":"tag-ultimasnoticias"},"share_on_mastodon":{"url":"","error":""},"_links":{"self":[{"href":"https:\/\/www.europesays.com\/es\/wp-json\/wp\/v2\/posts\/152334","targetHints":{"allow":["GET"]}}],"collection":[{"href":"https:\/\/www.europesays.com\/es\/wp-json\/wp\/v2\/posts"}],"about":[{"href":"https:\/\/www.europesays.com\/es\/wp-json\/wp\/v2\/types\/post"}],"author":[{"embeddable":true,"href":"https:\/\/www.europesays.com\/es\/wp-json\/wp\/v2\/users\/2"}],"replies":[{"embeddable":true,"href":"https:\/\/www.europesays.com\/es\/wp-json\/wp\/v2\/comments?post=152334"}],"version-history":[{"count":0,"href":"https:\/\/www.europesays.com\/es\/wp-json\/wp\/v2\/posts\/152334\/revisions"}],"wp:featuredmedia":[{"embeddable":true,"href":"https:\/\/www.europesays.com\/es\/wp-json\/wp\/v2\/media\/152335"}],"wp:attachment":[{"href":"https:\/\/www.europesays.com\/es\/wp-json\/wp\/v2\/media?parent=152334"}],"wp:term":[{"taxonomy":"category","embeddable":true,"href":"https:\/\/www.europesays.com\/es\/wp-json\/wp\/v2\/categories?post=152334"},{"taxonomy":"post_tag","embeddable":true,"href":"https:\/\/www.europesays.com\/es\/wp-json\/wp\/v2\/tags?post=152334"}],"curies":[{"name":"wp","href":"https:\/\/api.w.org\/{rel}","templated":true}]}}