{"id":152336,"date":"2025-10-02T08:38:10","date_gmt":"2025-10-02T08:38:10","guid":{"rendered":"https:\/\/www.europesays.com\/es\/152336\/"},"modified":"2025-10-02T08:38:10","modified_gmt":"2025-10-02T08:38:10","slug":"el-paro-sube-en-septiembre-por-el-final-de-la-campana-turistica-pero-se-mantiene-por-debajo-de-las-600-000-personas-noticias","status":"publish","type":"post","link":"https:\/\/www.europesays.com\/es\/152336\/","title":{"rendered":"El paro sube en septiembre por el final de la campa\u00f1a tur\u00edstica pero se mantiene por debajo de las 600.000 personas &#8211; Noticias"},"content":{"rendered":"<p>El n\u00famero de personas desempleadas en Andaluc\u00eda se consolida <strong>por debajo de la barrera de los 600.000 parados<\/strong>, por cuarto mes consecutivo, a pesar de la subida registrada en el mes de septiembre, de 7.116 personas (1,20%). Pese a este habitual incremento (el paro siempre sube en septiembre), la comunidad mantiene niveles de desempleo similares a los de hace 17 a\u00f1os, situando la cifra total en 599.727 personas. En Espa\u00f1a, el paro baj\u00f3 en 4.846 personas (-0,20%), con lo que el n\u00famero de parados se sit\u00faa en 2.421.665. <\/p>\n<p>En los <strong>\u00faltimos 12 meses<\/strong>, el paro se ha reducido en Andaluc\u00eda en <strong>47.327<\/strong><strong> personas<\/strong> (-7,31%), encadenando descensos interanuales durante <strong>53<\/strong><strong> meses consecutivos<\/strong>, desde mayo de 2021. La comunidad registra de nuevo la mayor bajada interanual en t\u00e9rminos absolutos del conjunto del pa\u00eds, donde el desempleo ha bajado en 153.620 personas (-5,97%). El dato implica que Andaluc\u00eda aporta un tercio del descenso registrado en Espa\u00f1a durante el \u00faltimo a\u00f1o y lo hace de manera m\u00e1s intensa, 1,34 puntos m\u00e1s.<\/p>\n<p>El paro se redujo en septiembre en Andaluc\u00eda <strong>en la construcci\u00f3n (-1.734 personas) y en la agricultura (-1.130 desempleados) <\/strong>y se increment\u00f3 en el resto, principalmente en los servicios (7.774 parados), afectado por el final de los contratos en el turismo y la hosteler\u00eda, sector que aporta el 78% del incremento mensual. Tambi\u00e9n lo hizo en el colectivo sin empleo anterior (2.137 personas) y la industria (69 parados). En el <strong>\u00faltimo a\u00f1o<\/strong>, el paro ha descendido <strong>en todos los sectores<\/strong>: agricultura (-13,78%), construcci\u00f3n (-11,92%), industria (-8,75%), colectivo sin empleo anterior (-6,30%) y los servicios (-6,22%).<\/p>\n<p><strong>Por sexos<\/strong>, el paro se increment\u00f3 en septiembre un 0,49% en los hombres y un 1,64% en las mujeres. Respecto a septiembre de 2024, descendi\u00f3 un -8,26% en el colectivo masculino y un -6,72% en el femenino. <strong>Por edades<\/strong>, el desempleo creci\u00f3 el pasado mes un 9,59% entre los menores de 24 a\u00f1os, 0,80% en el colectivo entre 25 y 44 a\u00f1os y 0,26% entre los mayores de 45 a\u00f1os. En el \u00faltimo a\u00f1o, ha descendido un -2,29% en el caso de los menores de 24 a\u00f1os, un -9,07% en el grupo de entre 25 y 44 a\u00f1os y un -6,91% entre los mayores de 45 a\u00f1os.<\/p>\n<p><strong>Datos por provincias<\/strong><\/p>\n<p>El paro baj\u00f3 el pasado mes <strong>en la provincia de Sevilla (-0,13%) <\/strong>y se increment\u00f3 en el resto: C\u00e1diz (3,38%), Huelva (2,44%), Ja\u00e9n (1,71%), Granada (1,54%), Almer\u00eda (0,83%), M\u00e1laga (0,59%) y C\u00f3rdoba (0,47%). Con respecto a septiembre del a\u00f1o anterior, el paro descendi\u00f3 -10,13% en Ja\u00e9n, -9,59% en Almer\u00eda, -8,47% en Huelva, -8,37% en C\u00f3rdoba, -7,19% en C\u00e1diz, -7,03% en M\u00e1laga, -6,33% en Sevilla y -5,64% en Granada.<\/p>\n<p>En <strong>t\u00e9rminos absolutos <\/strong>el desempleo se redujo con fuerza en septiembre en todas las provincias, en especial en Sevilla (-9.872 personas), tercera provincia del pa\u00eds tras la Comunidad de Madrid y Valencia con el mayor descenso en t\u00e9rminos absolutos, superior incluso a los registrados por comunidades como Catalu\u00f1a o Galicia. M\u00e1laga y C\u00e1diz ocupan la cuarta y quinta posici\u00f3n del descenso neto en este per\u00edodo.<\/p>\n<p>El n\u00famero de <strong>contratos <\/strong>registrados en septiembre en Andaluc\u00eda <strong>creci\u00f3<\/strong><strong> un 43,28%<\/strong> respecto al mes de agosto, de manera que en el \u00faltimo mes se formalizaron <strong>283.390<\/strong><strong> acuerdos laborales, de los que el 42% (119.082) fueron de car\u00e1cter indefinido. <\/strong>Con respecto a septiembre de 2024, la contrataci\u00f3n subi\u00f3 un 5,89%.<\/p>\n<p><strong>Seguridad Social<\/strong><\/p>\n<p>Respecto a los datos de <strong>afiliados a la Seguridad Social<\/strong>, Andaluc\u00eda cerr\u00f3 el mes de septiembre con un <strong>descenso de 11.168<\/strong><strong> afiliados <\/strong>(-0,32%) respecto al mes anterior, de manera que el n\u00famero total de cotizantes se sit\u00faa en 3.464.232. En el conjunto de Espa\u00f1a la afiliaci\u00f3n creci\u00f3 en 31.462 personas, un 0,15%, situ\u00e1ndose en los 21.697.665 cotizantes. <\/p>\n<p><strong>En los \u00faltimos doce meses, <\/strong>Andaluc\u00eda ha incrementado el n\u00famero de afiliados en<strong> <a name=\"_Hlk126224741\">77.241 nuevos <\/a><\/strong>trabajadores,<strong> un 2,28%, <\/strong>convirti\u00e9ndose en la segunda<strong> <\/strong>regi\u00f3n<strong> <\/strong>que m\u00e1s cotizantes gana en t\u00e9rminos absolutos de Espa\u00f1a, s\u00f3lo por detr\u00e1s de la Comunidad de Madrid. En el conjunto del pa\u00eds, el n\u00famero de afiliados ha aumentado en los \u00faltimos doce meses en 499.459, un 2,36%. <\/p>\n<p><strong>Aut\u00f3nomos<\/strong><\/p>\n<p>En el \u00faltimo mes, el n\u00famero de <strong>tr<a name=\"_Hlk110332641\">abajadores aut\u00f3nomos creci\u00f3 en 1.694 personas<\/a><\/strong>, un 0,3%, situando la cifra en 590.015 afiliados al RETA. En el conjunto de Espa\u00f1a, la afiliaci\u00f3n aument\u00f3 en 7.581 personas, lo que supone un 0,2% m\u00e1s y el n\u00famero total en 3.413.292. <\/p>\n<p>Con respecto a septiembre de 2024, Andaluc\u00eda ha sumado <strong>7.832 aut\u00f3nomos, con un 1,3% de incremento, <\/strong>mientras que en Espa\u00f1a lo hizo en 36.212 personas. <\/p>\n","protected":false},"excerpt":{"rendered":"El n\u00famero de personas desempleadas en Andaluc\u00eda se consolida por debajo de la barrera de los 600.000 parados,&hellip;\n","protected":false},"author":2,"featured_media":152337,"comment_status":"","ping_status":"","sticky":false,"template":"","format":"standard","meta":{"footnotes":""},"categories":[5],"tags":[17,18,5509,25,24,13,14,11,19,20,9,10,15,16,23,12,21,22],"class_list":{"0":"post-152336","1":"post","2":"type-post","3":"status-publish","4":"format-standard","5":"has-post-thumbnail","7":"category-titulares","8":"tag-breaking-news","9":"tag-breakingnews","10":"tag-empleo","11":"tag-es","12":"tag-espana","13":"tag-featured-news","14":"tag-featurednews","15":"tag-headlines","16":"tag-latest-news","17":"tag-latestnews","18":"tag-news","19":"tag-noticias","20":"tag-noticias-destacadas","21":"tag-noticiasdestacadas","22":"tag-spain","23":"tag-titulares","24":"tag-ultimas-noticias","25":"tag-ultimasnoticias"},"share_on_mastodon":{"url":"","error":""},"_links":{"self":[{"href":"https:\/\/www.europesays.com\/es\/wp-json\/wp\/v2\/posts\/152336","targetHints":{"allow":["GET"]}}],"collection":[{"href":"https:\/\/www.europesays.com\/es\/wp-json\/wp\/v2\/posts"}],"about":[{"href":"https:\/\/www.europesays.com\/es\/wp-json\/wp\/v2\/types\/post"}],"author":[{"embeddable":true,"href":"https:\/\/www.europesays.com\/es\/wp-json\/wp\/v2\/users\/2"}],"replies":[{"embeddable":true,"href":"https:\/\/www.europesays.com\/es\/wp-json\/wp\/v2\/comments?post=152336"}],"version-history":[{"count":0,"href":"https:\/\/www.europesays.com\/es\/wp-json\/wp\/v2\/posts\/152336\/revisions"}],"wp:featuredmedia":[{"embeddable":true,"href":"https:\/\/www.europesays.com\/es\/wp-json\/wp\/v2\/media\/152337"}],"wp:attachment":[{"href":"https:\/\/www.europesays.com\/es\/wp-json\/wp\/v2\/media?parent=152336"}],"wp:term":[{"taxonomy":"category","embeddable":true,"href":"https:\/\/www.europesays.com\/es\/wp-json\/wp\/v2\/categories?post=152336"},{"taxonomy":"post_tag","embeddable":true,"href":"https:\/\/www.europesays.com\/es\/wp-json\/wp\/v2\/tags?post=152336"}],"curies":[{"name":"wp","href":"https:\/\/api.w.org\/{rel}","templated":true}]}}