{"id":152338,"date":"2025-10-02T08:39:07","date_gmt":"2025-10-02T08:39:07","guid":{"rendered":"https:\/\/www.europesays.com\/es\/152338\/"},"modified":"2025-10-02T08:39:07","modified_gmt":"2025-10-02T08:39:07","slug":"el-galdar-firma-a-magnol-suarez-portero-internacional-cubano","status":"publish","type":"post","link":"https:\/\/www.europesays.com\/es\/152338\/","title":{"rendered":"El G\u00e1ldar firma a Magnol Su\u00e1rez, portero internacional cubano"},"content":{"rendered":"<p>El Balonmano G\u00e1ldar Gran Canaria anuncia el fichaje de Magnol Su\u00e1rez Fis, portero cubano de 31 a\u00f1os y 2,02 metros de altura, que se incorpora al conjunto canario para la temporada 2025\/26. Su llegada supone un importante refuerzo en la porter\u00eda, donde aportar\u00e1 experiencia, f\u00edsico y liderazgo.<br \/>\u00a0<\/p>\n<p>Su\u00e1rez llega procedente del Handbol Mallorca, tras una dilatada trayectoria que incluye pasos por la Sanjoanense y la Art\u00edstica Avanca en Portugal, adem\u00e1s del Balonmano Base Oviedo y el BM Villa de Aranda en Espa\u00f1a, donde milit\u00f3 durante varias temporadas.<br \/>\u00a0<\/p>\n<p>A nivel internacional, ha sido pieza clave en la selecci\u00f3n de Cuba, con la que particip\u00f3 en el Mundial 2025 celebrado en Croacia, Dinamarca y Noruega, consolid\u00e1ndose como uno de los referentes en la porter\u00eda del combinado nacional.<br \/>\u00a0<\/p>\n","protected":false},"excerpt":{"rendered":"El Balonmano G\u00e1ldar Gran Canaria anuncia el fichaje de Magnol Su\u00e1rez Fis, portero cubano de 31 a\u00f1os y&hellip;\n","protected":false},"author":2,"featured_media":152339,"comment_status":"","ping_status":"","sticky":false,"template":"","format":"standard","meta":{"footnotes":""},"categories":[278],"tags":[376,168,25,24,375,23,167],"class_list":{"0":"post-152338","1":"post","2":"type-post","3":"status-publish","4":"format-standard","5":"has-post-thumbnail","7":"category-balonmano","8":"tag-balonmano","9":"tag-deportes","10":"tag-es","11":"tag-espana","12":"tag-handball","13":"tag-spain","14":"tag-sports"},"share_on_mastodon":{"url":"","error":""},"_links":{"self":[{"href":"https:\/\/www.europesays.com\/es\/wp-json\/wp\/v2\/posts\/152338","targetHints":{"allow":["GET"]}}],"collection":[{"href":"https:\/\/www.europesays.com\/es\/wp-json\/wp\/v2\/posts"}],"about":[{"href":"https:\/\/www.europesays.com\/es\/wp-json\/wp\/v2\/types\/post"}],"author":[{"embeddable":true,"href":"https:\/\/www.europesays.com\/es\/wp-json\/wp\/v2\/users\/2"}],"replies":[{"embeddable":true,"href":"https:\/\/www.europesays.com\/es\/wp-json\/wp\/v2\/comments?post=152338"}],"version-history":[{"count":0,"href":"https:\/\/www.europesays.com\/es\/wp-json\/wp\/v2\/posts\/152338\/revisions"}],"wp:featuredmedia":[{"embeddable":true,"href":"https:\/\/www.europesays.com\/es\/wp-json\/wp\/v2\/media\/152339"}],"wp:attachment":[{"href":"https:\/\/www.europesays.com\/es\/wp-json\/wp\/v2\/media?parent=152338"}],"wp:term":[{"taxonomy":"category","embeddable":true,"href":"https:\/\/www.europesays.com\/es\/wp-json\/wp\/v2\/categories?post=152338"},{"taxonomy":"post_tag","embeddable":true,"href":"https:\/\/www.europesays.com\/es\/wp-json\/wp\/v2\/tags?post=152338"}],"curies":[{"name":"wp","href":"https:\/\/api.w.org\/{rel}","templated":true}]}}