{"id":152340,"date":"2025-10-02T08:40:15","date_gmt":"2025-10-02T08:40:15","guid":{"rendered":"https:\/\/www.europesays.com\/es\/152340\/"},"modified":"2025-10-02T08:40:15","modified_gmt":"2025-10-02T08:40:15","slug":"los-espanoles-somos-muy-distintos-unos-de-otros-en-los-toros-y-en-todo","status":"publish","type":"post","link":"https:\/\/www.europesays.com\/es\/152340\/","title":{"rendered":"Los espa\u00f1oles somos muy distintos unos de otros. En los toros y en todo"},"content":{"rendered":"\n<p> Tras el \u00e9xito de<strong> &#8216;Tardes de Soledad&#8217;<\/strong>, llega a Disney+, el mi\u00e9rcoles 8 de octubre, <strong>&#8216;La Suerte&#8217;<\/strong>. Muchos se preguntar\u00e1n qu\u00e9 tiene que ver la pel\u00edcula de <strong><a href=\"https:\/\/www.elconfidencial.com\/cultura\/2019-11-26\/albert-serra-director-liberte-entrevista_2350780\/\" target=\"_self\" rel=\"nofollow noopener\">Albert Serra<\/a><\/strong> con una ficci\u00f3n de seis cap\u00edtulos en la que tambi\u00e9n est\u00e1, de fondo, la tauromaquia. <\/p>\n<p> Lo que al principio parece una comedia sobre la improbable uni\u00f3n entre un torero y el chico que le lleva en taxi a las corridas, se acaba convirtiendo, como bien dice <strong><a href=\"https:\/\/www.vanitatis.elconfidencial.com\/famosos\/2023-06-01\/ricardo-gomez-carlitos-cuentame-habla-fama-nino_3657273\/\" target=\"_self\" rel=\"nofollow noopener\">Ricardo G\u00f3mez<\/a><\/strong>, uno de sus protagonistas, en un tratado sobre la vida y la muerte. Como la pel\u00edcula de Serra, que ha gustado a taurinos y antitaurinos&#8230; <\/p>\n<p> &#8216;La Suerte&#8217; tambi\u00e9n es el relato de la crisis existencial de dos personajes: el torero que tiene miedo a la vida fuera de la plaza y el opositor que tiene que luchar como puede contra la precariedad. <\/p>\n<p>               P\u00f3ster de &#8216;La Suerte&#8217;. (Disney Plus)             <\/p>\n<p> De las situaciones surrealistas que genera la serie, de su rodaje en celuloide o de la loca mezcla de g\u00e9neros efectuada por sus creadores, Paco Plaza y Pablo Guerrero, nos hablaron \u00d3scar y Ricardo este mi\u00e9rcoles en el hotel Thompson de Madrid. <\/p>\n<p>&#13;<br \/>\n<strong>PREGUNTA. Un taxista y un torero. Dos personajes muy dispares&#8230; \u00bfC\u00f3mo hab\u00e9is trabajado la qu\u00edmica entre vosotros? \u00bfOs conoc\u00edais antes?<\/strong> <\/p>\n<p> <strong>\u00d3SCAR JAENADA.<\/strong> La hemos trabajado sobre la marcha. Nos conoc\u00edamos, nos respet\u00e1bamos y nuestra amistad, l\u00f3gicamente, se ha visto incrementada cuando hemos trabajado juntos. <\/p>\n<p> Profesionalmente, hemos estado cuatro meses o m\u00e1s, codo con codo, luchando por un mismo proyecto y eso une much\u00edsimo. Y m\u00e1s cuando el resultado es este: solo tienes ganas de promocionarlo y volver a estar con los compa\u00f1eros porque est\u00e1s orgulloso del trabajo. <\/p>\n<p>                   El reparto de &#8216;La Suerte&#8217;, en el que tambi\u00e9n est\u00e1 \u00d3scar Higares. (Gtres)             <\/p>\n<p> <strong>RICARDO G\u00d3MEZ. <\/strong>Al final, para crecer en cualquier profesi\u00f3n es bueno rodearte de los mejores. Y en este caso venimos con Paco, con Pablo y con \u00d3scar, al que admiro desde hace tantos a\u00f1os. Al final, eso lo pone todo mucho m\u00e1s f\u00e1cil. Como actor, siempre va a ser mucho m\u00e1s f\u00e1cil defender tu trabajo y lo tuyo si giras la cabeza y ves a alguien tan bueno como \u00d3scar. <\/p>\n<p>               G\u00f3mez, el pasado festival de San Sebasti\u00e1n. (Disney )             <\/p>\n<p> <strong>P. Ricardo, en algunos momentos tu personaje se ve metido en situaciones surrealistas con este torero y su cuadrilla. Hay muchos planos tuyos de reacci\u00f3n. \u00bfC\u00f3mo los trabajaste?<\/strong> <\/p>\n<p> <strong>RICARDO G\u00d3MEZ.<\/strong> Cuando t\u00fa recibes el gui\u00f3n de una pel\u00edcula o unos guiones de una serie, la idea del personaje est\u00e1 en el papel. Pero despu\u00e9s, creo que se construyen en lo que no dicen, igual que pasa con las personas. Es decir, yo te puedo estar diciendo esto, pero si por dentro estoy pensando &#8216;este t\u00edo me cae fatal&#8217;, es ese pensamiento el que construye mi personalidad. <\/p>\n<p>                   G\u00f3mez, durante el rodaje de &#8216;La Suerte&#8217;. (Disney )             <\/p>\n<p> <strong>RICARDO G\u00d3MEZ.<\/strong> Con David (su personaje) he tenido la oportunidad de construir un personaje en el que, m\u00e1s all\u00e1 de lo que dice, el pilar fundamental es su opini\u00f3n muda acerca del universo en el que se est\u00e1 metiendo. <\/p>\n<p> Y luego tienes que invitar a una cena al montador porque es el que te dosifica. T\u00fa puedes reaccionar a todo, pero si te montan todas las reacciones est\u00e1s sobreactuado y si no te montan ninguna, est\u00e1s soso. Creo que han hecho un trabajo muy bonito de elegir la justa medida y ah\u00ed es donde se ha creado esto que mencionas. <\/p>\n<p>               Jaenada y G\u00f3mez junto a Paco Plaza durante el rodaje. (Disney )             <\/p>\n<p> <strong>P. A tu personaje, \u00d3scar, lo vamos descubriendo poco a poco, sobre todo en el cuarto cap\u00edtulo, rodado en su mayor parte en blanco y negro. \u00bfRodasteis cronol\u00f3gicamente para trabajar esa evoluci\u00f3n?<\/strong> <\/p>\n<p> <strong>\u00d3SCAR JAENADA. <\/strong>Bueno, no especialmente. Nos daban permisos para seg\u00fan qu\u00e9 plazas cuando no hab\u00eda corrida, para otras no&#8230; Ten\u00edamos que ir adecu\u00e1ndolo. Pero la escena ya te respiraba en d\u00f3nde estabas. Nosotros ten\u00edamos nuestro arco y nuestro gui\u00f3n trabajado, lleno de rayajos, flechas y dem\u00e1s. <\/p>\n<p> En eso te apoyas para saber precisamente de d\u00f3nde vienes, cu\u00e1l es el sentido de lo que has rodado o qu\u00e9 es lo que va justo despu\u00e9s para que tenga un sentido. De todas maneras el gui\u00f3n ya te daba esa estructura. <\/p>\n<p> Yo creo que la evoluci\u00f3n del maestro ya la ves cuando lees los seis primeros cap\u00edtulos y sabes que hay m\u00e1s informaci\u00f3n en el cuarto. Entonces intentas en los cap\u00edtulos anteriores ir soltando cosas. <\/p>\n<p>                   \u00d3scar Jaenada, torero en &#8216;La Suerte&#8217;. (Disney )             <\/p>\n<p> <strong>P. Al leer el guion por primera vez, \u00bfos asust\u00f3 que, ahora que est\u00e1 todo tan polarizado, pudieran veros como defensores de la tauromaquia o viceversa?<\/strong> <\/p>\n<p> <strong>\u00d3SCAR JAENADA. <\/strong>Para nada. Nunca voy a pensar eso. Me da absolutamente igual. Lo importante es que tengo que interpretar a un torero y los toreros que lo vean tienen que ver a un torero. Luego, si le gusta al p\u00fablico general, pues mejor. <\/p>\n<p> No me preocupa para nada todo lo dem\u00e1s. Me importaba saber que el mundo de la tauromaquia est\u00e1 ah\u00ed, pero no es lo realmente importante y que es Disney quien est\u00e1 detr\u00e1s, adem\u00e1s de Paco Plaza y Pablo Guerrero. <\/p>\n<p>                   \u00d3scar Jaenada y su cuadrilla en &#8216;La Suerte&#8217;. (Disney )             <\/p>\n<p> <strong>RICARDO G\u00d3MEZ.<\/strong> Todos tenemos nuestra opini\u00f3n. Pero nosotros como actores, no podemos pensar todo el rato en el recibimiento a no ser que sea algo donde est\u00e1 muy marcado el punto de vista, que se defienda una cosa con la que t\u00fa est\u00e1s totalmente en contra. <\/p>\n<p> Eso s\u00ed que te puede poner un poco m\u00e1s en jaque. Pero es que entonces no interpretar\u00edamos a asesinos, a narcotraficantes&#8230; no interpretar\u00edamos cosas que socialmente est\u00e1n mal vistas. <\/p>\n<p> El de la tauromaquia es un tema muy pol\u00e9mico, y con toda la raz\u00f3n desde mi punto de vista, pero a la hora de interpretar me pasa igual que \u00d3scar, que confiaba mucho en que Paco y Pablo lo que quer\u00edan hacer era una deconstrucci\u00f3n de Espa\u00f1a. El mundo del toro estaba ah\u00ed pero no era el foco central de la historia. <\/p>\n<p>                   Ricardo G\u00f3mez observa a \u00d3scar Jaenada y Almudena Cid en &#8216;La Suerte&#8217;. (Disney )             <\/p>\n<p> <strong>\u00d3SCAR JAENADA. <\/strong>Espa\u00f1a es as\u00ed. Son muchos puntos de vista y todos somos espa\u00f1oles y con muchos puntos de vista. En los toros y en todo. No queramos cambiar al otro, ni queramos que se sienta como te sientes t\u00fa, porque funcionan de otra manera, vienen de otra cultura y nuestras abuelas o bisabuelas han tenido hijos con gente muy distinta. <\/p>\n<p> Hay que saber que algunos espa\u00f1oles han sido \u00e1rabes, otros fenicios, otros romanos&#8230; y que somos distintos. Al ser distintos y pertenecer todos al mismo sitio, pues se provocan situaciones un poco raras, como esta relaci\u00f3n de este torero y este antitaurino. Una relaci\u00f3n rara pero tambi\u00e9n basada en la admiraci\u00f3n. <\/p>\n<p> <strong>P. \u00bfQu\u00e9 fue lo que m\u00e1s os sorprendi\u00f3 al ver el resultado final de la serie?<\/strong> <\/p>\n<p> <strong>RICARDO G\u00d3MEZ. <\/strong>Como cin\u00e9filo y como espectador, al margen de que la hayamos protagonizado nosotros, lo que m\u00e1s me ha sorprendido es el uso del celuloide y que est\u00e9 rodada en 16 mil\u00edmetros. La textura es llamativa, y m\u00e1s ahora que vivimos en un universo absolutamente digital. Una historia que, desde mi punto de vista, trata un tema absolutamente anacr\u00f3nico, est\u00e1 contada con el grano que te aporta el fotoqu\u00edmico. <\/p>\n<p> Parece que est\u00e1s viendo algo de \u00e9poca, pero est\u00e1 ambientado en la actualidad. Y eso es gracias a los diferentes estilos de cada cap\u00edtulo: el 4\/3, el blanco y negro, el panor\u00e1mico&#8230; Muchas veces, las c\u00e1maras sirven para contar el cuento y otras veces sirven para entrar dentro de la psicolog\u00eda de los personajes. Como actor, para m\u00ed ha sido un privilegio estar en el set trabajando y ver todo eso. Y como espectador lo he disfrutado much\u00edsimo. <\/p>\n<p>               \u00d3scar Higares y \u00d3scar Jaenada, en una de las plazas de &#8216;La Suerte&#8217;. (Disney )             <\/p>\n<p> <strong>P. \u00bfCalificar\u00edais la serie como una comedia?<\/strong> <\/p>\n<p> <strong>RICARDO G\u00d3MEZ.<\/strong> A m\u00ed me costar\u00eda. Es una comedia disparatada en algunos momentos, a veces absurda, pero dir\u00eda que es un tratado sobre la muerte y sobre el dolor y el miedo. <\/p>\n","protected":false},"excerpt":{"rendered":"Tras el \u00e9xito de &#8216;Tardes de Soledad&#8217;, llega a Disney+, el mi\u00e9rcoles 8 de octubre, &#8216;La Suerte&#8217;. Muchos&hellip;\n","protected":false},"author":2,"featured_media":152341,"comment_status":"","ping_status":"","sticky":false,"template":"","format":"standard","meta":{"footnotes":""},"categories":[277],"tags":[373,168,25,24,23,167,374],"class_list":{"0":"post-152340","1":"post","2":"type-post","3":"status-publish","4":"format-standard","5":"has-post-thumbnail","7":"category-toreo","8":"tag-bullfighting","9":"tag-deportes","10":"tag-es","11":"tag-espana","12":"tag-spain","13":"tag-sports","14":"tag-toreo"},"share_on_mastodon":{"url":"","error":""},"_links":{"self":[{"href":"https:\/\/www.europesays.com\/es\/wp-json\/wp\/v2\/posts\/152340","targetHints":{"allow":["GET"]}}],"collection":[{"href":"https:\/\/www.europesays.com\/es\/wp-json\/wp\/v2\/posts"}],"about":[{"href":"https:\/\/www.europesays.com\/es\/wp-json\/wp\/v2\/types\/post"}],"author":[{"embeddable":true,"href":"https:\/\/www.europesays.com\/es\/wp-json\/wp\/v2\/users\/2"}],"replies":[{"embeddable":true,"href":"https:\/\/www.europesays.com\/es\/wp-json\/wp\/v2\/comments?post=152340"}],"version-history":[{"count":0,"href":"https:\/\/www.europesays.com\/es\/wp-json\/wp\/v2\/posts\/152340\/revisions"}],"wp:featuredmedia":[{"embeddable":true,"href":"https:\/\/www.europesays.com\/es\/wp-json\/wp\/v2\/media\/152341"}],"wp:attachment":[{"href":"https:\/\/www.europesays.com\/es\/wp-json\/wp\/v2\/media?parent=152340"}],"wp:term":[{"taxonomy":"category","embeddable":true,"href":"https:\/\/www.europesays.com\/es\/wp-json\/wp\/v2\/categories?post=152340"},{"taxonomy":"post_tag","embeddable":true,"href":"https:\/\/www.europesays.com\/es\/wp-json\/wp\/v2\/tags?post=152340"}],"curies":[{"name":"wp","href":"https:\/\/api.w.org\/{rel}","templated":true}]}}