{"id":152342,"date":"2025-10-02T08:41:07","date_gmt":"2025-10-02T08:41:07","guid":{"rendered":"https:\/\/www.europesays.com\/es\/152342\/"},"modified":"2025-10-02T08:41:07","modified_gmt":"2025-10-02T08:41:07","slug":"josh-emmett-y-youssef-zalal-dos-de-los-mas-importantes-rivales-de-ilia-topuria-chocaran-en-ufc-320","status":"publish","type":"post","link":"https:\/\/www.europesays.com\/es\/152342\/","title":{"rendered":"Josh Emmett y Youssef Zalal, dos de los m\u00e1s importantes rivales de Ilia Topuria, chocar\u00e1n en UFC 320"},"content":{"rendered":"<p data-gtm-element-container=\"modulo-texto-link\" class=\"paragraph\">Ilia Topuria tendr\u00e1 un ojo ubicado en el UFC 320 de este fin de semana. <strong>Josh Emmett (19-5, 7 KO) y Youssef Zalal (17-5-1, 4 KO)<\/strong>, dos de sus m\u00e1s importantes rivales dentro de la compa\u00f1\u00eda m\u00e1s importante del mundo, <strong>colisionan este fin de semana en el T-Mobile Arena de Las Vegas. <\/strong>El combate, dentro de los l\u00edmites del peso pluma, es trascendental para la carrera de los dos competidores. La contienda, tanto del americano como del marroqu\u00ed, ante el doble campe\u00f3n, supuso un punto de inflexi\u00f3n en cada una de sus carreras deportivas.<\/p>\n<p data-gtm-element-container=\"modulo-texto-link\" class=\"paragraph\">A\u00f1o 2020. Ilia Topuria entra a la UFC en un corto aviso, y su primer rival es<strong> Youssef Zalal<\/strong>, un contendiente que contaba ya con tres victorias dentro del conglomerado, y que hab\u00eda aterrizado a la compa\u00f1\u00eda despu\u00e9s de desempe\u00f1ar un gran papel en LFA. <strong>El Matador, acompa\u00f1ado por Jorge y Agust\u00edn Climent, logra vencer a The Moroccan Devil en tres asaltos <\/strong>de dominio en el suelo y con grandes destellos en el golpeo, para ubicar su nombre en el mapa de las MMA internacionales.<\/p>\n<p data-gtm-element-container=\"modulo-texto-link\" class=\"paragraph\">Pelear ante El Matador fue el condicionante que caus\u00f3 todo sus males. A partir de su compromiso ante Ilia Topuria, Youssef Zalal no volvi\u00f3 a ser el mismo<strong>: el marroqu\u00ed encadeno, junto a su derrota ante el ex campe\u00f3n de peso pluma, hasta tres derrotas dentro de la UFC<\/strong>, con un empate en su \u00faltimo compromiso como peleador oficial de la empresa. Despu\u00e9s de la cancelaci\u00f3n de su pelea ante Cristian Qui\u00f1onez, <strong>la compa\u00f1\u00eda decidi\u00f3 romper relaciones con el competidor africano<\/strong> y los caminos ahora estaban m\u00e1s que separados entre la corporaci\u00f3n y el aspirante.<\/p>\n<p data-gtm-element-container=\"modulo-texto-link\" class=\"paragraph\">Ilia Topuria continu\u00f3 su camino y, despu\u00e9s de fulminar a cada uno de sus oponentes, choc\u00f3 con Josh Emmett en el verano del 2023. El Matador rubric\u00f3 una victoria hist\u00f3rica:\u00a0<strong>50-44, 42-50 y 49-45 fue el resultado final para una batalla en la que Topuria consigui\u00f3 un hito sin precedentes en la UFC.<\/strong>\u00a0Fue la segunda vez en la historia en la que un juez punt\u00faa por 10-7 una ronda, y la primera vez que sucede en un combate a cinco rondas. Para conocer la primera ocasi\u00f3n en la que esto sucedi\u00f3<strong> hay que trasladarse al combate entre Forrest Petz y Sammy Morgan en The Ultimate Fighter<\/strong>, un enfrentamiento que sucedi\u00f3 all\u00e1 por el a\u00f1o 2006.<\/p>\n<p data-gtm-element-container=\"modulo-texto-link\" class=\"paragraph\">Aquel despliegue vali\u00f3 para Topuria una oportunidad por el t\u00edtulo de los pesos pluma que ostentaba Alexander Volkanovski. El resto fue historia: <strong>El Matador acab\u00f3 con The Great, defendi\u00f3 ante Max Holloway, y subi\u00f3 al peso ligero este mismo verano para noquear a Charles Oliveira <\/strong>y conseguir as\u00ed el sue\u00f1o del doble campeonato de la UFC. Youssef Zalal, el compa\u00f1ero de baile de su debut, y Josh Emmett, el tipo que desbloque\u00f3 su caminata al estrellato, colisionan ahora en el oct\u00e1gono del T-Mobile Arena para alzar sus intereses hacia los cinco mejores competidores de las 145 libras.<\/p>\n<p data-gtm-element-container=\"modulo-texto-link\" class=\"paragraph\">\u00abLa primera vez que perd\u00ed en la UFC fue con Ilia Topuria y ver lo que ha hecho ahora es loco.<strong> Volver\u00e9 a pelear con Ilia Topuria y ser\u00e9 campe\u00f3n del mundo<\/strong>\u00ab, manifest\u00f3 Zalal, en su pen\u00faltimo combate dentro de la compa\u00f1\u00eda de MMA m\u00e1s grande del planeta, quienes lograron repescar al talento marroqu\u00ed tres a\u00f1os despu\u00e9s de su despido.<\/p>\n<p>    Lee tambi\u00e9n<\/p>\n<p data-gtm-element-container=\"modulo-texto-link\" class=\"paragraph\">El resurgido Zalal quiere dar la sorpresa y dejar sin respuesta a un Josh Emmett que viene de caer ante el invicto <strong>Lerone Murphy<\/strong> en su \u00faltimo combate dentro de la UFC. La explosividad del americano chocan con el peculiar estilo de The Moroccan Devil,<strong> que necesita encontrar paz consigo mismo despu\u00e9s de un fat\u00eddico despido <\/strong>y un renacer deportivo que pretende concluir con el oro de la divisi\u00f3n entre su cintura.<\/p>\n","protected":false},"excerpt":{"rendered":"Ilia Topuria tendr\u00e1 un ojo ubicado en el UFC 320 de este fin de semana. Josh Emmett (19-5,&hellip;\n","protected":false},"author":2,"featured_media":152343,"comment_status":"","ping_status":"","sticky":false,"template":"","format":"standard","meta":{"footnotes":""},"categories":[276],"tags":[168,25,24,23,167,343],"class_list":{"0":"post-152342","1":"post","2":"type-post","3":"status-publish","4":"format-standard","5":"has-post-thumbnail","7":"category-ufc","8":"tag-deportes","9":"tag-es","10":"tag-espana","11":"tag-spain","12":"tag-sports","13":"tag-ufc"},"share_on_mastodon":{"url":"","error":""},"_links":{"self":[{"href":"https:\/\/www.europesays.com\/es\/wp-json\/wp\/v2\/posts\/152342","targetHints":{"allow":["GET"]}}],"collection":[{"href":"https:\/\/www.europesays.com\/es\/wp-json\/wp\/v2\/posts"}],"about":[{"href":"https:\/\/www.europesays.com\/es\/wp-json\/wp\/v2\/types\/post"}],"author":[{"embeddable":true,"href":"https:\/\/www.europesays.com\/es\/wp-json\/wp\/v2\/users\/2"}],"replies":[{"embeddable":true,"href":"https:\/\/www.europesays.com\/es\/wp-json\/wp\/v2\/comments?post=152342"}],"version-history":[{"count":0,"href":"https:\/\/www.europesays.com\/es\/wp-json\/wp\/v2\/posts\/152342\/revisions"}],"wp:featuredmedia":[{"embeddable":true,"href":"https:\/\/www.europesays.com\/es\/wp-json\/wp\/v2\/media\/152343"}],"wp:attachment":[{"href":"https:\/\/www.europesays.com\/es\/wp-json\/wp\/v2\/media?parent=152342"}],"wp:term":[{"taxonomy":"category","embeddable":true,"href":"https:\/\/www.europesays.com\/es\/wp-json\/wp\/v2\/categories?post=152342"},{"taxonomy":"post_tag","embeddable":true,"href":"https:\/\/www.europesays.com\/es\/wp-json\/wp\/v2\/tags?post=152342"}],"curies":[{"name":"wp","href":"https:\/\/api.w.org\/{rel}","templated":true}]}}