{"id":152347,"date":"2025-10-02T08:46:31","date_gmt":"2025-10-02T08:46:31","guid":{"rendered":"https:\/\/www.europesays.com\/es\/152347\/"},"modified":"2025-10-02T08:46:31","modified_gmt":"2025-10-02T08:46:31","slug":"lebron-se-inspira-en-el-soy-guapo-y-rico-de-cristiano-para-presumir-de-su-vida","status":"publish","type":"post","link":"https:\/\/www.europesays.com\/es\/152347\/","title":{"rendered":"LeBron se inspira en el \u201csoy guapo y rico\u201d de Cristiano para presumir de su vida"},"content":{"rendered":"<p data-gtm-element-container=\"modulo-texto-link\" class=\"paragraph\"><strong>LeBron James<\/strong> es el paradigma de \u00e9tica de trabajo en el baloncesto de la misma manera que <strong>Cristiano Ronaldo<\/strong> lo es en el f\u00fatbol, ambos registrando todav\u00eda grandes n\u00fameros a sus 40 a\u00f1os aunque el ex del Real Madrid a un nivel m\u00e1s bajo en el Al-Nassr de Arabia Saudita.<\/p>\n<p data-gtm-element-container=\"modulo-texto-link\" class=\"paragraph\">Pero ambas leyendas tienen tambi\u00e9n en com\u00fan ese punto de arrogancia tambi\u00e9n necesario para haber llegado donde lo han hecho, ambos entre los mejores deportistas de la historia.<\/p>\n<p>        Lee tambi\u00e9n<\/p>\n<p>    \u00d3scar Z\u00e1rate<\/p>\n<p>             <img loading=\"lazy\" decoding=\"async\" data-full-src=\"https:\/\/www.mundodeportivo.com\/uploads\/2021\/09\/15\/6141d6c72a48e.jpeg\" alt=\"El actual delantero del Manchester United, dej\u00f3, a su paso por el Real Madrid, un ramillete de frases de lo m\u00e1s destacadas que dejan clara su fuerte personalidad y exacerbada autoestima.\" width=\"334\" height=\"164\" src=\"https:\/\/www.europesays.com\/es\/wp-content\/uploads\/2025\/10\/6141d6c72a48e.jpeg\" class=\"lazy\"\/><\/p>\n<p data-gtm-element-container=\"modulo-texto-link\" class=\"paragraph\">Un componente arrogante que tambi\u00e9n incluye presumir de la parte personal. Y en eso, Cristiano tiene una c\u00e9lebre frase que todav\u00eda hoy resuena.<\/p>\n<p data-gtm-element-container=\"modulo-texto-link\" class=\"paragraph\">\u201cYo creo que porque ser guapo, rico y gran jugador las personas me tienen envidia\u201d, solt\u00f3 el crack portugu\u00e9s en 2011 tras un partido en Croacia ante el Dinamo Zagreb de Champions con el <strong>Real Madrid.<\/strong> Molesto por los abucheos del p\u00fablico, el delantero acab\u00f3 con tres puntos de sutura en el tobillo derecho.<\/p>\n<p data-gtm-element-container=\"modulo-texto-link\" class=\"paragraph\">Han pasado ya 14 a\u00f1os de aquello, pero LeBron acu\u00f1\u00f3 una frase en el Media Day que, por el contenido y el tono, record\u00f3 a aquella frase de Cristiano, como si CR7 hubiera inspirado a The King.<\/p>\n<blockquote class=\"twitter-tweet\" data-lang=\"es\"><p>\n<a href=\"https:\/\/twitter.com\/clutchpoints\/status\/1973039065424613701?s=46\" rel=\"nofollow noopener\" target=\"_blank\">\n<\/p><\/blockquote>\n<p data-gtm-element-container=\"modulo-texto-link\" class=\"paragraph\">\u201c\u00bfC\u00f3mo no me puedo sentir joven? Mi mujer es maravillosa, luzco bien\u2026\u201d, dec\u00eda el compa\u00f1ero de <strong>Luka Doncic<\/strong> presumiendo de su f\u00edsico como Ronaldo y en este caso de su esposa en vez de bolsillo como hizo el futbolista. En este caso, el \u201823\u2019 presum\u00eda para explicar por qu\u00e9 se siente tan joven a sus <strong>40 a\u00f1os.<\/strong><\/p>\n<p data-gtm-element-container=\"modulo-texto-link\" class=\"paragraph\">\u201cMiro a mi edad s\u00f3lo como miro al vino que bebo. Cuanto m\u00e1s viejo el vino que bebo, mejor es. Me siento fant\u00e1stico\u201d, dijo un LeBron que quiz\u00e1 habl\u00f3 demasiado: justo ayer dec\u00eda que se pierde el inicio del training camp por irritaci\u00f3n de un nervio del gl\u00fateo.<\/p>\n<p>    Lee tambi\u00e9n<\/p>\n<p data-gtm-element-container=\"modulo-texto-link\" class=\"paragraph\">En cualquier caso, LeBron James sac\u00f3 pecho de su vida personal como Cristiano Ronaldo, con el que ya tiene algo m\u00e1s en com\u00fan que esa meticulosa \u00e9tica de trabajo que ha convertido a The King en el m\u00e1ximo anotador de todos los tiempos a CR7 en el m\u00e1ximo goleador de la historia. Eso s\u00ed, mientras LeBron est\u00e1 metido de lleno junto a <strong>Michael Jordan<\/strong> en el debate del GOAT del basket, hace tiempo que Cristiano se ha despedido de esa discusi\u00f3n en el f\u00fatbol por culpa de <strong>Leo Messi.<\/strong><\/p>\n<p><script async src=\"https:\/\/platform.twitter.com\/widgets.js\" charset=\"utf-8\"><\/script><\/p>\n","protected":false},"excerpt":{"rendered":"LeBron James es el paradigma de \u00e9tica de trabajo en el baloncesto de la misma manera que Cristiano&hellip;\n","protected":false},"author":2,"featured_media":152348,"comment_status":"","ping_status":"","sticky":false,"template":"","format":"standard","meta":{"footnotes":""},"categories":[269],"tags":[299,298,168,25,24,23,167],"class_list":{"0":"post-152347","1":"post","2":"type-post","3":"status-publish","4":"format-standard","5":"has-post-thumbnail","7":"category-baloncesto","8":"tag-baloncesto","9":"tag-basketball","10":"tag-deportes","11":"tag-es","12":"tag-espana","13":"tag-spain","14":"tag-sports"},"share_on_mastodon":{"url":"","error":""},"_links":{"self":[{"href":"https:\/\/www.europesays.com\/es\/wp-json\/wp\/v2\/posts\/152347","targetHints":{"allow":["GET"]}}],"collection":[{"href":"https:\/\/www.europesays.com\/es\/wp-json\/wp\/v2\/posts"}],"about":[{"href":"https:\/\/www.europesays.com\/es\/wp-json\/wp\/v2\/types\/post"}],"author":[{"embeddable":true,"href":"https:\/\/www.europesays.com\/es\/wp-json\/wp\/v2\/users\/2"}],"replies":[{"embeddable":true,"href":"https:\/\/www.europesays.com\/es\/wp-json\/wp\/v2\/comments?post=152347"}],"version-history":[{"count":0,"href":"https:\/\/www.europesays.com\/es\/wp-json\/wp\/v2\/posts\/152347\/revisions"}],"wp:featuredmedia":[{"embeddable":true,"href":"https:\/\/www.europesays.com\/es\/wp-json\/wp\/v2\/media\/152348"}],"wp:attachment":[{"href":"https:\/\/www.europesays.com\/es\/wp-json\/wp\/v2\/media?parent=152347"}],"wp:term":[{"taxonomy":"category","embeddable":true,"href":"https:\/\/www.europesays.com\/es\/wp-json\/wp\/v2\/categories?post=152347"},{"taxonomy":"post_tag","embeddable":true,"href":"https:\/\/www.europesays.com\/es\/wp-json\/wp\/v2\/tags?post=152347"}],"curies":[{"name":"wp","href":"https:\/\/api.w.org\/{rel}","templated":true}]}}