{"id":152349,"date":"2025-10-02T08:48:08","date_gmt":"2025-10-02T08:48:08","guid":{"rendered":"https:\/\/www.europesays.com\/es\/152349\/"},"modified":"2025-10-02T08:48:08","modified_gmt":"2025-10-02T08:48:08","slug":"norman-reedus-56-actor-de-the-walking-dead-se-enamora-de-esta-region-espanola-quiero-comprar-una-casa-aqui-vandal","status":"publish","type":"post","link":"https:\/\/www.europesays.com\/es\/152349\/","title":{"rendered":"Norman Reedus (56), actor de &#039;The Walking Dead&#039;, se enamora de esta regi\u00f3n espa\u00f1ola: &#039;Quiero comprar una casa aqu\u00ed&#039; &#8211; Vandal"},"content":{"rendered":"<ol>\n<li><a href=\"https:\/\/news.google.com\/rss\/articles\/CBMi6AFBVV95cUxPMjRsN3FNTVNRNzhtdEQ1NkE5NjV4MHJvak5LX0JJdUstZkx0S2FkWGp1QXZTQ1BVak51Rm0yQXU5S1BrU3FRWlF1a2I3UnMzYWtYaUdRWHR1bkduVVBSLUpHQzU1QU5TRUhfVVBydk1qYm5YU2ZRRTNxRFNmRXhQbGdMZk1sTmZ5WG9ERV85c1Z4ZGNQYl9fSUdVX1picjNBeGhfYkVsbzBobGVHUEo3TXU1d1FSRURPY2Y2dWtITmtBT2h1T1Zmcm00VzhpcUcyeVFYNm4tZW5YN2VBQ3lYTnlhVUE0Ul9p0gHuAUFVX3lxTE5weE9IZ1ZMeDh0ZHFqSWhTUGpQQXhYTnFDWXdjQ2paVE1kU1NqcmdycVhqY3RzUEd4d2x0VUlOc1dELTAwRS1mSjFpQ0EwRjVzVV8wREpEaGxhVzlIMlpEWFYteEgxMW1uWG5McGxMNS1hZ3pnWFoxUTBoN2VUM3VXUml6N2g5aEd0QlBzb0VlejVtYmtNSExZQm5zUkg0SV8xNEpiRkpQNXU2eldjOFVodVY1QldCS1FqVkFEdHNsNnRKUXF1bHBNS2lmb3k0RWFvcl8wOGtEN09XbmpnNGJUajhkeFBIYlBycmk4RWc?oc=5\" target=\"_blank\" rel=\"nofollow noopener\">Norman Reedus (56), actor de &#8216;The Walking Dead&#8217;, se enamora de esta regi\u00f3n espa\u00f1ola: &#8216;Quiero comprar una casa aqu\u00ed&#8217;<\/a>&nbsp;&nbsp;Vandal<\/li>\n<li><a href=\"https:\/\/news.google.com\/rss\/articles\/CBMibkFVX3lxTE01emFaRU9IN0N5Qkg2ZjNRbjJHSmpLbmVhZ19oajZTelF6Z1ZvWVRrRS0wRmVfeFI1TGpscTlDLUJ1ZmNnMENFS2czTXNMeVQwTmpsTmZ5NVc2d1Z1THJoc0QtQjkwZHRNSEEtdkN30gFzQVVfeXFMTzZhU1pqTFhHTjdzN2xsQmNfbVowTHhvRkNlOUlyRlZJNXNURllWZlR2R2ZEUU81UUtGU1gxOGgwLVVLbkNVdFcxTzVXdHAtekpnNGwtaWY1WTQ0YzA5eXNnOEZ2N2V4SkRzSEw5SXRUWDViWQ?oc=5\" target=\"_blank\" rel=\"nofollow noopener\">Tenemos que hablar de por qu\u00e9 Espa\u00f1a parece haber retrocedido al pasado en &#8216;The Walking Dead: Daryl Dixon&#8217;: \u00ab\u00bfPor qu\u00e9 la gente se viste como si fuera el siglo XIX?\u00bb<\/a>&nbsp;&nbsp;SensaCine<\/li>\n<li><a href=\"https:\/\/news.google.com\/rss\/articles\/CBMiqwJBVV95cUxORTd3cHVibk45bVZtTFRPdEZDaGNwR2FGa3k3MDNJSksxZVdnUGNhaVFudzlmd1J2U2xuRW5ieXMyWUFEUVBEOERGMHFNMjRPdFBoaUFPSEtzd241ZEM0a3QtMDBpZ3BiR1I4T1h6ZWs2RzY4LUpNcDFoM1JhbXBsbEgyWVRlRzFud2FwYTFtZUpLYUZQdFAtc3FtN01feHJkM0UxUTY0ZUlmekU5VHl6NEJLeWZIRmtJZDNETUVjRGxMUF9xdjRjZ05HQmRGdk1MOHJGQjQ1UDNzbUhRamI4cVlETGhVMVc2eWRXWkJWNkFfekVtRzRqSnhFYnFBbl9XRjlJcGxKbkx5MTVyMlRqU3FCaWhrcHZ5eFlhMTRDelA0WkI0RGdfS2lqWdIBsAJBVV95cUxQQjhlVlItVVhkQmRuMEJCRFM5Rjg4RF9xTmFYcTRPT29GbmFYZk4wUW51MVdGMk1WdUR2Wjc3R3c4ODJfVXJUT1lSX3AxZThiWHVpX1VVcnZnQkctNTNkNUNRT2NaVmNSdEszbHNaR0JtNG1nSTMxSXhrYnB5UldZdGNhRmpWcG1TcUdZZWloeW9oMkx1c2xtcGRSOE50TTJKUkdZRVhfeFpaWUdZbGdKcG5PWE51UUM3QkN6OW81Q3VKTEN6dEdpU1E2cWtheHlZYWlBdFo4eFd0aEctWGgyeUs1N3I5ZkY4c0hFMlM4Z09CckdxamZFVWpDYmJ2SlltRHNMaGR2UVZqbk82OExZU2xCUGVYcHE0b2hYU2FzQ2hlWUdUTlNkMXlEdnQ1aERS?oc=5\" target=\"_blank\" rel=\"nofollow noopener\">Norman Reedus, actor: \u201cAparezco en &#8216;Call of Duty&#8217;, &#8216;Fortnite&#8217; y todos los videojuegos de &#8216;The Walking Dead&#8217;, pero &#8216;Death Stranding&#8217; es diferente, hay un significado detr\u00e1s de todo\u201d<\/a>&nbsp;&nbsp;La Vanguardia<\/li>\n<li><a href=\"https:\/\/news.google.com\/rss\/articles\/CBMisgFBVV95cUxOVWJGT2h4cGtIdWVRbTV2cmcyY3VFY211UEphYkV0LUlZc0VubXVwYkUtRVdYelJUUXVkMHJ0T21Rb3ByYlI2OFZmME04dF94aGFubWw1U1VWOUpqa01kbFpHN3VoeFQ4SzlqVW9DS1kyQk1JU19tYlhaekozUDlsWnBQUUpSc1oycFZuRnpvdF9fYUYwOHk1cS05QUFsRmtpZ0dmQ2xkTmxja25tT0JPZzhn?oc=5\" target=\"_blank\" rel=\"nofollow noopener\">Norman Reedus y Melissa McBride, sobre el final de &#8216;The Walking Dead&#8217;: \u00ab\u00bfQu\u00e9 dices? Ni me lo planteo<\/a>&nbsp;&nbsp;diariosur.es<\/li>\n<li><a href=\"https:\/\/news.google.com\/rss\/articles\/CBMikgFBVV95cUxQWnhjbXJ0SXRMczlCeko3S0lRLXRuMGdKRWxoUDU3bzNPNmRFX3hYS2xQNW83bFhQeUlJcE10YlRiLWNQT0lPeGg2cHRBTlkyeGI0YmhTYnJrOXhnTXBOVVhPb1NLWGJ6aXp3dWZPNjFudTVGcjc0V2JEMF8zVTh5dmVhZmk5TUN0U1JFakdWc3Fmdw?oc=5\" target=\"_blank\" rel=\"nofollow noopener\">CINES CALLAO, ESCENARIO DE LA PREMIER MUNDIAL DE LA 3T DE \u2018THE WALKING DEAD: DARYL DIXON\u2019<\/a>&nbsp;&nbsp;eventoplus.com<\/li>\n<\/ol>\n","protected":false},"excerpt":{"rendered":"Norman Reedus (56), actor de &#8216;The Walking Dead&#8217;, se enamora de esta regi\u00f3n espa\u00f1ola: &#8216;Quiero comprar una casa&hellip;\n","protected":false},"author":2,"featured_media":152350,"comment_status":"","ping_status":"","sticky":false,"template":"","format":"standard","meta":{"footnotes":""},"categories":[174],"tags":[255,146,147,25,24,2065,256,23],"class_list":{"0":"post-152349","1":"post","2":"type-post","3":"status-publish","4":"format-standard","5":"has-post-thumbnail","7":"category-famosos","8":"tag-celebrities","9":"tag-entertainment","10":"tag-entretenimiento","11":"tag-es","12":"tag-espana","13":"tag-faltan-tags","14":"tag-famosos","15":"tag-spain"},"share_on_mastodon":{"url":"","error":""},"_links":{"self":[{"href":"https:\/\/www.europesays.com\/es\/wp-json\/wp\/v2\/posts\/152349","targetHints":{"allow":["GET"]}}],"collection":[{"href":"https:\/\/www.europesays.com\/es\/wp-json\/wp\/v2\/posts"}],"about":[{"href":"https:\/\/www.europesays.com\/es\/wp-json\/wp\/v2\/types\/post"}],"author":[{"embeddable":true,"href":"https:\/\/www.europesays.com\/es\/wp-json\/wp\/v2\/users\/2"}],"replies":[{"embeddable":true,"href":"https:\/\/www.europesays.com\/es\/wp-json\/wp\/v2\/comments?post=152349"}],"version-history":[{"count":0,"href":"https:\/\/www.europesays.com\/es\/wp-json\/wp\/v2\/posts\/152349\/revisions"}],"wp:featuredmedia":[{"embeddable":true,"href":"https:\/\/www.europesays.com\/es\/wp-json\/wp\/v2\/media\/152350"}],"wp:attachment":[{"href":"https:\/\/www.europesays.com\/es\/wp-json\/wp\/v2\/media?parent=152349"}],"wp:term":[{"taxonomy":"category","embeddable":true,"href":"https:\/\/www.europesays.com\/es\/wp-json\/wp\/v2\/categories?post=152349"},{"taxonomy":"post_tag","embeddable":true,"href":"https:\/\/www.europesays.com\/es\/wp-json\/wp\/v2\/tags?post=152349"}],"curies":[{"name":"wp","href":"https:\/\/api.w.org\/{rel}","templated":true}]}}