{"id":152351,"date":"2025-10-02T08:49:16","date_gmt":"2025-10-02T08:49:16","guid":{"rendered":"https:\/\/www.europesays.com\/es\/152351\/"},"modified":"2025-10-02T08:49:16","modified_gmt":"2025-10-02T08:49:16","slug":"el-proyecto-de-la-cantareria-premiado-por-el-colegio-de-arquitectos-cv","status":"publish","type":"post","link":"https:\/\/www.europesays.com\/es\/152351\/","title":{"rendered":"El proyecto de la Cantarer\u00eda, premiado por el Colegio de Arquitectos CV"},"content":{"rendered":"<p>\n            El COACV otorga al Ayuntamiento de Ontinyent una distinci\u00f3n como promotor de la regeneraci\u00f3n de la zona y otros dos a los arquitectos del Parque de las Mam\u00e1s Belgas&#13;<br \/>\n&#13;<\/p>\n<p>El proyecto de transformaci\u00f3n de la Canterer\u00eda de Ontinyent ha vuelto a ser protagonista en el \u00e1mbito del urbanismo y la sostenibilidad gracias a los Premios del Colegio Oficial de Arquitectos de la Comunidad Valenciana (COACV) 2025. El proyecto llevado a cabo en la zona despu\u00e9s de la DANA de 2019 y la creaci\u00f3n del Parque de las Mam\u00e1s Belgas han recibido un total de tres distinciones que reconocen a la ciudad como referente en materia de regeneraci\u00f3n urbana, resiliencia clim\u00e1tica y recuperaci\u00f3n del paisaje.<\/p>\n<p>En concreto, el Ayuntamiento de Ontinyent ha sido distinguido con la distinci\u00f3n especial al promotor, que reconoce la implicaci\u00f3n del Ayuntamiento de Ontinyent al liderar el proyecto de regeneraci\u00f3n urbana del barrio despu\u00e9s de la DANA. El jurado puso en valor que el modelo propuesto \u201cno se limita a reconstruir lo que se perdi\u00f3, sino que apuesta por una visi\u00f3n a largo plazo capaz de priorizar la resiliencia ante nuevos episodios clim\u00e1ticos, con un enfoque multidisciplinar y coordinado entre varios agentes\u201d. El alcalde Jorge Rodr\u00edguez destacaba que \u201cla DANA fue un golpe muy duro para Ontinyent, pero tambi\u00e9n nos hizo reaccionar y tomar la determinaci\u00f3n de convertir aquella cat\u00e1strofe en una oportunidad para ganar seguridad y calidad de vida. Esta distinci\u00f3n es un reconocimiento al conjunto de la ciudad y al trabajo colectivo para hacer realidad una transformaci\u00f3n necesaria\u201d.<\/p>\n<p>Por otro lado, el Parque de las Mam\u00e1s Belgas ha recibido dos galardones: la distinci\u00f3n especial de conservaci\u00f3n del paisaje y el premio en la categor\u00eda de urbanismo y paisaje. El jurado subray\u00f3 que este proyecto representa un ejercicio ejemplar de adaptaci\u00f3n y anticipaci\u00f3n ante la emergencia clim\u00e1tica, con una actuaci\u00f3n que transforma un espacio marcado por las avenidas del r\u00edo en un parque fluvial integrado en la vida cotidiana de la ciudad. Se destac\u00f3 tambi\u00e9n la transversalidad, la diversidad de enfoques y la sensibilidad con que se ha concebido, as\u00ed como su valor como modelo exportable a otros municipios que tienen que convivir con realidades similares.<\/p>\n<p>El alcalde se\u00f1alaba que \u201cel parque de las Mam\u00e1s Belgas es una actuaci\u00f3n que conjuga urbanismo, paisaje y sostenibilidad, que nos permite hacer del r\u00edo un elemento de uni\u00f3n y no de separaci\u00f3n. Recibir dos premios por este proyecto nos llena de orgullo y confirma que la l\u00ednea de trabajo iniciada hace m\u00e1s de una d\u00e9cada era la correcta. Es un \u00e9xito compartido con las arquitectas que lo hicieron posible y con toda la ciudadan\u00eda que ya disfruta de este espacio\u201d.<\/p>\n<p>Rodr\u00edguez conclu\u00eda que estos tres galardones \u201cno son premios individuales sino colectivos. Detr\u00e1s de cada reconocimiento hay la implicaci\u00f3n del Ayuntamiento, de los equipos t\u00e9cnicos, de las administraciones que nos han apoyado y, sobre todo, de la ciudadan\u00eda, que ha sabido entender que los momentos dif\u00edciles tambi\u00e9n pueden ser una oportunidad para construir una ciudad mejor. Continuaremos trabajando en esta misma l\u00ednea, para que Ontinyent sea cada vez m\u00e1s un referente en sostenibilidad, resiliencia y calidad de vida\u201d, conclu\u00eda.<\/p>\n","protected":false},"excerpt":{"rendered":"El COACV otorga al Ayuntamiento de Ontinyent una distinci\u00f3n como promotor de la regeneraci\u00f3n de la zona y&hellip;\n","protected":false},"author":2,"featured_media":152352,"comment_status":"","ping_status":"","sticky":false,"template":"","format":"standard","meta":{"footnotes":""},"categories":[173],"tags":[229,233,231,230,232,234,146,147,25,24,23],"class_list":{"0":"post-152351","1":"post","2":"type-post","3":"status-publish","4":"format-standard","5":"has-post-thumbnail","7":"category-arte-y-diseno","8":"tag-arte","9":"tag-arte-y-diseno","10":"tag-arts","11":"tag-arts-and-design","12":"tag-design","13":"tag-diseno","14":"tag-entertainment","15":"tag-entretenimiento","16":"tag-es","17":"tag-espana","18":"tag-spain"},"share_on_mastodon":{"url":"","error":""},"_links":{"self":[{"href":"https:\/\/www.europesays.com\/es\/wp-json\/wp\/v2\/posts\/152351","targetHints":{"allow":["GET"]}}],"collection":[{"href":"https:\/\/www.europesays.com\/es\/wp-json\/wp\/v2\/posts"}],"about":[{"href":"https:\/\/www.europesays.com\/es\/wp-json\/wp\/v2\/types\/post"}],"author":[{"embeddable":true,"href":"https:\/\/www.europesays.com\/es\/wp-json\/wp\/v2\/users\/2"}],"replies":[{"embeddable":true,"href":"https:\/\/www.europesays.com\/es\/wp-json\/wp\/v2\/comments?post=152351"}],"version-history":[{"count":0,"href":"https:\/\/www.europesays.com\/es\/wp-json\/wp\/v2\/posts\/152351\/revisions"}],"wp:featuredmedia":[{"embeddable":true,"href":"https:\/\/www.europesays.com\/es\/wp-json\/wp\/v2\/media\/152352"}],"wp:attachment":[{"href":"https:\/\/www.europesays.com\/es\/wp-json\/wp\/v2\/media?parent=152351"}],"wp:term":[{"taxonomy":"category","embeddable":true,"href":"https:\/\/www.europesays.com\/es\/wp-json\/wp\/v2\/categories?post=152351"},{"taxonomy":"post_tag","embeddable":true,"href":"https:\/\/www.europesays.com\/es\/wp-json\/wp\/v2\/tags?post=152351"}],"curies":[{"name":"wp","href":"https:\/\/api.w.org\/{rel}","templated":true}]}}