{"id":152357,"date":"2025-10-02T08:53:07","date_gmt":"2025-10-02T08:53:07","guid":{"rendered":"https:\/\/www.europesays.com\/es\/152357\/"},"modified":"2025-10-02T08:53:07","modified_gmt":"2025-10-02T08:53:07","slug":"asi-es-extrano-rio-el-debut-mas-insolito-del-cine-espanol-que-llega-a-salas","status":"publish","type":"post","link":"https:\/\/www.europesays.com\/es\/152357\/","title":{"rendered":"As\u00ed es &#8216;Extra\u00f1o r\u00edo&#8217;, el debut m\u00e1s ins\u00f3lito del cine espa\u00f1ol que llega a salas"},"content":{"rendered":"<p class=\"c-paragraph\">Hay una secci\u00f3n del<b> <a href=\"https:\/\/www.20minutos.es\/cinemania\/noticias\/palmares-completo-festival-venecia-2025-jim-jarmusch_6242359_0.html\" rel=\"nofollow noopener\" target=\"_blank\">Festival de Venecia<\/a><\/b> en la que Espa\u00f1a siempre cumple. Se trata de Orizzonti, que abri\u00f3 sus puertas en 2022. Desde entonces, con <a href=\"https:\/\/www.20minutos.es\/cinemania\/criticas\/critica-de-en-los-margenes-5066325\/\" rel=\"nofollow noopener\" target=\"_blank\">En los m\u00e1rgenes<\/a>, nuestro pa\u00eds, ya sea a trav\u00e9s de coproducciones o de producto 100% nacional, ha estado presente entre las nominadas a este galard\u00f3n que, a\u00fan as\u00ed, todav\u00eda no ha ganado. La \u00faltima nominada espa\u00f1ola a Orizzonti fue<b> Extra\u00f1o r\u00edo<\/b>, <b>que llega a salas este 3 de octubre.<\/b><\/p>\n<p class=\"c-paragraph\">Orizzonti ejerce como divisi\u00f3n de plata de un festival que tiene su gran exponente en la secci\u00f3n oficial, con el Le\u00f3n de Oro como presea. <b>Extra\u00f1o r\u00edo<\/b>, a diferencia de <a href=\"https:\/\/www.20minutos.es\/cinemania\/noticias\/marco-pelicula-eduard-fernandez-nathalie-poza-historia-real-5528877\/\" rel=\"nofollow noopener\" target=\"_blank\">Marco<\/a> (nominada en Orizzonti el a\u00f1o pasado), no cuenta con un director de renombre. De hecho, <b>Jaume Claret Muxart<\/b> ha celebrado su salto al largometraje por todo lo alto, al presentar en Venecia Extra\u00f1o r\u00edo, que recibi\u00f3 cr\u00edticas excelentes. Muxart, de 27 a\u00f1os, lleva siete trabajando esta pel\u00edcula y, para su escritura, se ha apoyado en Meritxell Colell (Con el viento), junto a la que firma el guion.<\/p>\n<p>\u00bfDe qu\u00e9 trata &#8216;Extra\u00f1o r\u00edo&#8217;?<\/p>\n<p class=\"c-paragraph\">D\u00eddac, un joven de diecis\u00e9is a\u00f1os, emprende una aventura inolvidable pedaleando a lo largo del r\u00edo Danubio junto a su familia. Bajo el sol abrasador de los d\u00edas de verano, el viaje transcurre entre risas, paisajes impresionantes y el cansancio propio de las largas jornadas en bicicleta. Sin embargo, un suceso inesperado irrumpe en la rutina de la traves\u00eda: un misterioso chico emerge de las aguas del r\u00edo, captando de inmediato la atenci\u00f3n de D\u00eddac.<\/p>\n<p class=\"c-paragraph\">La presencia de este enigm\u00e1tico desconocido, con su aura intrigante, no solo despierta una mezcla de curiosidad y emociones nuevas en el joven, sino que tambi\u00e9n comienza a generar tensiones y cambios sutiles en la din\u00e1mica familiar. Este encuentro, tan repentino como fascinante, marca un punto de inflexi\u00f3n en el viaje, alterando no solo el rumbo de la aventura, sino tambi\u00e9n las relaciones entre D\u00eddac y sus seres queridos.\u00a0<\/p>\n<p class=\"c-paragraph\">Extra\u00f1o r\u00edo cuenta con la c\u00e1mara de Pablo Paloma, director de fotograf\u00eda habitual en los cortometrajes de Muxart (con \u00e9l film\u00f3 Los Danubios, que Extra\u00f1o r\u00edo ensancha y que proviene de unos cuentos de Claudio Magris). La est\u00e9tica entre on\u00edrica y po\u00e9tica de esta pel\u00edcula revela a un director al que habr\u00e1 que seguir muy de cerca, y que rompe con los modos de producci\u00f3n costumbristas que se ense\u00f1orean del cine espa\u00f1ol actual.\u00a0 \u00a0 \u00a0 \u00a0 \u00a0 \u00a0 \u00a0 \u00a0 \u00a0 \u00a0 \u00a0 \u00a0 \u00a0 \u00a0<\/p>\n","protected":false},"excerpt":{"rendered":"Hay una secci\u00f3n del Festival de Venecia en la que Espa\u00f1a siempre cumple. Se trata de Orizzonti, que&hellip;\n","protected":false},"author":2,"featured_media":152358,"comment_status":"","ping_status":"","sticky":false,"template":"","format":"standard","meta":{"footnotes":""},"categories":[169],"tags":[177,12374,146,147,25,24,3220,29282,176,175,267,23],"class_list":{"0":"post-152357","1":"post","2":"type-post","3":"status-publish","4":"format-standard","5":"has-post-thumbnail","7":"category-cine","8":"tag-cine","9":"tag-cine-espanol","10":"tag-entertainment","11":"tag-entretenimiento","12":"tag-es","13":"tag-espana","14":"tag-estrenos-de-cine","15":"tag-festival-de-venecia","16":"tag-film","17":"tag-movies","18":"tag-planseo","19":"tag-spain"},"share_on_mastodon":{"url":"","error":""},"_links":{"self":[{"href":"https:\/\/www.europesays.com\/es\/wp-json\/wp\/v2\/posts\/152357","targetHints":{"allow":["GET"]}}],"collection":[{"href":"https:\/\/www.europesays.com\/es\/wp-json\/wp\/v2\/posts"}],"about":[{"href":"https:\/\/www.europesays.com\/es\/wp-json\/wp\/v2\/types\/post"}],"author":[{"embeddable":true,"href":"https:\/\/www.europesays.com\/es\/wp-json\/wp\/v2\/users\/2"}],"replies":[{"embeddable":true,"href":"https:\/\/www.europesays.com\/es\/wp-json\/wp\/v2\/comments?post=152357"}],"version-history":[{"count":0,"href":"https:\/\/www.europesays.com\/es\/wp-json\/wp\/v2\/posts\/152357\/revisions"}],"wp:featuredmedia":[{"embeddable":true,"href":"https:\/\/www.europesays.com\/es\/wp-json\/wp\/v2\/media\/152358"}],"wp:attachment":[{"href":"https:\/\/www.europesays.com\/es\/wp-json\/wp\/v2\/media?parent=152357"}],"wp:term":[{"taxonomy":"category","embeddable":true,"href":"https:\/\/www.europesays.com\/es\/wp-json\/wp\/v2\/categories?post=152357"},{"taxonomy":"post_tag","embeddable":true,"href":"https:\/\/www.europesays.com\/es\/wp-json\/wp\/v2\/tags?post=152357"}],"curies":[{"name":"wp","href":"https:\/\/api.w.org\/{rel}","templated":true}]}}