{"id":152359,"date":"2025-10-02T08:54:07","date_gmt":"2025-10-02T08:54:07","guid":{"rendered":"https:\/\/www.europesays.com\/es\/152359\/"},"modified":"2025-10-02T08:54:07","modified_gmt":"2025-10-02T08:54:07","slug":"worldsbk-28","status":"publish","type":"post","link":"https:\/\/www.europesays.com\/es\/152359\/","title":{"rendered":"WorldSBK"},"content":{"rendered":"<p>&#13;<br \/>\n\tStefano Manzi (Pata Yamaha Ten Kate Racing) y Can Oncu (Yamaha BLU CRU Evan Bros Team) encaran su gran enfrentamiento por el Campeonato del Mundo FIM Supersport, que se decidir\u00e1 en Estoril, donde solo puede ganar Manzi, o en Jerez, en el caso de que Oncu consiga recortar distancias. El italiano tiene una c\u00f3moda ventaja sobre el turco, pero en un deporte como este no hay nada seguro hasta la bandera a cuadros.<\/p>\n<p>&#13;<br \/>\n\t<strong>A LA DEFENSIVA: \u201cNormalmente me habr\u00eda frustrado, pero despu\u00e9s de este fin de semana estoy contento con mis resultados\u201d<\/strong><\/p>\n<p>&#13;<br \/>\n\tA pesar de que Manzi no gan\u00f3 ninguna de las carreras del fin de semana, el l\u00edder del campeonato no se preocup\u00f3 demasiado por los puntos que dej\u00f3 escapar en Arag\u00f3n. Sus resultados, tercero y segundo, hicieron que perdiera solo nueve puntos respecto a Oncu, por lo que su ventaja sigue siendo c\u00f3moda, 60 puntos. Con solo cuatro carreras por delante, Manzi \u00fanicamente necesita evitar una cat\u00e1strofe para hacerse con el t\u00edtulo, aunque con un grupo tan potente como el de WorldSSP, todo puede pasar.<\/p>\n<p>&#13;<br \/>\n\tSobre su duelo con Oncu en la Carrera 2 y c\u00f3mo ve la lucha por el t\u00edtulo, Manzi declar\u00f3: \u201cA veces hay cosas positivas en un segundo puesto, normalmente me habr\u00eda frustrado, pero despu\u00e9s de este fin de semana estoy contento con mis resultados. He intentado mantenerme primero durante toda la \u00faltima vuelta, pero con el rebufo, ha podido pasarme en la \u00faltima curva. He terminado dos veces en el podio, una en tercera posici\u00f3n y otra en segunda, as\u00ed que he sido bastante s\u00f3lido aqu\u00ed. La verdad es que no me gusta mucho este circuito. Nunca he rendido muy bien aqu\u00ed, as\u00ed que los resultados han sido bastante correctos para m\u00ed. Estamos bastante bien en el campeonato, y de cara a la pr\u00f3xima prueba, es un circuito en el que he ganado el a\u00f1o pasado. Ojal\u00e1 nuestro nivel mejore all\u00ed, pero cada a\u00f1o es diferente. Hasta que se decida el campeonato, voy a trabajar en el presente. Me centro en volver al podio\u201d.<\/p>\n<p>&#13;<br \/>\n\t<strong>BORR\u00d3N Y CUENTA NUEVA: \u201cSer\u00e1 como mi primera vez en Estoril. Quiero borrar todos los recuerdos que tengo all\u00ed y llegar al round fresco\u201d<\/strong><\/p>\n<p>&#13;<br \/>\n\tArag\u00f3n fue el primer round desde Donington en el que el turco super\u00f3 a Manzi en puntos, aunque solo le ha recortado 11 puntos sumando los dos rounds. Para alcanzar a Manzi, no solo tiene que ser m\u00e1s r\u00e1pido que \u00e9l, sino que el italiano tiene que sufrir alg\u00fan rev\u00e9s de fortuna. En \u00faltima instancia, Oncu solo puede hacer lo que est\u00e1 en sus manos, terminar por delante de Manzi, y esperar que los resultados de su rival no cumplan lo previsto.<\/p>\n<p>&#13;<br \/>\n\tSobre su victoria en la Carrera 2 y la batalla por el campeonato, Oncu afirm\u00f3: \u201cEn la Carrera 2, a dos vueltas del final, Manzi ha atacado, ha recuperado la primera posici\u00f3n, pero entonces he decidido que lo dar\u00eda todo en la recta de atr\u00e1s y la \u00faltima curva. He usado el rebufo y he conseguido mantenerle detr\u00e1s en la \u00faltima curva, que siempre es complicada, as\u00ed que estoy contento de que al final haya podido ganar. Ser\u00e1 como mi primera vez en Estoril. Quiero borrar todos los recuerdos que tengo all\u00ed y llegar al round fresco. Es la primera temporada en la que estoy aplicando esa mentalidad, as\u00ed que dar\u00e9 lo mejor de m\u00ed para disfrutar pilotando\u201d.<\/p>\n<p>&#13;<br \/>\n\tNo te pierdas el pr\u00f3ximo cap\u00edtulo de su batalla por la corona, esta vez en Estoril. \u00a1S\u00edguelo a partir del 10 de octubre con el <strong><a href=\"http:\/\/www.worldsbk.com\/es\/subscribe\" rel=\"nofollow noopener\" target=\"_blank\">VideoPass WorldSBK, ahora por solo 9,99\u20ac!<\/a><\/strong><\/p>\n","protected":false},"excerpt":{"rendered":"&#13; Stefano Manzi (Pata Yamaha Ten Kate Racing) y Can Oncu (Yamaha BLU CRU Evan Bros Team) encaran&hellip;\n","protected":false},"author":2,"featured_media":152360,"comment_status":"","ping_status":"","sticky":false,"template":"","format":"standard","meta":{"footnotes":""},"categories":[93],"tags":[168,25,24,23,167],"class_list":{"0":"post-152359","1":"post","2":"type-post","3":"status-publish","4":"format-standard","5":"has-post-thumbnail","7":"category-deportes","8":"tag-deportes","9":"tag-es","10":"tag-espana","11":"tag-spain","12":"tag-sports"},"share_on_mastodon":{"url":"","error":""},"_links":{"self":[{"href":"https:\/\/www.europesays.com\/es\/wp-json\/wp\/v2\/posts\/152359","targetHints":{"allow":["GET"]}}],"collection":[{"href":"https:\/\/www.europesays.com\/es\/wp-json\/wp\/v2\/posts"}],"about":[{"href":"https:\/\/www.europesays.com\/es\/wp-json\/wp\/v2\/types\/post"}],"author":[{"embeddable":true,"href":"https:\/\/www.europesays.com\/es\/wp-json\/wp\/v2\/users\/2"}],"replies":[{"embeddable":true,"href":"https:\/\/www.europesays.com\/es\/wp-json\/wp\/v2\/comments?post=152359"}],"version-history":[{"count":0,"href":"https:\/\/www.europesays.com\/es\/wp-json\/wp\/v2\/posts\/152359\/revisions"}],"wp:featuredmedia":[{"embeddable":true,"href":"https:\/\/www.europesays.com\/es\/wp-json\/wp\/v2\/media\/152360"}],"wp:attachment":[{"href":"https:\/\/www.europesays.com\/es\/wp-json\/wp\/v2\/media?parent=152359"}],"wp:term":[{"taxonomy":"category","embeddable":true,"href":"https:\/\/www.europesays.com\/es\/wp-json\/wp\/v2\/categories?post=152359"},{"taxonomy":"post_tag","embeddable":true,"href":"https:\/\/www.europesays.com\/es\/wp-json\/wp\/v2\/tags?post=152359"}],"curies":[{"name":"wp","href":"https:\/\/api.w.org\/{rel}","templated":true}]}}