{"id":152361,"date":"2025-10-02T08:55:08","date_gmt":"2025-10-02T08:55:08","guid":{"rendered":"https:\/\/www.europesays.com\/es\/152361\/"},"modified":"2025-10-02T08:55:08","modified_gmt":"2025-10-02T08:55:08","slug":"sanidad-inicia-la-campana-de-vacunacion-frente-a-la-gripe-en-centros-educativos","status":"publish","type":"post","link":"https:\/\/www.europesays.com\/es\/152361\/","title":{"rendered":"Sanidad inicia la campa\u00f1a de vacunaci\u00f3n frente a la gripe en centros educativos"},"content":{"rendered":"<p><img decoding=\"async\" alt=\"[Img #103078]\" class=\"RichTextAlignLeft\" src=\"https:\/\/www.europesays.com\/es\/wp-content\/uploads\/2025\/10\/6434_foto-1-vacuna.jpg\" style=\"height:299px;width:500px;\"\/>La Conselleria de Sanidad, en colaboraci\u00f3n con la Conselleria de Educaci\u00f3n, ha iniciado la campa\u00f1a de vacunaci\u00f3n frente a la gripe en los centros educativos de la Comunitat Valenciana, que este a\u00f1o se ha ampliado a todo el alumnado que cursa el 2\u00ba ciclo de Infantil -menores de 3 a 6 a\u00f1os-. Adem\u00e1s, se inicia tambi\u00e9n la vacunaci\u00f3n en los centros de educaci\u00f3n especial.<\/p>\n<p>\u00a0<\/p>\n<p>En este sentido, el director general de Salud P\u00fablica, Juan Beltr\u00e1n; la directora general de Atenci\u00f3n Primaria, Eva Su\u00e1rez; y el director general de Centros Docentes, Jorge Cabo, se desplazaron al CEIP Fernando de los R\u00edos de Burjassot para conocer de primera mano el desarrollo de la campa\u00f1a de inmunizaci\u00f3n.<\/p>\n<p>\u00a0<\/p>\n<p>Seg\u00fan destac\u00f3 Juan Beltr\u00e1n \u201cdesde Salud P\u00fablica ya hemos distribuido a los distintos departamentos de salud las dosis de vacunas frente a la gripe necesarias, para que desde hoy puedan comenzar a administrarlas en los colegios a aquellos alumnos cuyos padres lo soliciten\u201d.<\/p>\n<p>\u00a0<\/p>\n<p>Asimismo, Beltr\u00e1n a\u00f1adi\u00f3 que el objetivo de esta campa\u00f1a \u201ces proteger a los m\u00e1s peque\u00f1os, uno de los grupos con mayor incidencia de gripe cada invierno, y reducir la transmisi\u00f3n del virus en las aulas y en sus familias\u201d.<\/p>\n<p>\u00a0<\/p>\n<p>La campa\u00f1a de vacunaci\u00f3n en centros educativos tuvo muy buena repercusi\u00f3n el curso pasado y permiti\u00f3 incrementar en cinco puntos m\u00e1s la cobertura en los menores de esa franja de edad, alcanzando el 42,8 % y situ\u00e1ndose por encima de la media nacional. De hecho, en la temporada 2024-2025 se inmunizaron frente a la gripe un total de 38.417 escolares en la Comunitat Valenciana: 6.149 en Castell\u00f3n, 19.327 en Valencia y 12.941 en Alicante.<\/p>\n<p>\u00a0<\/p>\n<p>Por su parte, Eva Su\u00e1rez indic\u00f3 que \u201cel objetivo de trasladarnos a los colegios es facilitar la conciliaci\u00f3n de padres y madres, porque as\u00ed tienen la opci\u00f3n de vacunarlos en el mismo centro educativo. Y para eso, contamos con equipos sanitarios en los centros de salud de referencia que se har\u00e1n cargo de administrar la dosis de la vacuna a los menores\u201d.<\/p>\n<p>\u00a0<\/p>\n<p>Para ello, los padres reciben una hoja informativa sobre la campa\u00f1a de vacunaci\u00f3n en centros educativos junto con una autorizaci\u00f3n que deben firmar si quieren que sus hijos sean vacunados en el colegio. Por otro lado, si lo prefieren, tienen tambi\u00e9n la opci\u00f3n de vacunarlos en su centro de salud.<\/p>\n<p>\u00a0<\/p>\n<p>Por su parte, Jorge Cabo se\u00f1al\u00f3 que son susceptibles de unirse a este programa de vacunaci\u00f3n \u201cm\u00e1s de 1.400 centros educativos de la Comunitat Valenciana, lo que supone una poblaci\u00f3n diana de 112.705 alumnos. El a\u00f1o pasado se vacun\u00f3 m\u00e1s de 45 % del alumnado y este a\u00f1o esperamos que la incidencia sea mayor porque las familias han comprobado el beneficio que tiene realizar la vacunaci\u00f3n en el colegio\u201d.<\/p>\n<p>\u00a0<\/p>\n<p>En este sentido, el director general de Centros Docentes record\u00f3 que \u201cen julio hicimos una formaci\u00f3n para los docentes y asociaciones de padres para que conocieran con detalle en qu\u00e9 consiste el programa, y a partir de ah\u00ed el Consejo Escolar, donde est\u00e1 representada toda la comunidad educativa de cada centro, es quien decide si participan o no, siempre con el consentimiento de los padres. Agradecemos la disposici\u00f3n de los equipos directivos y docentes para que este programa pueda llevarse a cabo\u201d.<\/p>\n<p>\u00a0<\/p>\n<p><strong>Vacuna nasal<\/strong><br \/>En el caso de los menores, la vacuna frente a la gripe que se emplea se administra por v\u00eda nasal, por lo tanto, no requiere pinchazo, ya que se suministra en forma de aerosol y entre sus beneficios destaca que neutraliza el virus en la v\u00eda de entrada, la mucosa nasal.\u00a0<\/p>\n<p>\u00a0<\/p>\n<p>Se trata de una vacuna segura y eficaz, pues reduce a la mitad el riesgo de enfermar y evita hasta 8 de cada 10 ingresos hospitalarios por gripe en los m\u00e1s peque\u00f1os. Se administra con una peque\u00f1a dosis en cada fosa nasal y es una vacuna trivalente.<\/p>\n<p>\u00a0<\/p>\n<p>En cuanto a la campa\u00f1a de vacunaci\u00f3n frente a la gripe dirigida al resto de la poblaci\u00f3n, arrancar\u00e1 el 15 de octubre en toda la Comunitat Valenciana, priorizando a los grupos de riesgo.<\/p>\n<p>\u00a0<\/p>\n<p>La vacunaci\u00f3n a personas mayores de residencias y usuarios de los centros de discapacidad empez\u00f3 tambi\u00e9n este 1 de octubre, ya que se trata de grupos vulnerables y el objetivo es que est\u00e9n inmunizados antes de la llegada del fr\u00edo y de la mayor circulaci\u00f3n de virus respiratorios.<\/p>\n<p>\u00a0<\/p>\n<p>En el caso de estos grupos, la campa\u00f1a de vacunaci\u00f3n es conjunta frente a los virus respiratorios (gripe, Covid-19 y VRS), por lo que no solo se administra la vacuna de la gripe, sino que pueden inmunizarse frente a esos tres virus. Para ello, equipos de profesionales sanitarios se desplazan a los centros para administrar las vacunas.<\/p>\n<p>\u00a0<\/p>\n<p>Respecto a las personas residentes en centros de discapacidad, comienzan hoy a vacunarse frente a la gripe y covid 19. Adem\u00e1s, se inmunizar\u00e1 frente al VRS a las personas de 60 o m\u00e1s a\u00f1os en residencias y personas inmunosuprimidas por trasplante de pulm\u00f3n o progenitores hematopoy\u00e9ticos.<\/p>\n","protected":false},"excerpt":{"rendered":"La Conselleria de Sanidad, en colaboraci\u00f3n con la Conselleria de Educaci\u00f3n, ha iniciado la campa\u00f1a de vacunaci\u00f3n frente&hellip;\n","protected":false},"author":2,"featured_media":152362,"comment_status":"","ping_status":"","sticky":false,"template":"","format":"standard","meta":{"footnotes":""},"categories":[92],"tags":[25,24,17022,2417,165,23319,8462,4041,673,1738,32203,32204,166,23,32206,32205],"class_list":{"0":"post-152361","1":"post","2":"type-post","3":"status-publish","4":"format-standard","5":"has-post-thumbnail","7":"category-salud","8":"tag-es","9":"tag-espana","10":"tag-fallas","11":"tag-gandia","12":"tag-health","13":"tag-mediterraneo","14":"tag-oliva","15":"tag-periodistas","16":"tag-restaurante","17":"tag-revista","18":"tag-revista-digital","19":"tag-safor","20":"tag-salud","21":"tag-spain","22":"tag-tavernes","23":"tag-valldigna"},"share_on_mastodon":{"url":"","error":""},"_links":{"self":[{"href":"https:\/\/www.europesays.com\/es\/wp-json\/wp\/v2\/posts\/152361","targetHints":{"allow":["GET"]}}],"collection":[{"href":"https:\/\/www.europesays.com\/es\/wp-json\/wp\/v2\/posts"}],"about":[{"href":"https:\/\/www.europesays.com\/es\/wp-json\/wp\/v2\/types\/post"}],"author":[{"embeddable":true,"href":"https:\/\/www.europesays.com\/es\/wp-json\/wp\/v2\/users\/2"}],"replies":[{"embeddable":true,"href":"https:\/\/www.europesays.com\/es\/wp-json\/wp\/v2\/comments?post=152361"}],"version-history":[{"count":0,"href":"https:\/\/www.europesays.com\/es\/wp-json\/wp\/v2\/posts\/152361\/revisions"}],"wp:featuredmedia":[{"embeddable":true,"href":"https:\/\/www.europesays.com\/es\/wp-json\/wp\/v2\/media\/152362"}],"wp:attachment":[{"href":"https:\/\/www.europesays.com\/es\/wp-json\/wp\/v2\/media?parent=152361"}],"wp:term":[{"taxonomy":"category","embeddable":true,"href":"https:\/\/www.europesays.com\/es\/wp-json\/wp\/v2\/categories?post=152361"},{"taxonomy":"post_tag","embeddable":true,"href":"https:\/\/www.europesays.com\/es\/wp-json\/wp\/v2\/tags?post=152361"}],"curies":[{"name":"wp","href":"https:\/\/api.w.org\/{rel}","templated":true}]}}