{"id":152363,"date":"2025-10-02T08:56:13","date_gmt":"2025-10-02T08:56:13","guid":{"rendered":"https:\/\/www.europesays.com\/es\/152363\/"},"modified":"2025-10-02T08:56:13","modified_gmt":"2025-10-02T08:56:13","slug":"rosalia-invierte-en-lhospitalet-la-fortuna-que-gana-en-los-angeles","status":"publish","type":"post","link":"https:\/\/www.europesays.com\/es\/152363\/","title":{"rendered":"Rosal\u00eda invierte en L&#8217;Hospitalet la fortuna que gana en Los Angeles"},"content":{"rendered":"\n<p> Rosal\u00eda Vila Tobella, la artista que ha pasado de Sant Esteve Sesrovires a los escenarios de todo el planeta, acaba de a\u00f1adir un nuevo cap\u00edtulo a su biograf\u00eda. El pasado 11 de agosto de este a\u00f1o, la cantante inscrib\u00eda la <strong>Fundaci\u00f3n Rosal\u00eda en el Registro de Fundaciones <\/strong>del Ministerio de Justicia. <\/p>\n<p> Lo hizo en una notar\u00eda, con escritura p\u00fablica, dotaci\u00f3n inicial y un patronato en el que, era previsible, aparece su madre, Pilar Tobella. El domicilio social de esta <a href=\"https:\/\/www.vanitatis.elconfidencial.com\/estilo\/moda\/2025-09-29\/rosalia-looks-paris-simbolismo-pureza-resurreccion_4218725\/\" target=\"_self\" rel=\"nofollow noopener\">nueva entidad est\u00e1 en L\u2019Hospitalet de Llobregat<\/a>, muy cerca del coraz\u00f3n industrial y obrero del \u00e1rea metropolitana de Barcelona. <\/p>\n<p>               La cantante Rosal\u00eda. (Instagram\/ @rosalia.vt)             <\/p>\n<p> Un detalle nada menor: <a href=\"https:\/\/www.vanitatis.elconfidencial.com\/famosos\/2025-05-29\/rosalia-amor-beso-actor-berlin-emilio-sakraya-1qrt_4140008\/\" target=\"_self\" rel=\"nofollow noopener\">Rosal\u00eda no ubica su proyecto en las torres de lujo <\/a>de la Diagonal, sino en un espacio que <strong>conecta m\u00e1s con sus or\u00edgenes <\/strong>que con los flashes de Miami. Lo hace en el distrito art\u00edstico de este municipio barcelon\u00e9s, donde la cantante tambi\u00e9n instal\u00f3 el a\u00f1o pasado un estudio de grabaci\u00f3n pionero. <\/p>\n<p>              <img decoding=\"async\" class=\"inTextNews__img\" alt=\"Foto: rosalia-looks-paris-simbolismo-pureza-resurreccion\" src=\"https:\/\/www.europesays.com\/es\/wp-content\/uploads\/2025\/10\/f.elconfidencial.com\/original\/887\/3d9\/1e2\/8873d91e2481c15521416aa1f269f3b1.jpg\"  \/>     <\/p>\n<p>TE PUEDE INTERESAR<\/p>\n<p>      <a class=\"inTextNews__title\" href=\"https:\/\/www.vanitatis.elconfidencial.com\/estilo\/moda\/2025-09-29\/rosalia-looks-paris-simbolismo-pureza-resurreccion_4218725\/\" onclick=\"window.ECCO.emit(&#039;amplitude&#039;, { dataEventName: &#039;click_related_article_module&#039;, data: { related_article_url: &#039;https:\/\/www.vanitatis.elconfidencial.com\/estilo\/moda\/2025-09-29\/rosalia-looks-paris-simbolismo-pureza-resurreccion_4218725\/&#039;, related_article_author: &#039;Brais Besteiro&#039;, related_article_section: &#039;moda&#039; } })\" rel=\"nofollow noopener\" target=\"_blank\"> Rosal\u00eda y sus dos looks en Par\u00eds cargados de simbolismo: de la pureza y la resurrecci\u00f3n al pecado y la penitencia <\/a>   <\/p>\n<p>    Brais Besteiro   <\/p>\n<p> La artista, que <a href=\"https:\/\/www.vanitatis.elconfidencial.com\/estilo\/moda\/2025-09-29\/rosalia-looks-paris-simbolismo-pureza-resurreccion_4218725\/\" target=\"_self\" rel=\"nofollow noopener\">estos d\u00edas se est\u00e1 dejando ver en la Semana de la Moda de Par\u00eds<\/a>, dispuso una dotaci\u00f3n inicial para la fundaci\u00f3n que lleva su nombre de <strong>30.000 euros, una cifra simb\u00f3lica, pero suficiente <\/strong>para cumplir con la Ley de Fundaciones. A partir de ah\u00ed, lo importante ser\u00e1 la capacidad de atraer recursos privados y p\u00fablicos que hagan realidad los ambiciosos fines que se recogen en sus estatutos. <\/p>\n<p>            Buenas intenciones           <\/p>\n<p> El documento fundacional es un aut\u00e9ntico cat\u00e1logo de buenas intenciones. La Fundaci\u00f3n Rosal\u00eda nace para apoyar a j\u00f3venes y ni\u00f1os en su formaci\u00f3n cultural y musical, para promover la igualdad de g\u00e9nero y la diversidad, para <strong>ayudar a colectivos vulnerables, <\/strong>para estar presente en situaciones excepcionales como cat\u00e1strofes o pandemias, e incluso para trabajar en <a href=\"https:\/\/www.vanitatis.elconfidencial.com\/famosos\/2025-02-11\/motomami-holding-rosalia-12-millones-facturacion_4061309\/\" target=\"_self\" rel=\"nofollow noopener\">proyectos de sostenibilidad ambiental. <\/a>La lista es larga, tan extensa como la proyecci\u00f3n internacional de la propia cantante. <\/p>\n<p>              <img decoding=\"async\" class=\"inTextNews__img\" alt=\"Foto: motomami-holding-rosalia-12-millones-facturacion\" src=\"https:\/\/www.europesays.com\/es\/wp-content\/uploads\/2025\/10\/f.elconfidencial.com\/original\/2f7\/886\/140\/2f7886140b92db8962906eee8a9d30d8.jpg\"  \/>     <\/p>\n<p>TE PUEDE INTERESAR<\/p>\n<p>      <a class=\"inTextNews__title\" href=\"https:\/\/www.vanitatis.elconfidencial.com\/famosos\/2025-02-11\/motomami-holding-rosalia-12-millones-facturacion_4061309\/\" onclick=\"window.ECCO.emit(&#039;amplitude&#039;, { dataEventName: &#039;click_related_article_module&#039;, data: { related_article_url: &#039;https:\/\/www.vanitatis.elconfidencial.com\/famosos\/2025-02-11\/motomami-holding-rosalia-12-millones-facturacion_4061309\/&#039;, related_article_author: &#039;Cote Villar&#039;, related_article_section: &#039;famosos&#039; } })\" rel=\"nofollow noopener\" target=\"_blank\"> Motomami, el &#8216;holding&#8217; de Rosal\u00eda, se dispara hasta los 12 millones y medio de facturaci\u00f3n <\/a>   <\/p>\n<p>    C. V.   <\/p>\n<p> No falta tampoco la atenci\u00f3n a colectivos invisibles: se menciona expresamente la posibilidad de desarrollar actividades en <strong>instituciones penitenciarias<\/strong>. Una l\u00ednea que encaja con el discurso de Rosal\u00eda, que ha sabido incorporar en su m\u00fasica referencias al dolor, la libertad y la resiliencia. <\/p>\n<p> La presidencia del patronato r<a href=\"https:\/\/www.vanitatis.elconfidencial.com\/famosos\/2021-05-07\/rosalia-empresa-fortuna-pelotazo-madre-oro_3067164\/\" target=\"_self\" rel=\"nofollow noopener\">ecae en Mar\u00eda Pilar Tobella Aguilera, madre de Rosal\u00eda<\/a> y empresaria con experiencia en el sector textil y en la gesti\u00f3n de la carrera de su hija. La secretaria es Diana Lizalde Vilalta, mientras que el cargo de vocal lo ocupa Daniela Mariana Treto Fonseca. Tres nombres de confianza para garantizar que los engranajes burocr\u00e1ticos y administrativos funcionen sin sobresaltos. <\/p>\n<p>                  <img decoding=\"async\" class=\"inTextNews__img\" alt=\"Foto: rosalia-empresa-fortuna-pelotazo-madre-oro\" src=\"https:\/\/www.europesays.com\/es\/wp-content\/uploads\/2025\/10\/f.elconfidencial.com\/original\/838\/c61\/47e\/838c6147e5ddd380aa6732dc996859d3.jpg\"  \/>     <\/p>\n<p>TE PUEDE INTERESAR<\/p>\n<p>      <a class=\"inTextNews__title\" href=\"https:\/\/www.vanitatis.elconfidencial.com\/famosos\/2021-05-07\/rosalia-empresa-fortuna-pelotazo-madre-oro_3067164\/\" onclick=\"window.ECCO.emit(&#039;amplitude&#039;, { dataEventName: &#039;click_related_article_module&#039;, data: { related_article_url: &#039;https:\/\/www.vanitatis.elconfidencial.com\/famosos\/2021-05-07\/rosalia-empresa-fortuna-pelotazo-madre-oro_3067164\/&#039;, related_article_author: &#039;Cote Villar&#039;, related_article_section: &#039;famosos&#039; } })\" rel=\"nofollow noopener\" target=\"_blank\"> Rosal\u00eda brilla tambi\u00e9n en cifras y hace de oro a su madre: su pelotazo empresarial <\/a>   <\/p>\n<p>    C. Villar   <\/p>\n<p> La ausencia de la propia Rosal\u00eda en el patronato no es casual: es habitual que los fundadores <strong>deleguen el d\u00eda a d\u00eda en familiares <\/strong>o personas de m\u00e1xima confianza, reserv\u00e1ndose un papel de impulsores o benefactores. Ella aporta el nombre, el prestigio y, probablemente, la capacidad de atraer donaciones millonarias que multipliquen el capital inicial. <\/p>\n<p>            Como otras estrellas           <\/p>\n<p> El movimiento tiene un fuerte valor simb\u00f3lico. Rosal\u00eda entra as\u00ed en el selecto club de artistas que deciden institucionalizar su compromiso social. <strong>Shakira <\/strong>lo hizo con su Fundaci\u00f3n Pies Descalzos en Colombia, <strong>Alejandro Sanz <\/strong>con la Fundaci\u00f3n Arte por la Vida, y ahora la catalana sigue la estela. <\/p>\n<p>               Rosal\u00eda en concierto en el Z\u00f3calo en Ciudad de M\u00e9xico. (EFE\/S\u00e1shenka Guti\u00e9rrez)             <\/p>\n<p> La diferencia es que Rosal\u00eda arranca desde un BOE, con un<a href=\"https:\/\/www.vanitatis.elconfidencial.com\/famosos\/2025-01-02\/rosalia-lista-logros-2024-confiesa-haber-sido-acosada_4035355\/\" target=\"_self\" rel=\"nofollow noopener\"> respaldo jur\u00eddico y administrativo que le da seriedad al proyecto<\/a>. No hablamos de un simple gesto solidario o de una campa\u00f1a puntual: es un organismo con personalidad jur\u00eddica propia, con capacidad para firmar convenios, recibir subvenciones y gestionar proyectos a gran escala. <\/p>\n<p> El hecho de que el domicilio social est\u00e9 en L\u2019Hospitalet, que la presidencia recaiga en su madre y que los fines abarquen desde la cultura hasta la ecolog\u00eda, revela que Rosal\u00eda busca construir un legado que la trascienda. Ella, que <strong>ha revolucionado el flamenco<\/strong>, la m\u00fasica urbana y la est\u00e9tica global, parece querer dejar tambi\u00e9n una huella social y filantr\u00f3pica. <\/p>\n<p>              <img decoding=\"async\" class=\"inTextNews__img\" alt=\"Foto: rosalia-despega-empresa-motomami-cuadruplica\" src=\"https:\/\/www.europesays.com\/es\/wp-content\/uploads\/2025\/10\/f.elconfidencial.com\/original\/5a5\/2db\/a7f\/5a52dba7f7f7bd991629da0fae4192ce.jpg\"  \/>     <\/p>\n<p>TE PUEDE INTERESAR<\/p>\n<p>      <a class=\"inTextNews__title\" href=\"https:\/\/www.vanitatis.elconfidencial.com\/famosos\/2024-02-07\/rosalia-despega-empresa-motomami-cuadruplica_3825067\/\" onclick=\"window.ECCO.emit(&#039;amplitude&#039;, { dataEventName: &#039;click_related_article_module&#039;, data: { related_article_url: &#039;https:\/\/www.vanitatis.elconfidencial.com\/famosos\/2024-02-07\/rosalia-despega-empresa-motomami-cuadruplica_3825067\/&#039;, related_article_author: &#039;Cote Villar&#039;, related_article_section: &#039;famosos&#039; } })\" rel=\"nofollow noopener\" target=\"_blank\"> Motomami hace despegar a Rosal\u00eda, que casi cuadruplica los beneficios de su empresa espa\u00f1ola <\/a>   <\/p>\n<p>    C. V.   <\/p>\n<p> El reto ahora ser\u00e1 pasar de la ret\u00f3rica a los hechos: convertir esos 30.000 euros iniciales en programas concretos, en becas que cambien la vida de j\u00f3venes artistas, en ayudas reales para colectivos vulnerables. Si lo consigue, la Fundaci\u00f3n Rosal\u00eda ser\u00e1 <strong>algo m\u00e1s que un apunte en el BOE<\/strong>: ser\u00e1 la prueba de que una estrella pop puede transformar su \u00e9xito en compromiso duradero. <\/p>\n<p> Rosal\u00eda Vila Tobella, la artista que ha pasado de Sant Esteve Sesrovires a los escenarios de todo el planeta, acaba de a\u00f1adir un nuevo cap\u00edtulo a su biograf\u00eda. El pasado 11 de agosto de este a\u00f1o, la cantante inscrib\u00eda la <strong>Fundaci\u00f3n Rosal\u00eda en el Registro de Fundaciones <\/strong>del Ministerio de Justicia. <\/p>\n","protected":false},"excerpt":{"rendered":"Rosal\u00eda Vila Tobella, la artista que ha pasado de Sant Esteve Sesrovires a los escenarios de todo el&hellip;\n","protected":false},"author":2,"featured_media":152364,"comment_status":"","ping_status":"","sticky":false,"template":"","format":"standard","meta":{"footnotes":""},"categories":[91],"tags":[146,147,25,24,23],"class_list":{"0":"post-152363","1":"post","2":"type-post","3":"status-publish","4":"format-standard","5":"has-post-thumbnail","7":"category-entretenimiento","8":"tag-entertainment","9":"tag-entretenimiento","10":"tag-es","11":"tag-espana","12":"tag-spain"},"share_on_mastodon":{"url":"","error":""},"_links":{"self":[{"href":"https:\/\/www.europesays.com\/es\/wp-json\/wp\/v2\/posts\/152363","targetHints":{"allow":["GET"]}}],"collection":[{"href":"https:\/\/www.europesays.com\/es\/wp-json\/wp\/v2\/posts"}],"about":[{"href":"https:\/\/www.europesays.com\/es\/wp-json\/wp\/v2\/types\/post"}],"author":[{"embeddable":true,"href":"https:\/\/www.europesays.com\/es\/wp-json\/wp\/v2\/users\/2"}],"replies":[{"embeddable":true,"href":"https:\/\/www.europesays.com\/es\/wp-json\/wp\/v2\/comments?post=152363"}],"version-history":[{"count":0,"href":"https:\/\/www.europesays.com\/es\/wp-json\/wp\/v2\/posts\/152363\/revisions"}],"wp:featuredmedia":[{"embeddable":true,"href":"https:\/\/www.europesays.com\/es\/wp-json\/wp\/v2\/media\/152364"}],"wp:attachment":[{"href":"https:\/\/www.europesays.com\/es\/wp-json\/wp\/v2\/media?parent=152363"}],"wp:term":[{"taxonomy":"category","embeddable":true,"href":"https:\/\/www.europesays.com\/es\/wp-json\/wp\/v2\/categories?post=152363"},{"taxonomy":"post_tag","embeddable":true,"href":"https:\/\/www.europesays.com\/es\/wp-json\/wp\/v2\/tags?post=152363"}],"curies":[{"name":"wp","href":"https:\/\/api.w.org\/{rel}","templated":true}]}}