{"id":152373,"date":"2025-10-02T09:01:08","date_gmt":"2025-10-02T09:01:08","guid":{"rendered":"https:\/\/www.europesays.com\/es\/152373\/"},"modified":"2025-10-02T09:01:08","modified_gmt":"2025-10-02T09:01:08","slug":"conciertos-de-jazz-en-alcala-con-el-xxxii-festival-de-jazz-en-la-provincia","status":"publish","type":"post","link":"https:\/\/www.europesays.com\/es\/152373\/","title":{"rendered":"Conciertos de jazz en Alcal\u00e1 con el XXXII Festival de Jazz en la provincia"},"content":{"rendered":"<p>\n\t\t\t\t\tD\u00edas 15, 22 y 26 de noviembre en el teatro Guti\u00e9rrez de Alba. Entradas a la venta en entradas.alcaladeguadaira.es\n\t\t\t\t<\/p>\n<p>El teatro Guti\u00e9rrez de Alba acoge un a\u00f1o m\u00e1s el Festival de Jazz en la provincia que en su edici\u00f3n XXXII trae consigo a Alcal\u00e1 varias actuaciones en el mes de noviembre.<\/p>\n<p>El s\u00e1bado 15 de noviembre a las 20.30 horas tendr\u00e1 lugar el\u00a0concierto de Mar\u00eda Parra: Tr\u00edo.\u00a0<\/p>\n<p>Las entradas est\u00e1n a la venta en la web:\u00a0<a href=\"https:\/\/entradas.alcaladeguadaira.es\/es\/espectaculo\/xxxii-festival-de-jazz-en-la-provincia--maria-parra-trio\/FJAZZMARIA\" rel=\"noreferrer nofollow noopener\" target=\"_blank\">https:\/\/entradas.alcaladeguadaira.es\/es\/espectaculo\/xxxii-festival-de-jazz-en-la-provincia&#8211;maria-parra-trio\/FJAZZMARIA<\/a><\/p>\n<p>El s\u00e1bado 22 de noviembre a las 20.30 horas est\u00e1 previsto el\u00a0concierto de LOVIS G: Octeto.\u00a0<\/p>\n<p>Entradas en nuestra web:\u00a0<a href=\"https:\/\/entradas.alcaladeguadaira.es\/es\/espectaculo\/xxxii-festival-de-jazz-en-la-provincia--lovis-g-octeto\/FJAZZLOVIS\" rel=\"noreferrer nofollow noopener\" target=\"_blank\">https:\/\/entradas.alcaladeguadaira.es\/es\/espectaculo\/xxxii-festival-de-jazz-en-la-provincia&#8211;lovis-g-octeto\/FJAZZLOVIS<\/a><\/p>\n<p>Habr\u00e1 un concierto did\u00e1ctico con los institutos de la ciudad el d\u00eda 26 de noviembre\u00a0en horario lectivo ( a las 12.00 horas).<\/p>\n","protected":false},"excerpt":{"rendered":"D\u00edas 15, 22 y 26 de noviembre en el teatro Guti\u00e9rrez de Alba. Entradas a la venta en&hellip;\n","protected":false},"author":2,"featured_media":152374,"comment_status":"","ping_status":"","sticky":false,"template":"","format":"standard","meta":{"footnotes":""},"categories":[5],"tags":[24471,24470,24478,24469,1250,17,18,777,209,24474,168,24489,2026,24491,24480,25,24,13,14,24488,24487,24490,24492,24473,11,2178,3624,15235,891,6850,19,20,6688,24483,24054,24497,4044,24493,9,10,15,16,24477,24482,24415,24472,12365,24496,1922,24485,24481,24479,24475,24484,19497,24486,1171,23,24494,12,24476,4664,21,22,24495],"class_list":{"0":"post-152373","1":"post","2":"type-post","3":"status-publish","4":"format-standard","5":"has-post-thumbnail","7":"category-titulares","8":"tag-accesibilidad","9":"tag-administracion-electronica","10":"tag-agenda-de-actividades","11":"tag-alcala-de-guadaira","12":"tag-ayuntamiento","13":"tag-breaking-news","14":"tag-breakingnews","15":"tag-ciudad","16":"tag-cultura","17":"tag-datos-abiertos","18":"tag-deportes","19":"tag-desarrollo-economico","20":"tag-educacion","21":"tag-edusi","22":"tag-equipamientos","23":"tag-es","24":"tag-espana","25":"tag-featured-news","26":"tag-featurednews","27":"tag-feria-de-alcala","28":"tag-fiestas-mayores","29":"tag-formacion-y-empleo","30":"tag-gestion-tributaria","31":"tag-gobierno-abierto","32":"tag-headlines","33":"tag-igualdad","34":"tag-infancia","35":"tag-infraestructura","36":"tag-inmigrantes","37":"tag-juventud","38":"tag-latest-news","39":"tag-latestnews","40":"tag-medio-ambiente","41":"tag-molinos","42":"tag-movilidad-urbana","43":"tag-movilidad-y-transporte","44":"tag-mujeres","45":"tag-museo-de-alcala","46":"tag-news","47":"tag-noticias","48":"tag-noticias-destacadas","49":"tag-noticiasdestacadas","50":"tag-oferta-de-empleo","51":"tag-oromana","52":"tag-participacion-ciudadana","53":"tag-personas-con-discapacidad","54":"tag-personas-mayores","55":"tag-punto-limpio","56":"tag-redes-sociales","57":"tag-secretaria","58":"tag-sede-electronica","59":"tag-servicio-de-quejas-y-sugerencias","60":"tag-servicios-destacados","61":"tag-servicios-municipales","62":"tag-servicios-sociales","63":"tag-servicios-urbanos","64":"tag-sevilla","65":"tag-spain","66":"tag-teatro-auditorio-riberas-del-guadaira","67":"tag-titulares","68":"tag-tramites-y-servicios","69":"tag-turismo","70":"tag-ultimas-noticias","71":"tag-ultimasnoticias","72":"tag-universidad-popular"},"share_on_mastodon":{"url":"","error":""},"_links":{"self":[{"href":"https:\/\/www.europesays.com\/es\/wp-json\/wp\/v2\/posts\/152373","targetHints":{"allow":["GET"]}}],"collection":[{"href":"https:\/\/www.europesays.com\/es\/wp-json\/wp\/v2\/posts"}],"about":[{"href":"https:\/\/www.europesays.com\/es\/wp-json\/wp\/v2\/types\/post"}],"author":[{"embeddable":true,"href":"https:\/\/www.europesays.com\/es\/wp-json\/wp\/v2\/users\/2"}],"replies":[{"embeddable":true,"href":"https:\/\/www.europesays.com\/es\/wp-json\/wp\/v2\/comments?post=152373"}],"version-history":[{"count":0,"href":"https:\/\/www.europesays.com\/es\/wp-json\/wp\/v2\/posts\/152373\/revisions"}],"wp:featuredmedia":[{"embeddable":true,"href":"https:\/\/www.europesays.com\/es\/wp-json\/wp\/v2\/media\/152374"}],"wp:attachment":[{"href":"https:\/\/www.europesays.com\/es\/wp-json\/wp\/v2\/media?parent=152373"}],"wp:term":[{"taxonomy":"category","embeddable":true,"href":"https:\/\/www.europesays.com\/es\/wp-json\/wp\/v2\/categories?post=152373"},{"taxonomy":"post_tag","embeddable":true,"href":"https:\/\/www.europesays.com\/es\/wp-json\/wp\/v2\/tags?post=152373"}],"curies":[{"name":"wp","href":"https:\/\/api.w.org\/{rel}","templated":true}]}}