{"id":152375,"date":"2025-10-02T09:02:08","date_gmt":"2025-10-02T09:02:08","guid":{"rendered":"https:\/\/www.europesays.com\/es\/152375\/"},"modified":"2025-10-02T09:02:08","modified_gmt":"2025-10-02T09:02:08","slug":"una-victoria-importante-para-los-animos-del-cisne","status":"publish","type":"post","link":"https:\/\/www.europesays.com\/es\/152375\/","title":{"rendered":"Una victoria \u00abimportante\u00bb para los \u00e1nimos del Cisne"},"content":{"rendered":"<p>El <strong><a target=\"_blank\" href=\"https:\/\/www.diariodepontevedra.es\/tags\/club-cisne-balonmano\/\" rel=\"nofollow noopener\">Cisne Los Sauces<\/a><\/strong> logr\u00f3 el pasado s\u00e1bado la primera victoria de la temporada, un triunfo que era importante para el estado an\u00edmico de la plantilla y en el cual la aportaci\u00f3n de <strong>Joao Ferreira<\/strong> fue clave.\u00a0<\/p>\n<p>El<strong> jugador portugu\u00e9s<\/strong> lleg\u00f3 al conjunto blanco para ser una pieza importante en la primera l\u00ednea y despu\u00e9s de una gran actuaci\u00f3n en la pretemporada, no encontr\u00f3 su mejor versi\u00f3n en las<strong> primeras jornadas ligueras<\/strong>. Sin embargo el pasado s\u00e1bado volvi\u00f3 a ser el jugador determinante que hab\u00eda destacado durante los encuentros de preparaci\u00f3n y su equipo lo not\u00f3.<\/p>\n<p>El primera l\u00ednea aport\u00f3 nueve goles en ataque y demostr\u00f3 car\u00e1cter sobre la pista del <strong>Pr\u00edncipe Felipe<\/strong> para guiar al equipo blanco hacia la primera victoria del curso. Un triunfo \u00abmuy importante\u00bb, tal y como destaca Ferreira.<\/p>\n<p>\u00abEn t\u00e9rminos an\u00edmicos ven\u00edamos de dos derrotas seguidas y con las malas noticias de las <strong>lesiones de dos compa\u00f1eros <\/strong>y esta victoria es importante para nosotros\u00bb, asegura el jugador blanco tras los primeros dos puntos del curso.<\/p>\n<p>Reconoce que el triunfo sent\u00f3 bien en un vestuario que \u00abahora est\u00e1 mejor\u00bb, pero en el que fue \u00abdif\u00edcil\u00bb perder a dos jugadores como<strong> V\u00edctor Fern\u00e1ndez y Alberto Delgado<\/strong>. \u00abLas lesiones son parte del deporte y ahora los que estamos tenemos que dar los mejor de nosotros por ellos\u00bb, reconoce el primera l\u00ednea.<\/p>\n<p>El Cisne Los Sauces logr\u00f3 su primera victoria ante el <strong>Balonmano Zaragoza<\/strong> en un partido en el que la clave estuvo, seg\u00fan el portugu\u00e9s, en \u00abque <strong>la defensa estuvo bien<\/strong> y nos permiti\u00f3 correr y hacer goles f\u00e1ciles de contraataque\u00bb, acciones que le dieron a los blancos un colch\u00f3n que le vino bien, les quit\u00f3 presi\u00f3n y les ofreci\u00f3 la confianza necesaria a los jugadores cisne\u00edstas para hacer disminuir los nervios y \u00abhacer nuestro juego\u00bb y coger m\u00e1s ventaja en el marcador.<\/p>\n<blockquote>\n<p>\u00abVen\u00edamos de dos derrotas seguidas y con las malas noticias de las lesiones de dos compa\u00f1eros, esta victoria es importante\u00bb<\/p>\n<\/blockquote>\n<p>Y es que la presi\u00f3n de no conseguir los dos primeros puntos estaba afectando en un <strong>vestuario marcado por la juventud<\/strong>, en el que los veteranos ten\u00edan que dar un paso al frente para mejorar el camino a recorrer.<\/p>\n<p>Uno de esos <strong>veteranos <\/strong>es el propio Joao Ferreira que reconoce que el pasado s\u00e1bado se encontr\u00f3 bien sobre la pista y que \u00abhab\u00eda hecho una buena pretemporada y el pasado s\u00e1bado fui m\u00e1s agresivo y encontr\u00e9 esa versi\u00f3n que hab\u00eda dado en <strong>pretemporada<\/strong>\u00ab, una actitud sobre la pista que le sirvi\u00f3 para ser el mejor jugador blanco en el Pr\u00edncipe Felipe y que le da la confianza para \u00abseguir jugando as\u00ed, que me fue bien, y asumir m\u00e1s en el juego del equipo\u00bb.<\/p>\n<p>A Alcobendas, a por los dos puntos<\/p>\n<p>Con los dos primeros puntos en el bolsillo el Cisne Los Sauces se encuentra ya preparando el pr\u00f3ximo encuentro liguero. Un <strong>duelo a domicilio<\/strong> en el que visitar\u00e1 este s\u00e1bado (18:30 horas) al <strong>Alcobendas<\/strong>, farolillo de la clasificaci\u00f3n que todav\u00eda no ha logrado puntuar.<\/p>\n<p>De cara a la <strong>cuarta jornada de Divisi\u00f3n de Honor Plata<\/strong>, Joao Ferreira tiene claro que \u00abes un partido que est\u00e1 a nuestro alcance\u00bb. El primera l\u00ednea es consciente de que \u00abtenemos que hacer nuestro juego y no darle la posibilidad de que nos hagan da\u00f1o, ya que estos equipos son dif\u00edciles en su cancha\u00bb y, adem\u00e1s, jugar con la ansiedad que pueda tener el Alcobendas por la <strong>necesidad de conseguir el primer triunfo<\/strong>.<\/p>\n<p>Y es que los blancos tienen ganas de volver a sentir la<strong> sensaci\u00f3n de victoria<\/strong>, la cual sintieron por primera vez el pasado fin de semana y que esperan repetir este ya que \u00absiempre jugamos para ganar\u00bb, asegura el primera l\u00ednea cisne\u00edsta.<\/p>\n<p>Joao Ferreira ha firmado su mejor actuaci\u00f3n desde que comenz\u00f3 la liga, replicando sus buenos partidos de pretemporada y siendo parte fundamental de la primera victoria de un Cisne Los Sauces que tiene hambre de mucho m\u00e1s.<\/p>\n","protected":false},"excerpt":{"rendered":"El Cisne Los Sauces logr\u00f3 el pasado s\u00e1bado la primera victoria de la temporada, un triunfo que era&hellip;\n","protected":false},"author":2,"featured_media":152376,"comment_status":"","ping_status":"","sticky":false,"template":"","format":"standard","meta":{"footnotes":""},"categories":[278],"tags":[376,16343,168,8656,25,24,375,1146,23,167],"class_list":{"0":"post-152375","1":"post","2":"type-post","3":"status-publish","4":"format-standard","5":"has-post-thumbnail","7":"category-balonmano","8":"tag-balonmano","9":"tag-club-cisne-balonmano","10":"tag-deportes","11":"tag-division-de-honor-plata","12":"tag-es","13":"tag-espana","14":"tag-handball","15":"tag-pontevedra","16":"tag-spain","17":"tag-sports"},"share_on_mastodon":{"url":"","error":""},"_links":{"self":[{"href":"https:\/\/www.europesays.com\/es\/wp-json\/wp\/v2\/posts\/152375","targetHints":{"allow":["GET"]}}],"collection":[{"href":"https:\/\/www.europesays.com\/es\/wp-json\/wp\/v2\/posts"}],"about":[{"href":"https:\/\/www.europesays.com\/es\/wp-json\/wp\/v2\/types\/post"}],"author":[{"embeddable":true,"href":"https:\/\/www.europesays.com\/es\/wp-json\/wp\/v2\/users\/2"}],"replies":[{"embeddable":true,"href":"https:\/\/www.europesays.com\/es\/wp-json\/wp\/v2\/comments?post=152375"}],"version-history":[{"count":0,"href":"https:\/\/www.europesays.com\/es\/wp-json\/wp\/v2\/posts\/152375\/revisions"}],"wp:featuredmedia":[{"embeddable":true,"href":"https:\/\/www.europesays.com\/es\/wp-json\/wp\/v2\/media\/152376"}],"wp:attachment":[{"href":"https:\/\/www.europesays.com\/es\/wp-json\/wp\/v2\/media?parent=152375"}],"wp:term":[{"taxonomy":"category","embeddable":true,"href":"https:\/\/www.europesays.com\/es\/wp-json\/wp\/v2\/categories?post=152375"},{"taxonomy":"post_tag","embeddable":true,"href":"https:\/\/www.europesays.com\/es\/wp-json\/wp\/v2\/tags?post=152375"}],"curies":[{"name":"wp","href":"https:\/\/api.w.org\/{rel}","templated":true}]}}