{"id":152383,"date":"2025-10-02T09:08:10","date_gmt":"2025-10-02T09:08:10","guid":{"rendered":"https:\/\/www.europesays.com\/es\/152383\/"},"modified":"2025-10-02T09:08:10","modified_gmt":"2025-10-02T09:08:10","slug":"la-formula-1-es-el-deporte-mas-caro-que-pueda-existir-incluso-un-kart-bueno-cuesta-en-torno-a-10-000-euros","status":"publish","type":"post","link":"https:\/\/www.europesays.com\/es\/152383\/","title":{"rendered":"La F\u00f3rmula 1 es el deporte m\u00e1s caro que pueda existir. Incluso un kart bueno cuesta en torno a 10.000 euros"},"content":{"rendered":"\n<ul class=\"bodyList bodyList--unordered\">\n<li class=\"bodyList__item\"><a href=\"https:\/\/www.elconfidencial.com\/deportes\/formula-1\/2025-10-01\/sainz-hamilton-ferrari-willliams-gp-singapur_4219242\/\" target=\"_self\" rel=\"nofollow noopener\">\u00abEl podio de Carlos Sainz demuestra que Ferrari se equivoc\u00f3 al fichar a Lewis Hamilton\u00bb<\/a><\/li>\n<li class=\"bodyList__item\"><a href=\"https:\/\/www.elconfidencial.com\/deportes\/formula-1\/2025-09-30\/1qrt-carlos-sainz-explica-furgoneta_4219196\/\" target=\"_self\" rel=\"nofollow noopener\">Carlos Sainz explica por fin qu\u00e9 hac\u00eda viajando en furgoneta con Leclerc de copiloto: \u00abCharles, quiero matarte ahora mismo\u00bb<\/a><\/li>\n<\/ul>\n<p> <a href=\"https:\/\/www.elconfidencial.com\/deportes\/formula-1\/2025-09-29\/fernando-alonso-aston-martin-adrian-newey-red-bull_4217152\/\" target=\"_self\" rel=\"nofollow noopener\">Fernando Alonso<\/a> es el piloto m\u00e1s longevo de la parrilla. <a href=\"https:\/\/www.elconfidencial.com\/deportes\/formula-1\/2025-09-24\/fernando-alonso-retirada-buen-momento-para-cerrar-mi-carrera_4215408\/\" target=\"_self\" rel=\"nofollow noopener\">A sus 44 a\u00f1os<\/a>, cumple su<strong> temporada n\u00famero 22<\/strong> en la F\u00f3rmula 1. En este curso solo acumula 30 puntos, estando clasificado como el 14\u00ba en el Mundial. <\/p>\n<p> Llegar a la <strong>F\u00f3rmula 1 <\/strong>es muy complicado, solo <strong>hay 20 pilotos que cuentan con esa suerte cada a\u00f1o<\/strong>. No solo se trata de talento, sino que para llegar se necesita una gran inversi\u00f3n desde las categor\u00edas m\u00e1s bajas. <\/p>\n<p> Es considerado el deporte m\u00e1s caro del mundo debido a los <strong>enormes costes de ingenier\u00eda, personal, log\u00edstica global <\/strong>y un presupuesto que supera los cientos de millones de d\u00f3lares por temporada. <\/p>\n<p>              <img decoding=\"async\" class=\"inTextNews__img\" alt=\"Foto: fernando-alonso-retirada-buen-momento-para-cerrar-mi-carrera\" src=\"https:\/\/www.europesays.com\/es\/wp-content\/uploads\/2025\/10\/f.elconfidencial.com\/original\/a92\/fd7\/fb0\/a92fd7fb013895e8796e32eeb43518e2.jpg\"  \/>     <\/p>\n<p>TE PUEDE INTERESAR<\/p>\n<p>      <a class=\"inTextNews__title\" href=\"https:\/\/www.elconfidencial.com\/deportes\/formula-1\/2025-09-24\/fernando-alonso-retirada-buen-momento-para-cerrar-mi-carrera_4215408\/\" onclick=\"window.ECCO.emit(&#039;amplitude&#039;, { dataEventName: &#039;click_related_article_module&#039;, data: { related_article_url: &#039;https:\/\/www.elconfidencial.com\/deportes\/formula-1\/2025-09-24\/fernando-alonso-retirada-buen-momento-para-cerrar-mi-carrera_4215408\/&#039;, related_article_author: &#039;\u00c1lvaro El\u00edas&#039;, related_article_section: &#039;formula-1&#039; } })\" rel=\"nofollow noopener\" target=\"_blank\"> Fernando Alonso habla sobre su retirada: \u00abSer\u00eda un buen momento, ya no necesito correr\u00bb <\/a>   <\/p>\n<p>    El Confidencial   <\/p>\n<p> La principal raz\u00f3n es por tratarse de un <strong>deporte global con un calendario de 24 carreras en diferentes continentes<\/strong>, lo que implica costos log\u00edsticos significativos en transporte, infraestructura y gesti\u00f3n de equipos. Adem\u00e1s de los gastos de ingenieros, t\u00e9cnicos y personal de apoyo. <\/p>\n<p> A todo esto hay que sumar el equipamiento que llevan los pilotos, el coche, los neum\u00e1ticos, gasolina. El<strong> propio <\/strong><a href=\"https:\/\/www.elconfidencial.com\/deportes\/formula-1\/2025-09-20\/alonso-mclaren-aston-martin-gp-zerbaiyan_4212720\/\" target=\"_self\" rel=\"nofollow noopener\">Fernando Alonso<\/a><strong> explic\u00f3 todo lo que llevaba puesto <\/strong>cuando se sub\u00eda al monoplaza:<strong> \u00abUn pijama ign\u00edfugo, luego el mono, las botas, los guantes,<\/strong> el hans que es este sistema para el cuello, el casco\u2026\u00bb. <\/p>\n<p> Al ser preguntado sobre cu\u00e1nto cuesta un traje, el piloto asturiano dijo: \u00abNo tengo ni idea porque los equipos nos hacen los trajes a medida. Los monos del karting y de otras categor\u00edas, en torno a 800 euros. <strong>Es el deporte m\u00e1s caro que pueda existir<\/strong>. Incluso el kart, un <strong>kart bueno, cuesta en torno a 10.000 euros<\/strong>, que casi te compras un coche peque\u00f1ito. Luego la gasolina, el mantenimiento, la cadena o los neum\u00e1ticos, que no duran m\u00e1s de un fin de semana\u00bb, desvel\u00f3 el ovetense. <\/p>\n","protected":false},"excerpt":{"rendered":"\u00abEl podio de Carlos Sainz demuestra que Ferrari se equivoc\u00f3 al fichar a Lewis Hamilton\u00bb Carlos Sainz explica&hellip;\n","protected":false},"author":2,"featured_media":152384,"comment_status":"","ping_status":"","sticky":false,"template":"","format":"standard","meta":{"footnotes":""},"categories":[270],"tags":[168,25,24,306,271,272,23,167],"class_list":{"0":"post-152383","1":"post","2":"type-post","3":"status-publish","4":"format-standard","5":"has-post-thumbnail","7":"category-formula-1","8":"tag-deportes","9":"tag-es","10":"tag-espana","11":"tag-f1","12":"tag-formula-1","13":"tag-formula1","14":"tag-spain","15":"tag-sports"},"share_on_mastodon":{"url":"","error":""},"_links":{"self":[{"href":"https:\/\/www.europesays.com\/es\/wp-json\/wp\/v2\/posts\/152383","targetHints":{"allow":["GET"]}}],"collection":[{"href":"https:\/\/www.europesays.com\/es\/wp-json\/wp\/v2\/posts"}],"about":[{"href":"https:\/\/www.europesays.com\/es\/wp-json\/wp\/v2\/types\/post"}],"author":[{"embeddable":true,"href":"https:\/\/www.europesays.com\/es\/wp-json\/wp\/v2\/users\/2"}],"replies":[{"embeddable":true,"href":"https:\/\/www.europesays.com\/es\/wp-json\/wp\/v2\/comments?post=152383"}],"version-history":[{"count":0,"href":"https:\/\/www.europesays.com\/es\/wp-json\/wp\/v2\/posts\/152383\/revisions"}],"wp:featuredmedia":[{"embeddable":true,"href":"https:\/\/www.europesays.com\/es\/wp-json\/wp\/v2\/media\/152384"}],"wp:attachment":[{"href":"https:\/\/www.europesays.com\/es\/wp-json\/wp\/v2\/media?parent=152383"}],"wp:term":[{"taxonomy":"category","embeddable":true,"href":"https:\/\/www.europesays.com\/es\/wp-json\/wp\/v2\/categories?post=152383"},{"taxonomy":"post_tag","embeddable":true,"href":"https:\/\/www.europesays.com\/es\/wp-json\/wp\/v2\/tags?post=152383"}],"curies":[{"name":"wp","href":"https:\/\/api.w.org\/{rel}","templated":true}]}}