{"id":152389,"date":"2025-10-02T09:11:08","date_gmt":"2025-10-02T09:11:08","guid":{"rendered":"https:\/\/www.europesays.com\/es\/152389\/"},"modified":"2025-10-02T09:11:08","modified_gmt":"2025-10-02T09:11:08","slug":"el-enigmatico-posteo-de-elina-costantini-que-desperto-curiosidad-en-las-redes-se-vienen","status":"publish","type":"post","link":"https:\/\/www.europesays.com\/es\/152389\/","title":{"rendered":"El enigm\u00e1tico posteo de Elina Costantini que despert\u00f3 curiosidad en las redes: \u201c\u00bfSe vienen?\u00bb"},"content":{"rendered":"<p><img alt=\"La empresaria despert\u00f3 la curiosidad\" class=\"global-image\" decoding=\"async\" fetchpriority=\"high\" height=\"1080\" loading=\"eager\" src=\"https:\/\/www.europesays.com\/es\/wp-content\/uploads\/2025\/10\/CUSBTA4MQZAGJI3RXSKQFPIXRI.jpg\" width=\"1920\"\/>La empresaria despert\u00f3 la curiosidad de los usuarios con sus historias en las redes (Instagram)<\/p>\n<p class=\"paragraph\">En febrero pasado, la vida de <a rel=\"noopener noreferrer nofollow\" href=\"https:\/\/www.infobae.com\/tag\/eduardo-constantini\/\" target=\"_blank\" title=\"https:\/\/www.infobae.com\/tag\/eduardo-constantini\/\"><b>Eduardo <\/b><\/a><b>y <\/b><a rel=\"noopener noreferrer nofollow\" href=\"https:\/\/www.infobae.com\/tag\/elina-constantini\/\" target=\"_blank\" title=\"https:\/\/www.infobae.com\/tag\/elina-constantini\/\"><b>Elina Costantini<\/b><\/a> dio un giro cargado de emoci\u00f3n y ternura con<a rel=\"noopener noreferrer nofollow\" href=\"https:\/\/www.infobae.com\/teleshow\/2025\/01\/17\/nacio-kahlo-milagro-la-hija-de-eduardo-y-elina-costantini-bienvenida-al-mundo\/\" target=\"_blank\" title=\"https:\/\/www.infobae.com\/teleshow\/2025\/01\/17\/nacio-kahlo-milagro-la-hija-de-eduardo-y-elina-costantini-bienvenida-al-mundo\/\"><b> la llegada de su primera hija en com\u00fan, <\/b><\/a><a rel=\"noopener noreferrer nofollow\" href=\"https:\/\/www.infobae.com\/tag\/kahlo-constantini\/\" target=\"_blank\" title=\"https:\/\/www.infobae.com\/tag\/kahlo-constantini\/\"><b>Kahlo<\/b><\/a>. Desde entonces, la empresaria y el fundador de Malba disfrutan a pleno de la crianza y los peque\u00f1os hitos cotidianos junto a la beb\u00e9, compartiendo con sus seguidores postales, reflexiones y aprendizajes en esta nueva etapa familiar. Sin embargo, este mi\u00e9rcoles por la tarde, <b>Elina dej\u00f3 a todos boquiabiertos con un posteo tan enigm\u00e1tico como vira<\/b>l, que volvi\u00f3 a poner a la pareja en el foco de las miradas del mundo del espect\u00e1culo.<\/p>\n<p class=\"paragraph\">A trav\u00e9s de sus historias de Instagram, la fundadora de la Semana de la Alta Costura Argentina sorprendi\u00f3 al subir una imagen que dispar\u00f3 rumores y especulaciones. <b>En la foto se observan dos beb\u00e9s vestidos con prendas id\u00e9nticas que llevan la inscripci\u00f3n<\/b> <b>\u201cTwin Baby\u201d<\/b>, ambos con gorritos celestes y abrazados a sus peluches, formando una escena de absoluta ternura y complicidad. Debajo, Elina escribi\u00f3: <b>\u201c\u00bf\u00a1Se vienen !?\u201d<\/b>, junto con emojis de carita c\u00f3mplice, carita so\u00f1adora y corazones azules. Sin ning\u00fan otro agregado, la publicaci\u00f3n abri\u00f3 paso a consultas de si se viene un anuncio de nuevos integrantes en la familia Constantini o se trataba de un gui\u00f1o ante un posible embarazo de gemelos perteneciente a un ser querido.<\/p>\n<p class=\"paragraph\">El posteo, mucho m\u00e1s sugestivo que informativo, no tard\u00f3 en encender las redes sociales y generar una ola de comentarios. En cuesti\u00f3n de minutos, los mensajes, capturas y teor\u00edas inundaron grupos, portales y perfiles faranduleros. Pero fiel a su estilo, Elina prefiri\u00f3 dejar el misterio en el aire, evitando confirmaciones o desmentidas y manteniendo la inc\u00f3gnita acerca de si la familia sumar\u00e1 o no nuevos miembros en el corto plazo.<\/p>\n<p><img alt=\"El posteo de Elina que\" class=\"global-image\" decoding=\"async\" fetchpriority=\"low\" height=\"857\" loading=\"lazy\" src=\"https:\/\/www.europesays.com\/es\/wp-content\/uploads\/2025\/10\/6VVTBGZAARDOJG42LYA54IJM3I.png\" width=\"470\"\/>El posteo de Elina que llam\u00f3 la atenci\u00f3n en su cuenta (Instagram)<\/p>\n<p class=\"paragraph\">Mientras tanto, la empresaria contin\u00faa enfocada en el presente, muy cerca de Kahlo y de su esposo. A pesar del revuelo digital, Elina mantuvo sus rutinas familiares y laborales, recordando que prefiere celebrar sus grandes momentos lejos del estruendo de los flashes y los titulares sensacionalistas. Solo unos meses atr\u00e1s,<a rel=\"noopener noreferrer nofollow\" href=\"https:\/\/www.infobae.com\/teleshow\/2025\/04\/05\/elina-constantini-hablo-de-su-maternidad-y-defendio-a-su-esposo-de-las-criticas-que-recibe-de-los-haters-en-redes\/\" target=\"_blank\" title=\"https:\/\/www.infobae.com\/teleshow\/2025\/04\/05\/elina-constantini-hablo-de-su-maternidad-y-defendio-a-su-esposo-de-las-criticas-que-recibe-de-los-haters-en-redes\/\"> hab\u00eda elegido el programa <b>Puro Show<\/b> <\/a>(El Trece) para contar, en un mano a mano sincero, c\u00f3mo transit\u00f3 la maternidad, c\u00f3mo es su d\u00eda a d\u00eda con la beba reci\u00e9n nacida y c\u00f3mo enfrenta las miradas ajenas hacia su relaci\u00f3n con Eduardo.<\/p>\n<p class=\"paragraph\">En esa conversaci\u00f3n, Elina se mostr\u00f3 plena y honesta acerca de los cambios f\u00edsicos tras el parto y la readaptaci\u00f3n a la vida cotidiana: <b>\u201cFui mam\u00e1 hace dos meses y medio y estoy muy bien y feliz, acompa\u00f1ando al Museo S\u00edvori en esta apertura. Todav\u00eda tengo mi pancita chiquita, pero bueno, es muy reciente todo\u201d<\/b>, cont\u00f3 sin rodeos. Relat\u00f3, para sorpresa y envidia de muchas madres primerizas, que la experiencia con Kahlo est\u00e1 marcada por el descanso y el equilibrio. <b>\u201cEs una santa. Llevamos s\u00faper bien esta nueva etapa. Duermo m\u00e1s ahora que antes, no lo puedo creer\u201d<\/b>, revel\u00f3, dando cuenta no solo de una adaptaci\u00f3n \u00f3ptima, sino tambi\u00e9n de la alegr\u00eda por cada noche tranquila.<\/p>\n<p>Elina Costantini se sincer\u00f3 al hablar sobre su maternidad y las cr\u00edticas hacia su marido, Eduardo (Puro Show &#8211; El Trece)<\/p>\n<p class=\"paragraph\">Lejos de asumir sola la tarea de cuidar a la peque\u00f1a, la empresaria subray\u00f3 el papel clave de su pareja: <b>\u201cEduardo me ayuda much\u00edsimo con todo, lo mejor que hace es dormirla, pero est\u00e1 muy presente\u201d<\/b>. Respecto a las rutinas familiares, explic\u00f3 que la clave para sobrellevar la etapa inicial fueron los horarios claros y el acompa\u00f1amiento mutuo. <b>\u201cM\u00e1s all\u00e1 de la suerte, tambi\u00e9n tenemos una rutina con tres siestas, el momento del ba\u00f1o y dem\u00e1s cosas que colaboran. Naci\u00f3 buena. Se lleva s\u00faper bien con Eduardo\u201d<\/b>, agreg\u00f3, resaltando la armon\u00eda en el clima del hogar.<\/p>\n<p class=\"paragraph\">Adem\u00e1s, Elina se mostr\u00f3 sin vueltas ante los comentarios y cr\u00edticas que suele recibir en redes sociales, especialmente aquellos dirigidos a su pareja y la diferencia de edad. \u201c<b>A m\u00ed me encantan los haters porque son super originales. Me gusta que contesten, que se creen debates, me divierte pensar qui\u00e9n es la persona que est\u00e1 del otro lado, me los imagino f\u00edsicamente y c\u00f3mo ser\u00e1 quien escribe<\/b>\u201d, coment\u00f3 entre risas y desdramatizando los embates p\u00fablicos.<\/p>\n","protected":false},"excerpt":{"rendered":"La empresaria despert\u00f3 la curiosidad de los usuarios con sus historias en las redes (Instagram) En febrero pasado,&hellip;\n","protected":false},"author":2,"featured_media":152390,"comment_status":"","ping_status":"","sticky":false,"template":"","format":"standard","meta":{"footnotes":""},"categories":[174],"tags":[255,146,147,25,24,256,23],"class_list":{"0":"post-152389","1":"post","2":"type-post","3":"status-publish","4":"format-standard","5":"has-post-thumbnail","7":"category-famosos","8":"tag-celebrities","9":"tag-entertainment","10":"tag-entretenimiento","11":"tag-es","12":"tag-espana","13":"tag-famosos","14":"tag-spain"},"share_on_mastodon":{"url":"","error":""},"_links":{"self":[{"href":"https:\/\/www.europesays.com\/es\/wp-json\/wp\/v2\/posts\/152389","targetHints":{"allow":["GET"]}}],"collection":[{"href":"https:\/\/www.europesays.com\/es\/wp-json\/wp\/v2\/posts"}],"about":[{"href":"https:\/\/www.europesays.com\/es\/wp-json\/wp\/v2\/types\/post"}],"author":[{"embeddable":true,"href":"https:\/\/www.europesays.com\/es\/wp-json\/wp\/v2\/users\/2"}],"replies":[{"embeddable":true,"href":"https:\/\/www.europesays.com\/es\/wp-json\/wp\/v2\/comments?post=152389"}],"version-history":[{"count":0,"href":"https:\/\/www.europesays.com\/es\/wp-json\/wp\/v2\/posts\/152389\/revisions"}],"wp:featuredmedia":[{"embeddable":true,"href":"https:\/\/www.europesays.com\/es\/wp-json\/wp\/v2\/media\/152390"}],"wp:attachment":[{"href":"https:\/\/www.europesays.com\/es\/wp-json\/wp\/v2\/media?parent=152389"}],"wp:term":[{"taxonomy":"category","embeddable":true,"href":"https:\/\/www.europesays.com\/es\/wp-json\/wp\/v2\/categories?post=152389"},{"taxonomy":"post_tag","embeddable":true,"href":"https:\/\/www.europesays.com\/es\/wp-json\/wp\/v2\/tags?post=152389"}],"curies":[{"name":"wp","href":"https:\/\/api.w.org\/{rel}","templated":true}]}}