{"id":152393,"date":"2025-10-02T09:13:10","date_gmt":"2025-10-02T09:13:10","guid":{"rendered":"https:\/\/www.europesays.com\/es\/152393\/"},"modified":"2025-10-02T09:13:10","modified_gmt":"2025-10-02T09:13:10","slug":"libro-de-la-semana-el-leviatan-del-sur-autoeditado-de-federico-supervielle-berges","status":"publish","type":"post","link":"https:\/\/www.europesays.com\/es\/152393\/","title":{"rendered":"Libro de la semana | El Leviat\u00e1n del sur (autoeditado), de Federico Supervielle Berg\u00e9s"},"content":{"rendered":"<p>La familia Supervielle se ha ganado un merecido reconocimiento en la marina espa\u00f1ola. El padre es marino de guerra, tres de sus cuatro hijos son oficiales de la Armada y el cuarto es marino mercante. <strong>Federico Supervielle Berg\u00e9s<\/strong> es uno de esos tres oficiales que, adem\u00e1s, ha espoleado su pasi\u00f3n por la escritura con una numerosa obra cuyo \u00faltimo ejemplar es <strong>El Leviat\u00e1n del Sur<\/strong>.<\/p>\n<p>Este libro pertenece a la saga del <strong>Albatros<\/strong>, el \u00fanico barco de guerra privado del mundo, ideado por Supervielle para vivir toda una serie de peripecias que culminan en este Leviat\u00e1n sure\u00f1o. En este casi, un intento de secuestro moviliza a la tripulaci\u00f3n del Albatros que, pese a no contar con apoyo oficial, navega entre tormentas y sabotajes para llevar su misi\u00f3n a buen t\u00e9rmino.<\/p>\n<p><strong>C\u00e1diz<\/strong>, el oce\u00e1no <strong>\u00cdndico<\/strong> y los mares del Sur son los escenarios de una misi\u00f3n que est\u00e1 aderezada por redes de espionaje, las ansias de venganza de un rival temible y varios secuestros que van hilando una trama emocionante y muy bien hilada.<\/p>\n<p>\u00bfD\u00f3nde comprarlo?\u00a0<strong><a href=\"https:\/\/www.nauticarobinson.com\/libros\/el-leviatan-del-sur-tormentas-sabotajes-y-una-huida-en-alta-mar\/9788409725502\/\" rel=\"nofollow noopener\" target=\"_blank\">Aqu\u00ed<\/a><\/strong>.<\/p>\n","protected":false},"excerpt":{"rendered":"La familia Supervielle se ha ganado un merecido reconocimiento en la marina espa\u00f1ola. El padre es marino de&hellip;\n","protected":false},"author":2,"featured_media":152394,"comment_status":"","ping_status":"","sticky":false,"template":"","format":"standard","meta":{"footnotes":""},"categories":[172],"tags":[224,46068,146,147,25,24,46069,225,23],"class_list":{"0":"post-152393","1":"post","2":"type-post","3":"status-publish","4":"format-standard","5":"has-post-thumbnail","7":"category-libros","8":"tag-books","9":"tag-el-leviatan-del-sur","10":"tag-entertainment","11":"tag-entretenimiento","12":"tag-es","13":"tag-espana","14":"tag-federico-supervielle-berges","15":"tag-libros","16":"tag-spain"},"share_on_mastodon":{"url":"","error":""},"_links":{"self":[{"href":"https:\/\/www.europesays.com\/es\/wp-json\/wp\/v2\/posts\/152393","targetHints":{"allow":["GET"]}}],"collection":[{"href":"https:\/\/www.europesays.com\/es\/wp-json\/wp\/v2\/posts"}],"about":[{"href":"https:\/\/www.europesays.com\/es\/wp-json\/wp\/v2\/types\/post"}],"author":[{"embeddable":true,"href":"https:\/\/www.europesays.com\/es\/wp-json\/wp\/v2\/users\/2"}],"replies":[{"embeddable":true,"href":"https:\/\/www.europesays.com\/es\/wp-json\/wp\/v2\/comments?post=152393"}],"version-history":[{"count":0,"href":"https:\/\/www.europesays.com\/es\/wp-json\/wp\/v2\/posts\/152393\/revisions"}],"wp:featuredmedia":[{"embeddable":true,"href":"https:\/\/www.europesays.com\/es\/wp-json\/wp\/v2\/media\/152394"}],"wp:attachment":[{"href":"https:\/\/www.europesays.com\/es\/wp-json\/wp\/v2\/media?parent=152393"}],"wp:term":[{"taxonomy":"category","embeddable":true,"href":"https:\/\/www.europesays.com\/es\/wp-json\/wp\/v2\/categories?post=152393"},{"taxonomy":"post_tag","embeddable":true,"href":"https:\/\/www.europesays.com\/es\/wp-json\/wp\/v2\/tags?post=152393"}],"curies":[{"name":"wp","href":"https:\/\/api.w.org\/{rel}","templated":true}]}}