{"id":152395,"date":"2025-10-02T09:14:09","date_gmt":"2025-10-02T09:14:09","guid":{"rendered":"https:\/\/www.europesays.com\/es\/152395\/"},"modified":"2025-10-02T09:14:09","modified_gmt":"2025-10-02T09:14:09","slug":"llevo-25-anos-viendo-telenovelas-espanolas-y-sigo-pensando-que-esta-serie-es-incluso-mejor-que-la-promesa","status":"publish","type":"post","link":"https:\/\/www.europesays.com\/es\/152395\/","title":{"rendered":"Llevo 25 a\u00f1os viendo telenovelas espa\u00f1olas y sigo pensando que esta serie es incluso mejor que &#8216;La Promesa&#8217;"},"content":{"rendered":"<p data-journey-content=\"true\" data-node-id=\"3\" class=\"css-6wxqfj emevuu60\"><strong data-node-id=\"3.0\">Son ya 25 a\u00f1os los que llevo viendo telenovelas y escribiendo sobre ellas<\/strong>, desde aquellas latinas tan recordadas como <a href=\"https:\/\/www.diezminutos.es\/telenovela\/otras\/a65074308\/pobre-diabla-betty-la-fea-dos-telenovelas-populares-donde-verlas\/\" target=\"_blank\" data-vars-ga-outbound-link=\"https:\/\/www.diezminutos.es\/telenovela\/otras\/a65074308\/pobre-diabla-betty-la-fea-dos-telenovelas-populares-donde-verlas\/\" data-vars-ga-ux-element=\"Hyperlink\" data-vars-ga-call-to-action=\"&#039;Pobre diabla&#039;\" data-node-id=\"3.2\" class=\"body-link css-177bzfx emevuu60\" rel=\"nofollow noopener\">&#8216;Pobre diabla&#8217;<\/a><strong data-node-id=\"3.3\"\/><strong data-node-id=\"3.4\"\/> hasta las <strong data-node-id=\"3.6\"><a href=\"https:\/\/www.diezminutos.es\/telenovela\/turcas\/a68108849\/platonik-ask-recomendacion-experta-series-turcas-netflix\/\" target=\"_blank\" data-vars-ga-outbound-link=\"https:\/\/www.diezminutos.es\/telenovela\/turcas\/a68108849\/platonik-ask-recomendacion-experta-series-turcas-netflix\/\" data-vars-ga-ux-element=\"Hyperlink\" data-vars-ga-call-to-action=\"turcas \" data-node-id=\"3.6.0\" class=\"body-link css-177bzfx emevuu60\" rel=\"nofollow noopener\">turcas <\/a><\/strong>que han llegado en la \u00faltima d\u00e9cada a nuestro pa\u00eds, pasando por descontado por espa\u00f1olas, como <a href=\"https:\/\/www.diezminutos.es\/telenovela\/espanolas\/a66135516\/adriana-torrebejano-amar-es-para-siempre-el-secreto-de-puente-viejo-comparacion-la-promesa\/\" target=\"_blank\" data-vars-ga-outbound-link=\"https:\/\/www.diezminutos.es\/telenovela\/espanolas\/a66135516\/adriana-torrebejano-amar-es-para-siempre-el-secreto-de-puente-viejo-comparacion-la-promesa\/\" data-vars-ga-ux-element=\"Hyperlink\" data-vars-ga-call-to-action=\"&#039;Amar es para siempre&#039;\" data-node-id=\"3.8\" class=\"body-link css-177bzfx emevuu60\" rel=\"nofollow noopener\">&#8216;Amar es para siempre&#8217;<\/a>, <a href=\"https:\/\/www.diezminutos.es\/telenovela\/espanolas\/a25508420\/estreno-la-1-lunes-24-horario-prime-time\" target=\"_blank\" data-vars-ga-outbound-link=\"https:\/\/www.diezminutos.es\/telenovela\/espanolas\/a25508420\/estreno-la-1-lunes-24-horario-prime-time\" data-vars-ga-ux-element=\"Hyperlink\" data-vars-ga-call-to-action=\"&#039;Servir y proteger&#039;\" data-node-id=\"3.10\" class=\"body-link css-177bzfx emevuu60\" rel=\"nofollow noopener\">&#8216;Servir y proteger&#8217;<\/a> o <a href=\"https:\/\/www.diezminutos.es\/teleprograma\/series-tv\/a44558290\/el-secreto-de-puente-viejo-vuelve-serie-antena-3-nova\/\" target=\"_blank\" data-vars-ga-outbound-link=\"https:\/\/www.diezminutos.es\/teleprograma\/series-tv\/a44558290\/el-secreto-de-puente-viejo-vuelve-serie-antena-3-nova\/\" data-vars-ga-ux-element=\"Hyperlink\" data-vars-ga-call-to-action=\"&#039;El secreto de Puente Viejo&#039;\" data-node-id=\"3.12\" class=\"body-link css-177bzfx emevuu60\" rel=\"nofollow noopener\">&#8216;El secreto de Puente Viejo&#8217;<\/a>. Y en todos estos a\u00f1os como <strong data-node-id=\"3.14\">experta en telenovelas y series<\/strong>, hay algo que sigo teniendo claro: la mejor serie espa\u00f1ola que he visto hasta el momento, y que es <strong data-node-id=\"3.16\">incluso mejor que &#8216;La Promesa&#8217;, es &#8216;Gran Reserva&#8217;.<\/strong><\/p>\n<p data-journey-content=\"true\" data-node-id=\"6\" class=\"css-6wxqfj emevuu60\">Los a\u00f1os de experiencia me han ayudado a valorar la calidad de la interpretaci\u00f3n en este tipo de ficciones, as\u00ed como un <strong data-node-id=\"6.1\">guion muy bien enlazado, localizaciones exteriores que impacten y unas tramas que mezclen sorpresa, emotividad y l\u00f3gica<\/strong>. Hay muchas telenovelas y series que se pueden llegar a perder en este \u00faltimo punto y, por mantener la atenci\u00f3n del espectador, <strong data-node-id=\"6.3\">caer en situaciones que rozan lo absurdo o que no llegan a ser comprendidas por la audiencia<\/strong>. Es algo que ha sucedido <a href=\"https:\/\/www.diezminutos.es\/telenovela\/espanolas\/a65295961\/la-promesa-reaccion-seguidores-nuevas-tramas\/\" target=\"_blank\" data-vars-ga-outbound-link=\"https:\/\/www.diezminutos.es\/telenovela\/espanolas\/a65295961\/la-promesa-reaccion-seguidores-nuevas-tramas\/\" data-vars-ga-ux-element=\"Hyperlink\" data-vars-ga-call-to-action=\"recientemente con &#039;La Promesa&#039;\" data-node-id=\"6.5\" class=\"body-link css-177bzfx emevuu60\" rel=\"nofollow noopener\">recientemente con &#8216;La Promesa&#8217;<\/a>, cuyos seguidores consideran que, <strong data-node-id=\"6.7\">tras la muerte de Jana<\/strong>, las tramas no tienen sentido o son aburridas.<\/p>\n<p><img draggable=\"true\" alt=\"paula echavarria y tristan ulloa se dan un beso en gran reserva\" title=\"gran reserva\" loading=\"lazy\" width=\"4548\" height=\"2808\" decoding=\"async\" data-nimg=\"1\" style=\"color:transparent;width:100%;height:auto;\"   src=\"https:\/\/www.europesays.com\/es\/wp-content\/uploads\/2025\/10\/gran-reserva-serie-68dd2aa8a5687.jpg\" class=\"css-0 e1g79fud0\"\/><\/p>\n<p>TVE<\/p>\n<p>La rivalidad entre dos familias bodegueras en la campi\u00f1a riojana, la trama de &#8216;Gran reserva&#8217;<\/p>\n<p data-journey-content=\"true\" data-node-id=\"10\" class=\"css-6wxqfj emevuu60\">Eso no sucede en <strong data-node-id=\"10.1\"><a href=\"https:\/\/www.diezminutos.es\/telenovela\/espanolas\/a64205419\/gran-reserva-telenovela-espanola-para-fans-una-nueva-vida\/\" target=\"_blank\" data-vars-ga-outbound-link=\"https:\/\/www.diezminutos.es\/telenovela\/espanolas\/a64205419\/gran-reserva-telenovela-espanola-para-fans-una-nueva-vida\/\" data-vars-ga-ux-element=\"Hyperlink\" data-vars-ga-call-to-action=\"&#039;Gran Reserva&#039;\" data-node-id=\"10.1.0\" class=\"body-link css-177bzfx emevuu60\" rel=\"nofollow noopener\">&#8216;Gran Reserva&#8217;<\/a> <\/strong>y, desde mi punto de vista como <strong data-node-id=\"10.3\">especialista en series y telenovelas<\/strong>, tiene todo lo necesario para ser un producto de calidad que no decepciona al espectador. La ficci\u00f3n, protagonizada por grandes int\u00e9rpretes como <a href=\"https:\/\/www.diezminutos.es\/famosos-corazon\/famosos-espanoles\/a62386343\/angela-molina-charlotte-rampling-elegantes-san-sebastian-cine-65-anos\/\" target=\"_blank\" data-vars-ga-outbound-link=\"https:\/\/www.diezminutos.es\/famosos-corazon\/famosos-espanoles\/a62386343\/angela-molina-charlotte-rampling-elegantes-san-sebastian-cine-65-anos\/\" data-vars-ga-ux-element=\"Hyperlink\" data-vars-ga-call-to-action=\"\u00c1ngela Molina\" data-node-id=\"10.5\" class=\"body-link css-177bzfx emevuu60\" rel=\"nofollow noopener\">\u00c1ngela Molina<\/a>, <strong data-node-id=\"10.7\">Emilio Guti\u00e9rrez Caba<\/strong>, <a href=\"https:\/\/www.diezminutos.es\/famosos-corazon\/famosos-espanoles\/a65871782\/escapada-romantica-paula-echevarria-miguel-torres-marraketch\/\" target=\"_blank\" data-vars-ga-outbound-link=\"https:\/\/www.diezminutos.es\/famosos-corazon\/famosos-espanoles\/a65871782\/escapada-romantica-paula-echevarria-miguel-torres-marraketch\/\" data-vars-ga-ux-element=\"Hyperlink\" data-vars-ga-call-to-action=\"Paula Echevarr\u00eda\" data-node-id=\"10.9\" class=\"body-link css-177bzfx emevuu60\" rel=\"nofollow noopener\">Paula Echevarr\u00eda<\/a> o <strong data-node-id=\"10.11\">Trist\u00e1n Ulloa<\/strong>, entre otros, nos habla de la <strong data-node-id=\"10.13\">rivalidad entre dos importantes familias bodegueras, los Cort\u00e1zar y los Reverte<\/strong>. Los exteriores nos sit\u00faan en la <strong data-node-id=\"10.15\">campi\u00f1a riojana<\/strong> y nos muestran todo el mundo relacionado con el vino, recorriendo no solo los impresionantes vi\u00f1edos de la zona sino tambi\u00e9n los rincones desconocidos del interior de algunas de las <strong data-node-id=\"10.17\">bodegas m\u00e1s importantes de Espa\u00f1a.<\/strong><\/p>\n<p data-journey-content=\"true\" data-node-id=\"14\" class=\"css-6wxqfj emevuu60\"><strong data-node-id=\"14.0\">Con tres temporadas y 42 episodios<\/strong>, &#8216;Gran Reserva&#8217; se emiti\u00f3 entre 2010 y 2013 en TVE y cosech\u00f3 <strong data-node-id=\"14.2\">buen\u00edsimos datos de audiencia<\/strong>, otra raz\u00f3n m\u00e1s por la que no hay duda de lo que te comento como especialista en este tipo de ficci\u00f3nes: que es una de las mejores. La historia sobre el eterno <strong data-node-id=\"14.4\">enfrentamiento de estos dos clanes<\/strong>, a los que se une una tercera familia bodeguera, los Miranda, que llega para buscar la gloria perdida, <strong data-node-id=\"14.6\">no pierde ni un \u00e1pice de inter\u00e9s a lo largo de los cap\u00edtulos<\/strong>: amores entre miembros de los dos clanes, traiciones, venganzas y una manera muy distinta de una y otra familia de afrontar no solo el negocio sino tambi\u00e9n la vida. Todo ello est\u00e1 claramente definido en un <strong data-node-id=\"14.8\">guion <\/strong>que no deja escapar nada al azar y que lleva al espectador a identificarse f\u00e1cilmente con unos u otros o a reconocer perfiles a su alrededor.<\/p>\n<p><img draggable=\"true\" alt=\"gran reserva\" title=\"gran reserva\" loading=\"lazy\" width=\"4928\" height=\"3264\" decoding=\"async\" data-nimg=\"1\" style=\"color:transparent;width:100%;height:auto;\"   src=\"https:\/\/www.europesays.com\/es\/wp-content\/uploads\/2025\/10\/gran-reserva-68dd2a743bf2c.jpg\" class=\"css-0 e1g79fud0\"\/><\/p>\n<p>TVE<\/p>\n<p data-journey-content=\"true\" data-node-id=\"17\" class=\"css-6wxqfj emevuu60\">Por todo ello, si buscas una serie espa\u00f1ola de calidad, no dejes de ver <a href=\"https:\/\/www.diezminutos.es\/telenovela\/espanolas\/a61001625\/gran-reserva-telenovela-espanola-prime-video-gusta-mas-que-la-promesa\/\" target=\"_blank\" data-vars-ga-outbound-link=\"https:\/\/www.diezminutos.es\/telenovela\/espanolas\/a61001625\/gran-reserva-telenovela-espanola-prime-video-gusta-mas-que-la-promesa\/\" data-vars-ga-ux-element=\"Hyperlink\" data-vars-ga-call-to-action=\"&#039;Gran reserva&#039;\" data-node-id=\"17.1\" class=\"body-link css-177bzfx emevuu60\" rel=\"nofollow noopener\">&#8216;Gran reserva&#8217;<\/a>, que sigue disponible en <strong data-node-id=\"17.3\">RTVE Play y en Amazon Prime Video<\/strong>. Es la que te aconsejo a todas luces, como experta en telenovelas y series y con <strong data-node-id=\"17.5\">25 a\u00f1os de experiencia viendo este producto televisivo y escribiendo sobre \u00e9l<\/strong>. <\/p>\n<p><img src=\"https:\/\/www.europesays.com\/es\/wp-content\/uploads\/2025\/10\/1759396449_793_ded5e1ed-0131-401e-b7e8-7a68de80543b_1684752816.file\" alt=\"Headshot of Vilma Degorgue Alegre\" title=\"Headshot of Vilma Degorgue Alegre\" width=\"100%\" height=\"100%\" decoding=\"async\" loading=\"lazy\" class=\"css-o0wq4v ev8dhu53\"\/><\/p>\n<p>Vilma Degorgue es una experimentada periodista, con 30 a\u00f1os de recorrido profesional. Entre otras cosas, est\u00e1 especializada en contenidos de televisi\u00f3n, principalmente ficci\u00f3n y, m\u00e1s concretamente, en series turcas y latinoamericanas. Lleva desde el a\u00f1o 2000 entrevistando a actores y actrices mexicanos, colombianos, argentinos, chilenos, etc, y hasta 2020 estuvo viajando a diversos pa\u00edses de Am\u00e9rica Latina y Estados Unidos (Miami, Venezuela, M\u00e9xico, Colombia, Chile, Argentina, Per\u00fa) para cubrir grabaciones de series\/telenovelas que despu\u00e9s se emit\u00edan en Espa\u00f1a, y para entrevistar a los actores que formaban parte de ellas. \u00a0\u00a0\u00a0<\/p>\n<p>Desde que irrumpieron las telenovelas turcas, se ha especializado en estos productos, entrevistando a los actores que trabajan en ellas y estando al tanto de cualquier novedad en relaci\u00f3n a las ficciones y los int\u00e9rpretes de ese pa\u00eds. \u00a0\u00a0<\/p>\n<p>Nacida en Barcelona, se licenci\u00f3 en Periodismo, en 1993, en la Universidad Aut\u00f3noma de la ciudad condal, cursando dos Erasmus, uno en Francia (Grenoble) y otro en Gran Breta\u00f1a (Cardiff). Comenz\u00f3 su carrera en su ciudad natal, trabajando en Europa Press Catalunya, pero al a\u00f1o se traslad\u00f3 a Madrid, y desde 1995 trabaja en la capital de Espa\u00f1a. Ha pasado por agencias (Europa Press, Euroimagen), televisi\u00f3n (Antena3, Telecinco, RTVE y Telemadrid), revistas (Teleindiscreta, Telenovela, colaboraciones en Lecturas y Semana) y ha sido coordinadora del Portal del Consumidor de la Comunidad de Madrid. Estos a\u00f1os de experiencia, y gracias a tres idiomas que habla (franc\u00e9s, ingl\u00e9s y alem\u00e1n, adem\u00e1s de su catal\u00e1n natal) le han permitido viajar por todo el mundo para entrevistar a personajes de la vida p\u00fablica y realizar reportajes casi todos relacionados con el mundo art\u00edstico y social. \u00a0\u00a0\u00a0<\/p>\n<p>Desde el a\u00f1o 2000 est\u00e1 vinculada, entre otras empresas, a la revista Telenovela (que ahora forma parte de Diez Minutos) y, desde su paso por el Portal del Consumidor de la Comunidad de Madrid (2006-2016), se ha especializado en prensa e informaci\u00f3n digital, gracias a cursos y experiencia en webs y portales de informaci\u00f3n en internet. En los \u00faltimos a\u00f1os, ha creado dos peri\u00f3dicos digitales, <a href=\"https:\/\/elmiradordemadrid.es\/\" target=\"_blank\" rel=\"nofollow noopener\">www.elmiradordemadrid.es<\/a> y <a href=\"https:\/\/elmiradordebenidorm.es\/\" target=\"_blank\" rel=\"nofollow noopener\">www.elmiradordebenidorm.es<\/a>, que son de su propiedad y gestiona junto con otros colaboradores. \u00a0\u00a0<\/p>\n","protected":false},"excerpt":{"rendered":"Son ya 25 a\u00f1os los que llevo viendo telenovelas y escribiendo sobre ellas, desde aquellas latinas tan recordadas&hellip;\n","protected":false},"author":2,"featured_media":152396,"comment_status":"","ping_status":"","sticky":false,"template":"","format":"standard","meta":{"footnotes":""},"categories":[171],"tags":[253,146,147,25,24,23,214],"class_list":{"0":"post-152395","1":"post","2":"type-post","3":"status-publish","4":"format-standard","5":"has-post-thumbnail","7":"category-tv","8":"tag-discover","9":"tag-entertainment","10":"tag-entretenimiento","11":"tag-es","12":"tag-espana","13":"tag-spain","14":"tag-tv"},"share_on_mastodon":{"url":"","error":""},"_links":{"self":[{"href":"https:\/\/www.europesays.com\/es\/wp-json\/wp\/v2\/posts\/152395","targetHints":{"allow":["GET"]}}],"collection":[{"href":"https:\/\/www.europesays.com\/es\/wp-json\/wp\/v2\/posts"}],"about":[{"href":"https:\/\/www.europesays.com\/es\/wp-json\/wp\/v2\/types\/post"}],"author":[{"embeddable":true,"href":"https:\/\/www.europesays.com\/es\/wp-json\/wp\/v2\/users\/2"}],"replies":[{"embeddable":true,"href":"https:\/\/www.europesays.com\/es\/wp-json\/wp\/v2\/comments?post=152395"}],"version-history":[{"count":0,"href":"https:\/\/www.europesays.com\/es\/wp-json\/wp\/v2\/posts\/152395\/revisions"}],"wp:featuredmedia":[{"embeddable":true,"href":"https:\/\/www.europesays.com\/es\/wp-json\/wp\/v2\/media\/152396"}],"wp:attachment":[{"href":"https:\/\/www.europesays.com\/es\/wp-json\/wp\/v2\/media?parent=152395"}],"wp:term":[{"taxonomy":"category","embeddable":true,"href":"https:\/\/www.europesays.com\/es\/wp-json\/wp\/v2\/categories?post=152395"},{"taxonomy":"post_tag","embeddable":true,"href":"https:\/\/www.europesays.com\/es\/wp-json\/wp\/v2\/tags?post=152395"}],"curies":[{"name":"wp","href":"https:\/\/api.w.org\/{rel}","templated":true}]}}