{"id":152397,"date":"2025-10-02T09:16:08","date_gmt":"2025-10-02T09:16:08","guid":{"rendered":"https:\/\/www.europesays.com\/es\/152397\/"},"modified":"2025-10-02T09:16:08","modified_gmt":"2025-10-02T09:16:08","slug":"esto-que-no-se-vio-en-star-wars-la-venganza-de-los-sith-ocurrio-casi-en-paralelo-a-la-caida-de-anakin-en-el-lado-oscuro","status":"publish","type":"post","link":"https:\/\/www.europesays.com\/es\/152397\/","title":{"rendered":"Esto que no se vio en \u2018Star Wars: La Venganza de los Sith\u2019 ocurri\u00f3 casi en paralelo a la ca\u00edda de Anakin en el lado oscuro"},"content":{"rendered":"<p class=\"\">No estaba previsto cuando se estren\u00f3 \u2018Star Wars Episodio III: La Venganza de los Sith\u2019 porque la serie todav\u00eda no estaba en desarrollo, pero<b> \u2018The Clone Wars\u2019 a\u00f1adi\u00f3 matices y una capa de profundidad<\/b> a toda la historia que tuvo lugar entre el \u2018Episodio II\u2019 y el \u2018Episodio III\u2019. La s\u00e9ptima temporada de la serie de animaci\u00f3n se complementa a la perfecci\u00f3n con el desenlace de las precuelas.<\/p>\n<p class=\"\">En el rescate del canciller supremo no particip\u00f3 Ahsoka Tano, que por aquel entonces ya hab\u00eda abandonado la Orden Jedi. Sin embargo, <b>colabor\u00f3 como civil al final de las Guerras Clon<\/b>. <a href=\"https:\/\/as.com\/meristation\/series\/star-wars-y-la-importante-leccion-que-ahsoka-no-aprendio-de-anakin-skywalker-n\/\" target=\"_self\" rel=\"nofollow noopener\" title=\"https:\/\/as.com\/meristation\/series\/star-wars-y-la-importante-leccion-que-ahsoka-no-aprendio-de-anakin-skywalker-n\/\">Su maestro Anakin<\/a> Skywalker estaba a punto de descubrir la verdad sobre Palpatine, que en realidad era el Lord Sith oculto en las sombras, el momento en el que todo se termin\u00f3 torciendo.<\/p>\n<p class=\"\">Poco antes de que Skywalker cayera en el lado oscuro, <b>Ahsoka Tano se dirigi\u00f3 a Mandalore para participar en su asedio<\/b>, que culmin\u00f3 con una lucha cara a cara contra Maul, l\u00edder de los mandalorianos. La antigua Padawan de Anakin <a href=\"https:\/\/as.com\/meristation\/noticias\/como-sobrevive-ahsoka-a-la-orden-66-y-por-que-abandona-la-orden-jedi-n\/\" target=\"_self\" rel=\"nofollow noopener\" title=\"https:\/\/as.com\/meristation\/noticias\/como-sobrevive-ahsoka-a-la-orden-66-y-por-que-abandona-la-orden-jedi-n\/\">consigui\u00f3 detenerlo<\/a>. <\/p>\n<p><img decoding=\"async\" src=\"https:\/\/www.europesays.com\/es\/wp-content\/uploads\/2025\/10\/L4TE3UZG7BDRJCNG4O5YW4ID2I.jpg\" alt=\"Star Wars Ahsoka Maul\" class=\"mm__img\"   width=\"1136\" height=\"483\" loading=\"lazy\"\/><\/p>\n<p>Ampliar<\/p>\n<p>Ahsoka sobrevive a la Orden 66<\/p>\n<p class=\"\">Fue durante el viaje de vuelta a Coruscant, donde pretend\u00edan entregar al recluso a las autoridades de la Rep\u00fablica Gal\u00e1ctica, cuando los clones recibieron la Orden 66. Ahsoka <b>sinti\u00f3 que algo terrible hab\u00eda ocurrido<\/b> y sus amigos se volvieron contra ella. La joven tuvo que utilizar todas sus habilidades para escapar con vida. Hasta mucho tiempo despu\u00e9s se mantuvo oculta, aunque luego form\u00f3 parte de la Rebeli\u00f3n.<\/p>\n<p class=\"\">No descubri\u00f3<b> el destino de Anakin Skywalker<\/b> hasta la \u00e9poca inmediatamente anterior a \u2018Una nueva esperanza\u2019, tal y como se puede ver en la serie <a href=\"https:\/\/as.com\/meristation\/noticias\/darth-vader-y-ahsoka-el-escenon-de-star-wars-rebels-que-no-te-puedes-perder-n\/\" target=\"_self\" rel=\"nofollow noopener\" title=\"https:\/\/as.com\/meristation\/noticias\/darth-vader-y-ahsoka-el-escenon-de-star-wars-rebels-que-no-te-puedes-perder-n\/\">\u2018Star Wars Rebels\u2019<\/a>. <\/p>\n<p>Noticias relacionadas<\/p>\n<p class=\"\">Suscr\u00edbete al <a href=\"https:\/\/www.youtube.com\/@meristation\" target=\"_self\" rel=\"nofollow noopener\" title=\"https:\/\/www.youtube.com\/@meristation\">canal de MeriStation en YouTube<\/a>, tu web de videojuegos y entretenimiento para conocer todas las noticias y novedades sobre el mundo del videojuego, cine, series, manga y anime. An\u00e1lisis, entrevistas, tr\u00e1ileres, gameplays, p\u00f3dcast y mucho m\u00e1s. Tambi\u00e9n te animamos a seguir <a href=\"https:\/\/www.tiktok.com\/@meristation\" rel=\"nofollow noopener\" title=\"https:\/\/www.tiktok.com\/@meristation\" target=\"_blank\">nuestra cuenta de TikTok<\/a>. <\/p>\n<p class=\"\">\u00a1S\u00edguenos en ambas y, si est\u00e1s interesado en licenciar este contenido, pincha <a href=\"https:\/\/profesional.elpais.com\/soluciones-sindicacion?utm_medium=interno&amp;utm_source=crosslinking&amp;utm_campaign=sindicacion_as_pie_articulos\" target=\"_blank\" rel=\"nofollow noopener\" title=\"https:\/\/profesional.elpais.com\/soluciones-sindicacion?utm_medium=interno&amp;utm_source=crosslinking&amp;utm_campaign=sindicacion_as_pie_articulos\">aqu\u00ed<\/a>!<\/p>\n<p><script async src=\"\/\/www.tiktok.com\/embed.js\"><\/script><\/p>\n","protected":false},"excerpt":{"rendered":"No estaba previsto cuando se estren\u00f3 \u2018Star Wars Episodio III: La Venganza de los Sith\u2019 porque la serie&hellip;\n","protected":false},"author":2,"featured_media":152398,"comment_status":"","ping_status":"","sticky":false,"template":"","format":"standard","meta":{"footnotes":""},"categories":[169],"tags":[177,146,147,25,24,176,175,23],"class_list":{"0":"post-152397","1":"post","2":"type-post","3":"status-publish","4":"format-standard","5":"has-post-thumbnail","7":"category-cine","8":"tag-cine","9":"tag-entertainment","10":"tag-entretenimiento","11":"tag-es","12":"tag-espana","13":"tag-film","14":"tag-movies","15":"tag-spain"},"share_on_mastodon":{"url":"","error":""},"_links":{"self":[{"href":"https:\/\/www.europesays.com\/es\/wp-json\/wp\/v2\/posts\/152397","targetHints":{"allow":["GET"]}}],"collection":[{"href":"https:\/\/www.europesays.com\/es\/wp-json\/wp\/v2\/posts"}],"about":[{"href":"https:\/\/www.europesays.com\/es\/wp-json\/wp\/v2\/types\/post"}],"author":[{"embeddable":true,"href":"https:\/\/www.europesays.com\/es\/wp-json\/wp\/v2\/users\/2"}],"replies":[{"embeddable":true,"href":"https:\/\/www.europesays.com\/es\/wp-json\/wp\/v2\/comments?post=152397"}],"version-history":[{"count":0,"href":"https:\/\/www.europesays.com\/es\/wp-json\/wp\/v2\/posts\/152397\/revisions"}],"wp:featuredmedia":[{"embeddable":true,"href":"https:\/\/www.europesays.com\/es\/wp-json\/wp\/v2\/media\/152398"}],"wp:attachment":[{"href":"https:\/\/www.europesays.com\/es\/wp-json\/wp\/v2\/media?parent=152397"}],"wp:term":[{"taxonomy":"category","embeddable":true,"href":"https:\/\/www.europesays.com\/es\/wp-json\/wp\/v2\/categories?post=152397"},{"taxonomy":"post_tag","embeddable":true,"href":"https:\/\/www.europesays.com\/es\/wp-json\/wp\/v2\/tags?post=152397"}],"curies":[{"name":"wp","href":"https:\/\/api.w.org\/{rel}","templated":true}]}}