{"id":1524,"date":"2025-07-25T06:07:08","date_gmt":"2025-07-25T06:07:08","guid":{"rendered":"https:\/\/www.europesays.com\/es\/1524\/"},"modified":"2025-07-25T06:07:08","modified_gmt":"2025-07-25T06:07:08","slug":"la-final-de-la-eurocopa-femenina-se-podra-ver-en-una-pantalla-gigante-en-el-parque-de-berlin-de-madrid-noticias-de-madrid","status":"publish","type":"post","link":"https:\/\/www.europesays.com\/es\/1524\/","title":{"rendered":"La final de la Eurocopa femenina se podr\u00e1 ver en una pantalla gigante en el Parque de Berl\u00edn de Madrid | Noticias de Madrid"},"content":{"rendered":"<p class=\"\">La <a href=\"https:\/\/elpais.com\/noticias\/rfef-real-federacion-espanola-futbol\/\" target=\"_self\" rel=\"nofollow noopener\" title=\"https:\/\/elpais.com\/noticias\/rfef-real-federacion-espanola-futbol\/\">Real Federaci\u00f3n Espa\u00f1ola de f\u00fatbol (RFEF)<\/a> instalar\u00e1 una pantalla gigante con entrada libre en el Parque de Berl\u00edn de Madrid para poder seguir en directo el encuentro de la gran final de la <a href=\"https:\/\/elpais.com\/noticias\/eurocopa-femenina\/\" target=\"_self\" rel=\"nofollow noopener\" title=\"https:\/\/elpais.com\/noticias\/eurocopa-femenina\/\">Eurocopa femenina de f\u00fatbol<\/a>. La entrada ser\u00e1 libre.<\/p>\n<p class=\"\">El partido de la final, que se disputar\u00e1 entre Espa\u00f1a e Inglaterra, se celebrar\u00e1 este domingo a partir de las 18.00 horas.<\/p>\n<p>M\u00e1s informaci\u00f3n<\/p>\n<p class=\"\">\u201cLa emoci\u00f3n de la Eurocopa se vivir\u00e1 a lo grande este domingo en Madrid. Y es que todos aquellos aficionados que no se desplacen a Basilea (Suiza), ciudad donde se celebrar\u00e1 la final, podr\u00e1n reunirse en el Parque de Berl\u00edn de la capital para disfrutar juntos de un momento hist\u00f3rico\u201d, anunci\u00f3 el ente federativo en su <a href=\"https:\/\/rfef.es\/es\" target=\"_self\" rel=\"nofollow noopener\" title=\"https:\/\/rfef.es\/es\">p\u00e1gina web<\/a>. <\/p>\n<p class=\"\">La <a href=\"https:\/\/elpais.com\/deportes\/eurocopa-futbol-femenino\/2025-07-23\/la-mejor-espana-jugara-por-primera-vez-la-final-de-la-eurocopa.html\" target=\"_self\" rel=\"nofollow noopener\" title=\"https:\/\/elpais.com\/deportes\/eurocopa-futbol-femenino\/2025-07-23\/la-mejor-espana-jugara-por-primera-vez-la-final-de-la-eurocopa.html\">selecci\u00f3n espa\u00f1ola de f\u00fatbol femenino<\/a>, entrenada por Montse Tom\u00e9, venci\u00f3 a Alemania en la pr\u00f3rroga (0-1) con un gol de Aitana Bonmat\u00ed, lo que le llev\u00f3 a acceder a la final de la Eurocopa Femenina por primera vez en su historia. <\/p>\n<p>M\u00e1s informaci\u00f3n<\/p>\n<p class=\"\">La selecci\u00f3n inglesa, por su parte, llega al encuentro de la final de la Eurocopa femenina de f\u00fatbol tras <a href=\"https:\/\/elpais.com\/deportes\/eurocopa-futbol-femenino\/2025-07-22\/inglaterra-exprime-cada-ultimo-minuto.html\" target=\"_self\" rel=\"nofollow noopener\" title=\"https:\/\/elpais.com\/deportes\/eurocopa-futbol-femenino\/2025-07-22\/inglaterra-exprime-cada-ultimo-minuto.html\">vencer a Italia en el partido de semifinal<\/a> (2-1).<\/p>\n","protected":false},"excerpt":{"rendered":"La Real Federaci\u00f3n Espa\u00f1ola de f\u00fatbol (RFEF) instalar\u00e1 una pantalla gigante con entrada libre en el Parque de&hellip;\n","protected":false},"author":2,"featured_media":1525,"comment_status":"","ping_status":"","sticky":false,"template":"","format":"standard","meta":{"footnotes":""},"categories":[93],"tags":[1540,1467,168,25,24,1536,1537,282,1809,205,1810,1541,1551,23,167],"class_list":{"0":"post-1524","1":"post","2":"type-post","3":"status-publish","4":"format-standard","5":"has-post-thumbnail","7":"category-deportes","8":"tag-competiciones","9":"tag-comunidad-de-madrid","10":"tag-deportes","11":"tag-es","12":"tag-espana","13":"tag-eurocopa-femenina","14":"tag-eurocopa-femenina-2025","15":"tag-futbol","16":"tag-futbol-femenino","17":"tag-madrid","18":"tag-partidos-futbol","19":"tag-seleccion-espanola-futbol-femenino","20":"tag-seleccion-inglesa-futbol-femenino","21":"tag-spain","22":"tag-sports"},"share_on_mastodon":{"url":"","error":""},"_links":{"self":[{"href":"https:\/\/www.europesays.com\/es\/wp-json\/wp\/v2\/posts\/1524","targetHints":{"allow":["GET"]}}],"collection":[{"href":"https:\/\/www.europesays.com\/es\/wp-json\/wp\/v2\/posts"}],"about":[{"href":"https:\/\/www.europesays.com\/es\/wp-json\/wp\/v2\/types\/post"}],"author":[{"embeddable":true,"href":"https:\/\/www.europesays.com\/es\/wp-json\/wp\/v2\/users\/2"}],"replies":[{"embeddable":true,"href":"https:\/\/www.europesays.com\/es\/wp-json\/wp\/v2\/comments?post=1524"}],"version-history":[{"count":0,"href":"https:\/\/www.europesays.com\/es\/wp-json\/wp\/v2\/posts\/1524\/revisions"}],"wp:featuredmedia":[{"embeddable":true,"href":"https:\/\/www.europesays.com\/es\/wp-json\/wp\/v2\/media\/1525"}],"wp:attachment":[{"href":"https:\/\/www.europesays.com\/es\/wp-json\/wp\/v2\/media?parent=1524"}],"wp:term":[{"taxonomy":"category","embeddable":true,"href":"https:\/\/www.europesays.com\/es\/wp-json\/wp\/v2\/categories?post=1524"},{"taxonomy":"post_tag","embeddable":true,"href":"https:\/\/www.europesays.com\/es\/wp-json\/wp\/v2\/tags?post=1524"}],"curies":[{"name":"wp","href":"https:\/\/api.w.org\/{rel}","templated":true}]}}