{"id":152409,"date":"2025-10-02T09:22:08","date_gmt":"2025-10-02T09:22:08","guid":{"rendered":"https:\/\/www.europesays.com\/es\/152409\/"},"modified":"2025-10-02T09:22:08","modified_gmt":"2025-10-02T09:22:08","slug":"dos-aviones-colisionan-en-una-pista-de-despegue-en-el-aeropuerto-de-laguardia-de-nueva-york","status":"publish","type":"post","link":"https:\/\/www.europesays.com\/es\/152409\/","title":{"rendered":"Dos aviones colisionan en una pista de despegue en el aeropuerto de LaGuardia de Nueva York"},"content":{"rendered":"<p>Dos aviones de Delta Air Lines protagonizaron la noche del mi\u00e9rcoles una colisi\u00f3n a baja velocidad en una calle de rodaje del aeropuerto de LaGuardia, en Nueva York. Seg\u00fan la compa\u00f1\u00eda, el incidente se produjo cuando el ala del vuelo Endeavor Air 5155, que se preparaba para despegar hacia Roanoke (Virginia), impact\u00f3 contra el fuselaje del vuelo Endeavor Air 5047, que hab\u00eda llegado poco antes desde Charlotte (Carolina del Norte). La Autoridad Portuaria de Nueva York y Nueva Jersey inform\u00f3 de que el accidente ocurri\u00f3 poco antes de las 22:00 hora local, sin que afectara a las operaciones generales del aeropuerto.<\/p>\n<p>En total, viajaban a bordo de las aeronaves 117 personas \u201457 pasajeros y cuatro tripulantes en el vuelo procedente de Carolina del Norte, y 28 pasajeros y cuatro tripulantes en el que iba a despegar hacia Virginia\u2014. Una asistente de vuelo sufri\u00f3 una lesi\u00f3n menor en la rodilla y fue trasladada a un hospital tras recibir atenci\u00f3n de los servicios de emergencia en el lugar.<\/p>\n<p>Los pasajeros fueron desembarcados y trasladados en autobuses a la terminal, donde se les ofreci\u00f3 alojamiento en hoteles y reubicaci\u00f3n en nuevos vuelos. Delta asegur\u00f3 que colaborar\u00e1 con las autoridades en la investigaci\u00f3n del incidente y pidi\u00f3 disculpas a los afectados, subrayando que la seguridad de clientes y empleados es su m\u00e1xima prioridad.<\/p>\n","protected":false},"excerpt":{"rendered":"Dos aviones de Delta Air Lines protagonizaron la noche del mi\u00e9rcoles una colisi\u00f3n a baja velocidad en una&hellip;\n","protected":false},"author":2,"featured_media":152410,"comment_status":"","ping_status":"","sticky":false,"template":"","format":"standard","meta":{"footnotes":""},"categories":[42],"tags":[17,18,13,14,11,61,62,63,64,19,20,9,10,15,16,12,21,22,65,66,67],"class_list":{"0":"post-152409","1":"post","2":"type-post","3":"status-publish","4":"format-standard","5":"has-post-thumbnail","7":"category-internacional","8":"tag-breaking-news","9":"tag-breakingnews","10":"tag-featured-news","11":"tag-featurednews","12":"tag-headlines","13":"tag-internacional","14":"tag-international","15":"tag-international-news","16":"tag-internationalnews","17":"tag-latest-news","18":"tag-latestnews","19":"tag-news","20":"tag-noticias","21":"tag-noticias-destacadas","22":"tag-noticiasdestacadas","23":"tag-titulares","24":"tag-ultimas-noticias","25":"tag-ultimasnoticias","26":"tag-world","27":"tag-world-news","28":"tag-worldnews"},"share_on_mastodon":{"url":"","error":""},"_links":{"self":[{"href":"https:\/\/www.europesays.com\/es\/wp-json\/wp\/v2\/posts\/152409","targetHints":{"allow":["GET"]}}],"collection":[{"href":"https:\/\/www.europesays.com\/es\/wp-json\/wp\/v2\/posts"}],"about":[{"href":"https:\/\/www.europesays.com\/es\/wp-json\/wp\/v2\/types\/post"}],"author":[{"embeddable":true,"href":"https:\/\/www.europesays.com\/es\/wp-json\/wp\/v2\/users\/2"}],"replies":[{"embeddable":true,"href":"https:\/\/www.europesays.com\/es\/wp-json\/wp\/v2\/comments?post=152409"}],"version-history":[{"count":0,"href":"https:\/\/www.europesays.com\/es\/wp-json\/wp\/v2\/posts\/152409\/revisions"}],"wp:featuredmedia":[{"embeddable":true,"href":"https:\/\/www.europesays.com\/es\/wp-json\/wp\/v2\/media\/152410"}],"wp:attachment":[{"href":"https:\/\/www.europesays.com\/es\/wp-json\/wp\/v2\/media?parent=152409"}],"wp:term":[{"taxonomy":"category","embeddable":true,"href":"https:\/\/www.europesays.com\/es\/wp-json\/wp\/v2\/categories?post=152409"},{"taxonomy":"post_tag","embeddable":true,"href":"https:\/\/www.europesays.com\/es\/wp-json\/wp\/v2\/tags?post=152409"}],"curies":[{"name":"wp","href":"https:\/\/api.w.org\/{rel}","templated":true}]}}