{"id":152411,"date":"2025-10-02T09:23:17","date_gmt":"2025-10-02T09:23:17","guid":{"rendered":"https:\/\/www.europesays.com\/es\/152411\/"},"modified":"2025-10-02T09:23:17","modified_gmt":"2025-10-02T09:23:17","slug":"el-paro-registrado-baja-en-4-846-personas-en-septiembre-revirtiendo-la-tendencia-negativa-de-este-mes","status":"publish","type":"post","link":"https:\/\/www.europesays.com\/es\/152411\/","title":{"rendered":"El paro registrado baja en 4.846 personas en septiembre, revirtiendo la tendencia negativa de este mes"},"content":{"rendered":"<p>El total de personas desempleadas registradas en las oficinas del Servicio P\u00fablico de Empleo Estatal (SEPE) ha disminuido en 4.846 en septiembre de 2025 respecto al mes anterior. Es la primera vez que el paro desciende en este mes desde el a\u00f1o 2007 si exceptuamos el periodo de la pandemia.<br \/><img decoding=\"async\" src=\"https:\/\/www.europesays.com\/es\/wp-content\/uploads\/2025\/10\/020925-paro-baja-septiembre1.jpg\" alt=\"\" title=\"\"\/><\/p>\n<p>En t\u00e9rminos interanuales, el paro desciende en 153.620 personas (-6%), muy por encima, por ejemplo, de las tasas de crecimiento econ\u00f3mico.<\/p>\n<p>Tambi\u00e9n se reduce en t\u00e9rminos desestacionalizados en 29.689 personas.<\/p>\n<p>El total de personas registradas es de 2.421.665, la cifra m\u00e1s baja en un mes de septiembre desde 2007.<\/p>\n<p><img decoding=\"async\" src=\"https:\/\/www.europesays.com\/es\/wp-content\/uploads\/2025\/10\/020925-paro-baja-septiembre2.jpg\" alt=\"\" title=\"\"\/><\/p>\n<p>Paro por sectores econ\u00f3micos<\/p>\n<p>Por sectores econ\u00f3micos con respecto a agosto, el paro registrado desciende en Construcci\u00f3n en 4.670 personas (-2,59%), Servicios 3.067 (-0,17%), Industria 1.422 (-0,75%) y en Agricultura 1.166 (-1,52%).<\/p>\n<p><img decoding=\"async\" src=\"https:\/\/www.europesays.com\/es\/wp-content\/uploads\/2025\/10\/020925-paro-baja-septiembre3.jpg\" alt=\"\" title=\"\"\/><\/p>\n<p>El colectivo sin empleo anterior aumenta en 5.479 personas (2,46%).<\/p>\n<p>El paro por sexo y edad<\/p>\n<p>El desempleo femenino disminuye en 2.827 mujeres (-0,19%) y se sit\u00faa en un total de 1.468.904, el nivel m\u00e1s bajo desde 2008. Previamente, solo hab\u00eda descendido en el mes de septiembre en tres ocasiones en toda la serie hist\u00f3rica.<\/p>\n<p><img decoding=\"async\" src=\"https:\/\/www.europesays.com\/es\/wp-content\/uploads\/2025\/10\/020925-paro-baja-septiembre4.jpg\" alt=\"\" title=\"\"\/><\/p>\n<p>En t\u00e9rminos interanuales, el paro registrado femenino cae en 84.834 mujeres (-5,46%).<\/p>\n<p>El desempleo masculino se sit\u00faa en 952.761 al descender en 2.019 hombres (-0,21%).<\/p>\n<p>Si lo comparamos con septiembre de 2024, el paro masculino baja en 68.786 (-6,73%) y el femenino cae en 84.834 (-5,46%).<\/p>\n<p>El desempleo de los j\u00f3venes menores de 25 a\u00f1os asciende en el mes de septiembre en 16.085 personas (9,60%) respecto al mes anterior. El total es de 183.716 personas j\u00f3venes, la cifra m\u00e1s baja de la serie hist\u00f3rica un mes de septiembre.<\/p>\n<p><img decoding=\"async\" src=\"https:\/\/www.europesays.com\/es\/wp-content\/uploads\/2025\/10\/020925-paro-baja-septiembre5.jpg\" alt=\"\" title=\"\"\/><\/p>\n<p>Paro registrado por comunidades aut\u00f3nomas<\/p>\n<p>El paro registrado en septiembre baja en nueve comunidades aut\u00f3nomas. Las mayores ca\u00eddas en cifras absolutas se producen en Catalu\u00f1a (-5.293), Canarias (-4.842) y Comunidad Valenciana (-2.739).<\/p>\n<p>El paro en este mismo mes sube en las ocho comunidades restantes, encabezadas por Andaluc\u00eda (7.116), Galicia (3.394) y Principado de Asturias (1.219).<\/p>\n<p><img decoding=\"async\" src=\"https:\/\/www.europesays.com\/es\/wp-content\/uploads\/2025\/10\/020925-paro-baja-septiembre6.jpg\" alt=\"\" title=\"\"\/><\/p>\n<p>Nuevos contratos<\/p>\n<p>El n\u00famero total de contratos registrados durante el citado mes ha sido de 1.533.773. De ellos, 663.825 contratos de trabajo son de car\u00e1cter indefinido y representan el 43,28% de todos los contratos.<\/p>\n<p><img decoding=\"async\" src=\"https:\/\/www.europesays.com\/es\/wp-content\/uploads\/2025\/10\/020925-paro-baja-septiembre7.jpg\" alt=\"\" title=\"\"\/><\/p>\n<p>Prestaciones por desempleo del mes de agosto<\/p>\n<p>Los beneficiarios y beneficiarias existentes a final del mes de agosto fueron 1.875.821.<\/p>\n<p>La cobertura del sistema de protecci\u00f3n por desempleo durante el mes de agosto de 2025 ha sido del 82,51%, la mayor de toda la serie hist\u00f3rica.<\/p>\n<p><img decoding=\"async\" src=\"https:\/\/www.europesays.com\/es\/wp-content\/uploads\/2025\/10\/020925-paro-baja-septiembre8.jpg\" alt=\"\" title=\"\"\/><\/p>\n<p>La percepci\u00f3n media mensual por persona beneficiaria, sin incluir el subsidio agrario de Andaluc\u00eda y Extremadura, en el mes de agosto de 2025 ha sido de 1.372 euros, lo que supone un aumento sobre el mismo mes del a\u00f1o anterior, de 267,3 euros (24,2%).<\/p>\n<p>La inversi\u00f3n total en prestaciones del mes de agosto de 2025 ascendi\u00f3 a 2.109 millones de euros.<\/p>\n","protected":false},"excerpt":{"rendered":"El total de personas desempleadas registradas en las oficinas del Servicio P\u00fablico de Empleo Estatal (SEPE) ha disminuido&hellip;\n","protected":false},"author":2,"featured_media":152412,"comment_status":"","ping_status":"","sticky":false,"template":"","format":"standard","meta":{"footnotes":""},"categories":[8],"tags":[17,18,25,24,13,14,11,19,20,9,10,15,16,23,12,21,22],"class_list":{"0":"post-152411","1":"post","2":"type-post","3":"status-publish","4":"format-standard","5":"has-post-thumbnail","7":"category-espana","8":"tag-breaking-news","9":"tag-breakingnews","10":"tag-es","11":"tag-espana","12":"tag-featured-news","13":"tag-featurednews","14":"tag-headlines","15":"tag-latest-news","16":"tag-latestnews","17":"tag-news","18":"tag-noticias","19":"tag-noticias-destacadas","20":"tag-noticiasdestacadas","21":"tag-spain","22":"tag-titulares","23":"tag-ultimas-noticias","24":"tag-ultimasnoticias"},"share_on_mastodon":{"url":"","error":""},"_links":{"self":[{"href":"https:\/\/www.europesays.com\/es\/wp-json\/wp\/v2\/posts\/152411","targetHints":{"allow":["GET"]}}],"collection":[{"href":"https:\/\/www.europesays.com\/es\/wp-json\/wp\/v2\/posts"}],"about":[{"href":"https:\/\/www.europesays.com\/es\/wp-json\/wp\/v2\/types\/post"}],"author":[{"embeddable":true,"href":"https:\/\/www.europesays.com\/es\/wp-json\/wp\/v2\/users\/2"}],"replies":[{"embeddable":true,"href":"https:\/\/www.europesays.com\/es\/wp-json\/wp\/v2\/comments?post=152411"}],"version-history":[{"count":0,"href":"https:\/\/www.europesays.com\/es\/wp-json\/wp\/v2\/posts\/152411\/revisions"}],"wp:featuredmedia":[{"embeddable":true,"href":"https:\/\/www.europesays.com\/es\/wp-json\/wp\/v2\/media\/152412"}],"wp:attachment":[{"href":"https:\/\/www.europesays.com\/es\/wp-json\/wp\/v2\/media?parent=152411"}],"wp:term":[{"taxonomy":"category","embeddable":true,"href":"https:\/\/www.europesays.com\/es\/wp-json\/wp\/v2\/categories?post=152411"},{"taxonomy":"post_tag","embeddable":true,"href":"https:\/\/www.europesays.com\/es\/wp-json\/wp\/v2\/tags?post=152411"}],"curies":[{"name":"wp","href":"https:\/\/api.w.org\/{rel}","templated":true}]}}