{"id":152413,"date":"2025-10-02T09:24:24","date_gmt":"2025-10-02T09:24:24","guid":{"rendered":"https:\/\/www.europesays.com\/es\/152413\/"},"modified":"2025-10-02T09:24:24","modified_gmt":"2025-10-02T09:24:24","slug":"la-diputacion-de-cordoba-consigue-que-90-empresas-oleicolas-se-adhieran-a-la-experiencia-oleoturismo-espana","status":"publish","type":"post","link":"https:\/\/www.europesays.com\/es\/152413\/","title":{"rendered":"La Diputaci\u00f3n de C\u00f3rdoba consigue que 90 empresas ole\u00edcolas se adhieran a la experiencia \u2018Oleoturismo Espa\u00f1a\u2019"},"content":{"rendered":"<p>La Diputaci\u00f3n de C\u00f3rdoba ha conseguido que 90 empresas de la provincia relacionadas con el sector ole\u00edcola se adhieran a \u2018Oleoturismo Espa\u00f1a\u2019, iniciativa cofinanciada por el fondo Next Generation EU y que busca crear una oferta tur\u00edstica sostenible basada en la cultura del aceite de oliva y que aglutine en una red a territorios, empresas y entidades. En concreto, 69 ya est\u00e1n validadas y 21 se encuentran en fase de incorporaci\u00f3n, aunque han sido alrededor de un centenar las empresas contactadas.<\/p>\n<p>\u201cDurante los \u00faltimos meses se ha desarrollado un amplio trabajo de identificaci\u00f3n, asesoramiento y validaci\u00f3n de empresas oleotur\u00edsticas en la provincia y su capital, con el objetivo de fortalecer una red que aglutine almazaras, cooperativas, alojamientos, servicios gastron\u00f3micos y actividades culturales ligadas al olivar. Este proceso ha permitido identificar un tejido empresarial relacionado con la cultura del aceite muy diverso\u201d, se\u00f1ala la delegada de Hacienda y Fondos Europeos de la instituci\u00f3n provincial, Ana Rosa Ruz.<\/p>\n<p>Para tal fin se han desarrollado jornadas informativas y t\u00e9cnicas tanto en la capital como en los municipios de Priego de C\u00f3rdoba, Luque y Ca\u00f1ete de las Torres, as\u00ed como encuentros y talleres virtuales con el objetivo de dar a conocer unos est\u00e1ndares m\u00ednimos para formar parte de esta red.<\/p>\n<p>En los pr\u00f3ximos meses, se van a desarrollar acciones de promoci\u00f3n conjunta para dar visibilidad a esta red empresarial, apoyo a las empresas adheridas y campa\u00f1as de comunicaci\u00f3n con el objetivo de reforzar a la provincia de C\u00f3rdoba como un territorio l\u00edder en el oleoturismo y la cultura del aceite de oliva. Estas acciones dan continuidad a otras recientemente celebradas como la primera edici\u00f3n del congreso y premios Oleoturismo Espa\u00f1a.<\/p>\n<p>Oleoturismo Espa\u00f1a es un proyecto cofinanciado por la Uni\u00f3n Europea, a trav\u00e9s de los fondos Next Generation EU, y en el que forman parte las diputaciones de Badajoz, C\u00e1ceres, Ciudad Real, C\u00f3rdoba, Granada, Huelva, Ja\u00e9n, Sevilla y Tarragona y la Asociaci\u00f3n Espa\u00f1ola de Municipios del Olivo (AEMO). Se ha desarrollado en dos fases con un presupuesto global que supera 1,6 millones de euros.<\/p>\n","protected":false},"excerpt":{"rendered":"La Diputaci\u00f3n de C\u00f3rdoba ha conseguido que 90 empresas de la provincia relacionadas con el sector ole\u00edcola se&hellip;\n","protected":false},"author":2,"featured_media":152414,"comment_status":"","ping_status":"","sticky":false,"template":"","format":"standard","meta":{"footnotes":""},"categories":[5],"tags":[17,18,25,24,13,14,11,19,20,9,10,15,16,23,12,21,22],"class_list":{"0":"post-152413","1":"post","2":"type-post","3":"status-publish","4":"format-standard","5":"has-post-thumbnail","7":"category-titulares","8":"tag-breaking-news","9":"tag-breakingnews","10":"tag-es","11":"tag-espana","12":"tag-featured-news","13":"tag-featurednews","14":"tag-headlines","15":"tag-latest-news","16":"tag-latestnews","17":"tag-news","18":"tag-noticias","19":"tag-noticias-destacadas","20":"tag-noticiasdestacadas","21":"tag-spain","22":"tag-titulares","23":"tag-ultimas-noticias","24":"tag-ultimasnoticias"},"share_on_mastodon":{"url":"","error":""},"_links":{"self":[{"href":"https:\/\/www.europesays.com\/es\/wp-json\/wp\/v2\/posts\/152413","targetHints":{"allow":["GET"]}}],"collection":[{"href":"https:\/\/www.europesays.com\/es\/wp-json\/wp\/v2\/posts"}],"about":[{"href":"https:\/\/www.europesays.com\/es\/wp-json\/wp\/v2\/types\/post"}],"author":[{"embeddable":true,"href":"https:\/\/www.europesays.com\/es\/wp-json\/wp\/v2\/users\/2"}],"replies":[{"embeddable":true,"href":"https:\/\/www.europesays.com\/es\/wp-json\/wp\/v2\/comments?post=152413"}],"version-history":[{"count":0,"href":"https:\/\/www.europesays.com\/es\/wp-json\/wp\/v2\/posts\/152413\/revisions"}],"wp:featuredmedia":[{"embeddable":true,"href":"https:\/\/www.europesays.com\/es\/wp-json\/wp\/v2\/media\/152414"}],"wp:attachment":[{"href":"https:\/\/www.europesays.com\/es\/wp-json\/wp\/v2\/media?parent=152413"}],"wp:term":[{"taxonomy":"category","embeddable":true,"href":"https:\/\/www.europesays.com\/es\/wp-json\/wp\/v2\/categories?post=152413"},{"taxonomy":"post_tag","embeddable":true,"href":"https:\/\/www.europesays.com\/es\/wp-json\/wp\/v2\/tags?post=152413"}],"curies":[{"name":"wp","href":"https:\/\/api.w.org\/{rel}","templated":true}]}}