{"id":152415,"date":"2025-10-02T09:25:12","date_gmt":"2025-10-02T09:25:12","guid":{"rendered":"https:\/\/www.europesays.com\/es\/152415\/"},"modified":"2025-10-02T09:25:12","modified_gmt":"2025-10-02T09:25:12","slug":"la-inspiradora-historia-de-aaron-codina-orgullo-de-maipu-y-estrella-del-balonmano-chileno","status":"publish","type":"post","link":"https:\/\/www.europesays.com\/es\/152415\/","title":{"rendered":"la inspiradora historia de Aaron Codina, orgullo de Maip\u00fa y estrella del balonmano chileno"},"content":{"rendered":"<p><img loading=\"lazy\" width=\"1200\" height=\"800\" alt=\"\" decoding=\"async\"  src=\"https:\/\/www.europesays.com\/es\/wp-content\/uploads\/2025\/10\/AARON-CODINA-6.jpg\" data- class=\"attachment-full size-full wp-post-image lazyload\"\/>Tiempo de lectura:  4 minutos<\/p>\n<p class=\"has-white-color has-midnight-gradient-background has-text-color has-background has-link-color wp-elements-299e09f7c344712637ade29fcc51c3b2\">Desde sus primeros pasos en las calles de Maip\u00fa hasta convertirse en <strong>figura de la Serie A italiana, Aaron Codina<\/strong> encarna la perseverancia, el talento y el orgullo de representar a su comuna y a Chile en el <strong>balonmano mundial.<\/strong><\/p>\n<p><strong>En los \u00faltimos quince a\u00f1os, el balonmano chileno ha vivido una era dorada.<\/strong> Una generaci\u00f3n irrepetible se alz\u00f3 como protagonista en los Juegos Suramericanos y Panamericanos donde suma medallas en sus cuatro \u00faltimas versiones consecutivas, y participando en los mundiales ininterrumpidamente<strong> desde 2011<\/strong>.\u00a0<\/p>\n<p>En ese escenario de gloria creciente, surgi\u00f3 una historia particular que encarna los valores de entrega, perseverancia y orgullo por nuestra comuna: la historia de <strong>Aaron Codina Vivanco, un hijo de Maip\u00fa que decidi\u00f3 escribir su destino en una cancha.<\/strong><\/p>\n<p><img loading=\"lazy\" decoding=\"async\" width=\"711\" height=\"1067\" alt=\"\" style=\"width:400px\"  src=\"https:\/\/www.europesays.com\/es\/wp-content\/uploads\/2025\/10\/AARON-CODINA-1-edited.jpg\" data- class=\"wp-image-97038 lazyload\"\/>Aaron Codina disputando un encuentro con el equipo del Liceo Nacional de Maip\u00fa \ud83d\udcf8<a href=\"https:\/\/www.instagram.com\/fdosalinasr\/\" rel=\"nofollow noopener\" target=\"_blank\">@fdosalinasr<\/a><\/p>\n<p>En las calles de la <strong>Villa Los H\u00e9roes<\/strong>, un joven estudiante de s\u00e9ptimo b\u00e1sico del <strong>Liceo Nacional de Maip\u00fa<\/strong>, se cruz\u00f3 con una disciplina que cambiar\u00eda su vida para siempre. El balonmano lo atrap\u00f3 desde el primer instante, influenciado, quiz\u00e1s sin saberlo, por el fen\u00f3meno deportivo que se gestaba en el pa\u00eds y por las ense\u00f1anzas del <strong>profesor Rodrigo Guzm\u00e1n<\/strong>. All\u00ed comenz\u00f3 todo.<\/p>\n<p><strong>Un salto al mundo:<\/strong> La experiencia en Brasil y Polonia<\/p>\n<p>Lo que vino despu\u00e9s fue una carrera vertiginosa, de esas que parecen escritas por el destino. Con apenas <strong>diecisiete (17) a\u00f1os<\/strong>, Aaron dio el salto desde su querido Liceo Nacional para convertirse en<strong> jugador profesional en el club Pinheiros de Brasil<\/strong>. <\/p>\n<p>Fue un salto al vac\u00edo, lleno de incertidumbre, que le ense\u00f1\u00f3 las primeras lecciones de vida lejos del hogar. <\/p>\n<blockquote class=\"wp-block-quote is-layout-flow wp-block-quote-is-layout-flow\">\n<p>\u201cFue inesperado, todo pas\u00f3 muy r\u00e1pido. Me contactaron por Facebook y en dos semanas ya estaba en S\u00e3o Paulo. Era muy joven, inmaduro. <strong>Siento que no supe aprovecharlo como deb\u00eda, pero ese golpe me sirvi\u00f3 para crecer<\/strong>\u201d, recuerda.<\/p>\n<\/blockquote>\n<p>Durante esa etapa, otro momento clave marc\u00f3 su formaci\u00f3n. El reconocido jugador chileno <strong>Marco Onetto<\/strong>, lo invit\u00f3 a entrenar en el <strong>SPR Wisla Plock de Polonia<\/strong>. Aquella experiencia fue un golpe de realidad para el deportista nacional: <\/p>\n<blockquote class=\"wp-block-quote is-layout-flow wp-block-quote-is-layout-flow\">\n<p>\u201cVer las infraestructuras, el nivel de los jugadores, la pasi\u00f3n del p\u00fablico. Me di cuenta hacia d\u00f3nde quer\u00eda llegar. No era solo un sue\u00f1o: era una meta\u201d.<\/p>\n<\/blockquote>\n<p><strong>Desaf\u00edos en Europa:<\/strong> Francia, Espa\u00f1a e Italia<\/p>\n<p><strong>En 2019, cruz\u00f3 definitivamente el Atl\u00e1ntico para unirse al Toulouse de Francia<\/strong>. Pero no fue un camino f\u00e1cil. <\/p>\n<blockquote class=\"wp-block-quote is-layout-flow wp-block-quote-is-layout-flow\">\n<p>\u201cMe cost\u00f3 much\u00edsimo. Estaba solo, no hablaba el idioma, no jugaba bien, me romp\u00ed el cruzado.<strong> La pas\u00e9 muy mal. Pero segu\u00ed<\/strong>\u201d, cuenta sin ocultar la dureza de esos a\u00f1os. <\/p>\n<\/blockquote>\n<p><strong>Y es justamente esa capacidad de resistir la que define a los vencedores.<\/strong><\/p>\n<p><strong>En 2021 fich\u00f3 por el C\u00f3rdoba de Espa\u00f1a<\/strong>, donde las oportunidades fueron escasas y el entendimiento con el cuerpo t\u00e9cnico, limitado. Sin embargo, lejos de rendirse, <strong>Aaron volvi\u00f3 a apostar por s\u00ed mismo.<\/strong> <\/p>\n<p><strong>Su siguiente destino fue Italia<\/strong>, donde se reencontr\u00f3 con su mejor versi\u00f3n. En el <strong>Polisportiva Cingoli<\/strong> logr\u00f3 el ascenso a la m\u00e1xima categor\u00eda, siendo figura clave del equipo. <\/p>\n<p>En 2024, su consolidaci\u00f3n lleg\u00f3 al ser traspasado al <strong>Raimond Sassari<\/strong> para la temporada 24-25. All\u00ed se transform\u00f3 en uno de los goleadores m\u00e1s temidos de la Serie A y en un nombre que constantemente suena con fuerza entre los grandes equipos del continente.<\/p>\n<p><img loading=\"lazy\" decoding=\"async\" width=\"1600\" height=\"1066\" alt=\"\"  src=\"https:\/\/www.europesays.com\/es\/wp-content\/uploads\/2025\/10\/AARON-CODINA-3.jpg\" data- class=\"wp-image-97031 lazyload\"\/>Aaron Codina en el Raimond Sassari de Italia <\/p>\n<p>El 16 de julio, Aaron Codina fue traspasado al<strong> Junior Fasano<\/strong> de Italia. El club celebr\u00f3 la incorporaci\u00f3n del lateral chileno, destacando que est\u00e1n emocionados por verlo en acci\u00f3n y dese\u00e1ndole una excelente temporada<\/p>\n<blockquote class=\"instagram-media\" data-instgrm-permalink=\"https:\/\/www.instagram.com\/p\/DMK47IXuy4k\/?utm_source=ig_embed&amp;utm_campaign=loading\" data-instgrm-version=\"14\" style=\" background:#FFF; border:0; border-radius:3px; box-shadow:0 0 1px 0 rgba(0,0,0,0.5),0 1px 10px 0 rgba(0,0,0,0.15); margin: 1px; max-width:540px; min-width:326px; padding:0; width:99.375%; width:-webkit-calc(100% - 2px); width:calc(100% - 2px);\"\/>\n<p><strong>Orgullo chileno:<\/strong> Representando a la Selecci\u00f3n Nacional<\/p>\n<p>Desde joven forma parte de la <strong>Selecci\u00f3n Chilena<\/strong> adulta, donde ha sido testigo del recambio generacional y de las nuevas din\u00e1micas que han marcado a la \u201cRoja\u201d del balonmano. Hoy, como referente y jugador consagrado, <strong>comparte sus aprendizajes con los m\u00e1s j\u00f3venes<\/strong>, transmitiendo no solo t\u00e9cnica, sino tambi\u00e9n valores.<\/p>\n<p>Respecto a los <strong><a href=\"https:\/\/www.olympics.com\/es\/noticias\/medallero-juegos-panamericanos-santiago-2023\" rel=\"nofollow noopener\" target=\"_blank\">Juegos Panamericanos Santiago 2023<\/a><\/strong>, su testimonio es tan sincero como emotivo: <\/p>\n<blockquote class=\"wp-block-quote is-layout-flow wp-block-quote-is-layout-flow\">\n<p>\u201cQuer\u00edamos llegar a la final, ganarle a Brasil en semifinales. Estuvimos cerca, como en Lima 2019. En lo personal, fue dur\u00edsimo. Me desgarr\u00e9 el isquiotibial una semana y media antes. Peligraba no estar. Finalmente, pude jugar algunos partidos, pero no rend\u00ed como esperaba. Fue doloroso. Uno quiere romperla, m\u00e1s con tu gente ah\u00ed\u201d.<\/p>\n<\/blockquote>\n<p><strong>Ra\u00edces y legado:<\/strong> Aaron y su conexi\u00f3n con Maip\u00fa<\/p>\n<p>M\u00e1s all\u00e1 de su \u00e9xito en Europa, Aaron <strong>nunca ha dejado de ser el muchacho de la Villa Los H\u00e9roes.<\/strong> <\/p>\n<p>Aaron no olvida de d\u00f3nde viene.<strong> Habla con cari\u00f1o de sus d\u00edas en Cuatro \u00c1lamos, de sus amigos de infancia y de su profunda conexi\u00f3n con Maip\u00fa<\/strong>. Adem\u00e1s, muestra preocupaci\u00f3n y esperanza por los nuevos talentos locales: <\/p>\n<blockquote class=\"wp-block-quote is-layout-flow wp-block-quote-is-layout-flow\"><p>\n\u201cS\u00e9 que hay buenos deportistas en la comuna. Pero para la magnitud de Maip\u00fa, podr\u00edamos ser m\u00e1s. Faltan m\u00e1s talleres serios, m\u00e1s apoyo desde las casas. Me alegra ver proyectos nuevos, pero a\u00fan queda camino por recorrer\u201d.\n<\/p><\/blockquote>\n<p>Hoy, Aaron Codina no solo es un <strong>embajador del balonmano chileno en el mundo<\/strong>. Es un s\u00edmbolo de superaci\u00f3n, un ejemplo para las nuevas generaciones y un orgulloso representante de su comuna.<strong> Su historia nos recuerda que con coraje, disciplina y ra\u00edces firmes, no hay sue\u00f1o inalcanzable.<\/strong><\/p>\n<p>Sus propias palabras lo resumen todo: <\/p>\n<blockquote class=\"wp-block-quote is-layout-flow wp-block-quote-is-layout-flow\">\n<p><strong>\u201cSigamos sintiendo orgullo por nuestra comuna. <\/strong>Todos los maipucinos sabemos cu\u00e1nto nos gusta ser de aqu\u00ed, y debemos usar ese mismo entusiasmo para apoyar a nuestra gente, en el deporte y en todo \u00e1mbito\u201d.<\/p>\n<\/blockquote>\n<p>As\u00ed habla un deportista de clase mundial. Pero por sobre todo, as\u00ed habla un vecino que jam\u00e1s ha dejado de amar a Maip\u00fa.<\/p>\n<p><img loading=\"lazy\" decoding=\"async\" width=\"100\" height=\"100\" alt=\"\" itemprop=\"image\" src=\"https:\/\/www.labatalla.cl\/wp-content\/uploads\/2024\/09\/JOSE-LIZANA-11-1.jpg\" class=\"lazyload\" bad-src=\"data:image\/gif;base64,R0lGODlhAQABAAAAACH5BAEKAAEALAAAAAABAAEAAAICTAEAOw==\"\/><\/p>\n<p>Jos\u00e9 Antonio Lizana Arce es un escritor maipucino y periodista deportivo, autor de seis libros sobre la memoria deportiva en Chile.<\/p>\n<p><strong>Ceache\u00ed. Palabra de campe\u00f3n\u00a0<\/strong>(<strong>2008<\/strong>),\u00a0<strong>Rayando la cancha\u00a0<\/strong>(<strong>2009<\/strong>),\u00a0<strong>Mojando la camiseta\u00a0<\/strong>(<strong>2010<\/strong>),\u00a0<strong>Pisando la pelota\u00a0<\/strong>(<strong>2014<\/strong>),\u00a0<strong>Pelota en la(s) red(es) social(es)\u00a0<\/strong>(<strong>2018<\/strong>) y<strong>\u00a0M\u00e1s all\u00e1 de la cancha<\/strong>\u00a0(<strong>2022<\/strong>).<\/p>\n<p><script async src=\"\/\/www.instagram.com\/embed.js\"><\/script><\/p>\n","protected":false},"excerpt":{"rendered":"Tiempo de lectura: 4 minutos Desde sus primeros pasos en las calles de Maip\u00fa hasta convertirse en figura&hellip;\n","protected":false},"author":2,"featured_media":152416,"comment_status":"","ping_status":"","sticky":false,"template":"","format":"standard","meta":{"footnotes":""},"categories":[278],"tags":[46073,376,168,25,24,375,46074,23650,23,167],"class_list":{"0":"post-152415","1":"post","2":"type-post","3":"status-publish","4":"format-standard","5":"has-post-thumbnail","7":"category-balonmano","8":"tag-aaron-codina","9":"tag-balonmano","10":"tag-deportes","11":"tag-es","12":"tag-espana","13":"tag-handball","14":"tag-liceo-nacional","15":"tag-maipu","16":"tag-spain","17":"tag-sports"},"share_on_mastodon":{"url":"","error":""},"_links":{"self":[{"href":"https:\/\/www.europesays.com\/es\/wp-json\/wp\/v2\/posts\/152415","targetHints":{"allow":["GET"]}}],"collection":[{"href":"https:\/\/www.europesays.com\/es\/wp-json\/wp\/v2\/posts"}],"about":[{"href":"https:\/\/www.europesays.com\/es\/wp-json\/wp\/v2\/types\/post"}],"author":[{"embeddable":true,"href":"https:\/\/www.europesays.com\/es\/wp-json\/wp\/v2\/users\/2"}],"replies":[{"embeddable":true,"href":"https:\/\/www.europesays.com\/es\/wp-json\/wp\/v2\/comments?post=152415"}],"version-history":[{"count":0,"href":"https:\/\/www.europesays.com\/es\/wp-json\/wp\/v2\/posts\/152415\/revisions"}],"wp:featuredmedia":[{"embeddable":true,"href":"https:\/\/www.europesays.com\/es\/wp-json\/wp\/v2\/media\/152416"}],"wp:attachment":[{"href":"https:\/\/www.europesays.com\/es\/wp-json\/wp\/v2\/media?parent=152415"}],"wp:term":[{"taxonomy":"category","embeddable":true,"href":"https:\/\/www.europesays.com\/es\/wp-json\/wp\/v2\/categories?post=152415"},{"taxonomy":"post_tag","embeddable":true,"href":"https:\/\/www.europesays.com\/es\/wp-json\/wp\/v2\/tags?post=152415"}],"curies":[{"name":"wp","href":"https:\/\/api.w.org\/{rel}","templated":true}]}}