{"id":152417,"date":"2025-10-02T09:26:04","date_gmt":"2025-10-02T09:26:04","guid":{"rendered":"https:\/\/www.europesays.com\/es\/152417\/"},"modified":"2025-10-02T09:26:04","modified_gmt":"2025-10-02T09:26:04","slug":"el-foro-taurino-del-casino-de-agricultura-acoge-la-presentacion-de-la-cruzada-de-los-campbell-avance-taurino","status":"publish","type":"post","link":"https:\/\/www.europesays.com\/es\/152417\/","title":{"rendered":"El Foro Taurino del Casino de Agricultura acoge la presentaci\u00f3n de \u201cLa cruzada de los Campbell\u201d \u2013 Avance Taurino"},"content":{"rendered":"<p class=\"yiv0743679391ydp1f653ab3yiv2442820368ydp979d9260MsoNormal\">El Foro Taurino del Casino de Agricultura de Valencia, sito en el n\u00famero 12 de la calle Comedias de Valencia, ser\u00e1 marco el lunes, d\u00eda 13 de octubre de 2025, a las 19.30 horas, de la presentaci\u00f3n del libro \u201cLa cruzada de los Campbell\u201c, de Nuria Poza-Latorre y J. M. Pardos-Gotor<\/p>\n<p class=\"yiv0743679391ydp1f653ab3yiv2442820368ydp979d9260MsoNormal\">Intervendr\u00e1n en el acto:<\/p>\n<p class=\"yiv0743679391ydp1f653ab3yiv2442820368ydp979d9260MsoNormal\">\u2013 Nuria Poza-Latorre y J. M. Pardos-Gotor, autores del libro.<\/p>\n<p class=\"yiv0743679391ydp1f653ab3yiv2442820368ydp979d9260MsoNormal\">\u2013 Javier V\u00e1zquez. Matador de toros.<\/p>\n<p class=\"yiv0743679391ydp1f653ab3yiv2442820368ydp979d9260MsoNormal\">-Manolo Carri\u00f3n. Matador de toros.<\/p>\n<p class=\"yiv0743679391ydp1f653ab3yiv2442820368ydp979d9260MsoNormal\">\u2013 Enrique Amat. Director del Foro Taurino del Casino de Agricultura de Valencia.<\/p>\n<p>Una novela hist\u00f3rica que retrata la catarsis espiritual y vital de la\u00a0pintora Mary Campbell y del poeta surafricano Roy Campbell, quienes\u00a0encontraron en Espa\u00f1a un campo de batalla para su alma y una cultura singular que les conquist\u00f3.<\/p>\n<p>\u00a0<\/p>\n<p>Roy, reportero en la guerra civil espa\u00f1ola, esp\u00eda\u00a0en la Segunda Guerra Mundial e intelectual en la posguerra, defiende su fascinaci\u00f3n por la tauromaquia, un arte trascendente que se convierte en el s\u00edmbolo de su filosof\u00eda del sufrimiento y la gracia.<\/p>\n<p>\u00a0<\/p>\n<p>El toreo es un pulso que late en las aventuras de los Campbell.\u00a0El fracaso taurino de Roy en la Provenza francesa se redime en Espa\u00f1a a trav\u00e9s de una inmersi\u00f3n en el mundo taurino. En su peregrinaci\u00f3n por la piel de toro se cruza con:\u00a0Rafael G\u00f3mez \u201cEl\u00a0Gallo\u201d,\u00a0Domingo Ortega,\u00a0Ignacio S\u00e1nchez Mej\u00edas,\u00a0Nicanor\u00a0Villalta,\u00a0Manolete,\u00a0Pepe Luis V\u00e1zquez. Sobre los toros y la\u00a0cultura europea debate con\u00a0Federico Garc\u00eda Lorca,\u00a0Jos\u00e9 Ortega\u00a0y Gasset\u00a0y\u00a0Jos\u00e9 Mar\u00eda de Coss\u00edo.<\/p>\n","protected":false},"excerpt":{"rendered":"El Foro Taurino del Casino de Agricultura de Valencia, sito en el n\u00famero 12 de la calle Comedias&hellip;\n","protected":false},"author":2,"featured_media":152418,"comment_status":"","ping_status":"","sticky":false,"template":"","format":"standard","meta":{"footnotes":""},"categories":[277],"tags":[373,168,25,24,23,167,374],"class_list":{"0":"post-152417","1":"post","2":"type-post","3":"status-publish","4":"format-standard","5":"has-post-thumbnail","7":"category-toreo","8":"tag-bullfighting","9":"tag-deportes","10":"tag-es","11":"tag-espana","12":"tag-spain","13":"tag-sports","14":"tag-toreo"},"share_on_mastodon":{"url":"","error":""},"_links":{"self":[{"href":"https:\/\/www.europesays.com\/es\/wp-json\/wp\/v2\/posts\/152417","targetHints":{"allow":["GET"]}}],"collection":[{"href":"https:\/\/www.europesays.com\/es\/wp-json\/wp\/v2\/posts"}],"about":[{"href":"https:\/\/www.europesays.com\/es\/wp-json\/wp\/v2\/types\/post"}],"author":[{"embeddable":true,"href":"https:\/\/www.europesays.com\/es\/wp-json\/wp\/v2\/users\/2"}],"replies":[{"embeddable":true,"href":"https:\/\/www.europesays.com\/es\/wp-json\/wp\/v2\/comments?post=152417"}],"version-history":[{"count":0,"href":"https:\/\/www.europesays.com\/es\/wp-json\/wp\/v2\/posts\/152417\/revisions"}],"wp:featuredmedia":[{"embeddable":true,"href":"https:\/\/www.europesays.com\/es\/wp-json\/wp\/v2\/media\/152418"}],"wp:attachment":[{"href":"https:\/\/www.europesays.com\/es\/wp-json\/wp\/v2\/media?parent=152417"}],"wp:term":[{"taxonomy":"category","embeddable":true,"href":"https:\/\/www.europesays.com\/es\/wp-json\/wp\/v2\/categories?post=152417"},{"taxonomy":"post_tag","embeddable":true,"href":"https:\/\/www.europesays.com\/es\/wp-json\/wp\/v2\/tags?post=152417"}],"curies":[{"name":"wp","href":"https:\/\/api.w.org\/{rel}","templated":true}]}}