{"id":15242,"date":"2025-07-31T02:00:20","date_gmt":"2025-07-31T02:00:20","guid":{"rendered":"https:\/\/www.europesays.com\/es\/15242\/"},"modified":"2025-07-31T02:00:20","modified_gmt":"2025-07-31T02:00:20","slug":"cometa-3i-atlas-es-una-nave-extraterrestre-esto-dice-la-nasa","status":"publish","type":"post","link":"https:\/\/www.europesays.com\/es\/15242\/","title":{"rendered":"\u00bfCometa 3I\/ATLAS es una nave extraterrestre?: esto dice la NASA"},"content":{"rendered":"<p><img decoding=\"async\" src=\"https:\/\/elnacional-uploads.nyc3.digitaloceanspaces.com\/wp-content\/uploads\/2025\/07\/30161148\/62YOC3FDXJAW7P5N5RQZQGEHWA.avif\" alt=\"Seg\u00fan la NASA, aporta una serie de explicaciones que hacen imposible la hip\u00f3tesis de que se trate de una nave extraterrestre. Se dice que el cometa 3I\/ATLAS es el tercer objeto fuera de nuestro sistema solar.\"\/>Seg\u00fan la NASA, aporta una serie de explicaciones que hacen imposible la hip\u00f3tesis de que se trate de una nave extraterrestre. Se dice que el cometa 3I\/ATLAS es el tercer objeto fuera de nuestro sistema solar. EL UNIVERSAL MX<\/p>\n<p>El primero de julio de 2025, el\u00a0<strong>telescopio\u00a0<\/strong>de sondeo Sistema de \u00daltima Alerta de Impacto Terrestre de Asteroides (<strong>ATLAS<\/strong>), en R\u00edo Hurtado, Chile, captur\u00f3 el cometa\u00a0<a href=\"https:\/\/www.elnacional.com\/2025\/05\/marte-se-queda-sin-agua-segun-la-nasa\/\" target=\"_blank\" rel=\"noreferrer noopener nofollow\"><strong>3I\/ATLAS<\/strong><\/a>.<\/p>\n<p>Se inform\u00f3 inmediatamente al\u00a0<strong>Centro de Planetas Menores<\/strong>, donde se ten\u00edan una serie de recopilaci\u00f3n de datos sobre el objeto interestelar, en el Observatorio Palomar en el \u00e1rea de San Diego en California.<\/p>\n<p>Este cometa ha capturado la atenci\u00f3n mundial, desatando una ola de especulaciones sobre que su posible naturaleza sea proveniente de los\u00a0<strong>extraterrestres<\/strong>.<\/p>\n<p>Seg\u00fan la\u00a0<strong>NASA<\/strong>, aporta una serie de explicaciones que hacen imposible la\u00a0<strong>hip\u00f3tesis\u00a0<\/strong>de que se trate de una\u00a0<strong>nave\u00a0<\/strong>extraterrestre. El cometa 3I\/ATLAS es el tercer objeto fuera de nuestro sistema solar que se form\u00f3 de alguna manera en otro sistema estelar y fue expulsado al espacio interestelar.<\/p>\n<p>Aunado con ello, explic\u00f3 que no representa una amenaza para la\u00a0<strong>Tierra<\/strong>, pues lo m\u00e1s cerca que estar\u00e1 ser\u00e1 alrededor de 1.8 unidades astron\u00f3micas (aproximadamente 270 millones de kil\u00f3metros, o 170 millones de millas).<\/p>\n<p>3I\/ATLAS alcanzar\u00e1 su punto m\u00e1s cercano al Sol alrededor del 30 de octubre de 2025, a una distancia de alrededor de 1.4 au (210 millones de kil\u00f3metros, o 130 millones de millas), justo en la \u00f3rbita de <a href=\"https:\/\/www.youtube.com\/watch?v=XEggZo3SXNM&amp;pp=ygUIM0kvQVRMQVPSBwkJxwkBhyohjO8%3D\" rel=\"nofollow noopener\" target=\"_blank\">Marte.<\/a><\/p>\n<p>Los cometas suelen llevar el nombre del descubridor, pero en este caso se le dio por el equipo de investigaci\u00f3n\u00a0<strong>ATLAS<\/strong>. La letra \u00abI\u00bb significa interestelar e indica que este objeto proviene de otro sistema.<\/p>\n<p>Tiene una velocidad muy r\u00e1pida, y cuando fue descubierto este cometa viajaba a cerca de 221.000 kil\u00f3metros por hora, o 61 kil\u00f3metros por segundo (137.000 millas por hora), y su velocidad aumentar\u00e1 a medida que se acerque al\u00a0<strong>Sol<\/strong>.<\/p>\n<p>Relacionadas<br \/>\n<a href=\"https:\/\/www.elnacional.com\/2025\/07\/ultraprocesados-estan-asociados-con-un-mayor-riesgo-de-cancer-de-pulmon\/\" title=\"Ultraprocesados est\u00e1n asociados con un mayor riesgo de c\u00e1ncer de pulm\u00f3n\" rel=\"nofollow noopener\" target=\"_blank\"><br \/>\n<img decoding=\"async\" src=\"https:\/\/www.europesays.com\/es\/wp-content\/uploads\/2025\/07\/alimentos-ultraprocesados-640x345.jpg\" alt=\"Ultraprocesados est\u00e1n asociados con un mayor riesgo de c\u00e1ncer de pulm\u00f3n\" title=\"Ultraprocesados est\u00e1n asociados con un mayor riesgo de c\u00e1ncer de pulm\u00f3n\"\/><br \/>\n<\/a><\/p>\n<p>\njulio 30, 2025<\/p>\n<p><a href=\"https:\/\/www.elnacional.com\/2025\/07\/etc-la-enfermedad-que-padecia-el-tirador-de-nueva-york\/\" title=\"ETC, la enfermedad que afirmaba tener el joven que mat\u00f3 a tiros a 4 personas en un rascacielos en Nueva York\" rel=\"nofollow noopener\" target=\"_blank\"><br \/>\n<img src=\"data:image\/png;base64,iVBORw0KGgoAAAANSUhEUgAAAoAAAAFoAQAAAADvSXf8AAAAAnRSTlMAAHaTzTgAAAAySURBVHja7cEBDQAAAMKg90\/t7AEUAAAAAAAAAAAAAAAAAAAAAAAAAAAAAAAAAAAAADdx6AABMM5UuwAAAABJRU5ErkJggg==\" alt=\"ETC, la enfermedad que afirmaba tener el joven que mat\u00f3 a tiros a 4 personas en un rascacielos en Nueva York\" title=\"ETC, la enfermedad que afirmaba tener el joven que mat\u00f3 a tiros a 4 personas en un rascacielos en Nueva York\" data-src=\"https:\/\/www.europesays.com\/es\/wp-content\/uploads\/2025\/07\/ETC-enfermedad-640x360.webp.webp\" decoding=\"async\" class=\"lazyload\" data-eio-rwidth=\"640\" data-eio-rheight=\"360\"\/><br \/>\n<\/a><\/p>\n<p>\njulio 30, 2025<\/p>\n<p><a href=\"https:\/\/www.elnacional.com\/2025\/07\/victor-cardenas-brilla-en-la-banca-digital-de-silicon-valley\/\" title=\"V\u00edctor C\u00e1rdenas, un arquitecto venezolano de la banca digital en Silicon Valley\" rel=\"nofollow noopener\" target=\"_blank\"><br \/>\n<img src=\"data:image\/png;base64,iVBORw0KGgoAAAANSUhEUgAAAoAAAAFoAQAAAADvSXf8AAAAAnRSTlMAAHaTzTgAAAAySURBVHja7cEBDQAAAMKg90\/t7AEUAAAAAAAAAAAAAAAAAAAAAAAAAAAAAAAAAAAAADdx6AABMM5UuwAAAABJRU5ErkJggg==\" alt=\"V\u00edctor C\u00e1rdenas, un arquitecto venezolano de la banca digital en Silicon Valley\" title=\"V\u00edctor C\u00e1rdenas, un arquitecto venezolano de la banca digital en Silicon Valley\" data-src=\"https:\/\/www.europesays.com\/es\/wp-content\/uploads\/2025\/07\/Victor-Cardenas-Portada-640x360.jpg\" decoding=\"async\" class=\"lazyload\" data-eio-rwidth=\"640\" data-eio-rheight=\"360\"\/><br \/>\n<\/a><\/p>\n<p>\njulio 30, 2025<\/p>\n<p><a href=\"https:\/\/www.elnacional.com\/2025\/07\/mexico-desarrollo-su-propio-lenguaje-de-ia\/\" title=\"M\u00e9xico desarroll\u00f3 su propio lenguaje de IA\" rel=\"nofollow noopener\" target=\"_blank\"><br \/>\n<img src=\"data:image\/png;base64,iVBORw0KGgoAAAANSUhEUgAAAoAAAAFoAQAAAADvSXf8AAAAAnRSTlMAAHaTzTgAAAAySURBVHja7cEBDQAAAMKg90\/t7AEUAAAAAAAAAAAAAAAAAAAAAAAAAAAAAAAAAAAAADdx6AABMM5UuwAAAABJRU5ErkJggg==\" alt=\"M\u00e9xico desarroll\u00f3 su propio lenguaje de IA\" title=\"M\u00e9xico desarroll\u00f3 su propio lenguaje de IA\" data-src=\"https:\/\/www.europesays.com\/es\/wp-content\/uploads\/2025\/07\/Mexico-Lenguaje-IA.webp.webp\" decoding=\"async\" class=\"lazyload\" data-eio-rwidth=\"640\" data-eio-rheight=\"360\"\/><br \/>\n<\/a><\/p>\n<p>\njulio 30, 2025<\/p>\n<p><a href=\"https:\/\/www.elnacional.com\/2025\/07\/tiktok-padres-recibiran-notificaciones-cuando-sus-hijos-publiquen\/\" title=\"Padres recibir\u00e1n notificaciones cuando sus hijos publiquen en TikTok\" rel=\"nofollow noopener\" target=\"_blank\"><br \/>\n<img src=\"data:image\/png;base64,iVBORw0KGgoAAAANSUhEUgAAAoAAAAGrAQAAAAB4NRvmAAAAAnRSTlMAAHaTzTgAAAA4SURBVHja7cExAQAAAMKg9U\/tbQegAAAAAAAAAAAAAAAAAAAAAAAAAAAAAAAAAAAAAAAAAAAA4AyHGwABJ2xdRQAAAABJRU5ErkJggg==\" alt=\"Padres recibir\u00e1n notificaciones cuando sus hijos publiquen en TikTok\" title=\"Padres recibir\u00e1n notificaciones cuando sus hijos publiquen en TikTok\" data-src=\"https:\/\/www.europesays.com\/es\/wp-content\/uploads\/2025\/07\/TikTok-Padres-640x427.jpg\" decoding=\"async\" class=\"lazyload\" data-eio-rwidth=\"640\" data-eio-rheight=\"427\"\/><br \/>\n<\/a><\/p>\n<p>\njulio 30, 2025<\/p>\n<p><a href=\"https:\/\/www.elnacional.com\/2025\/07\/italia-investiga-a-meta-por-posible-abuso-de-ia-en-whatsapp\/\" title=\"Italia investiga a Meta por posible abuso de IA en WhatsApp\" rel=\"nofollow noopener\" target=\"_blank\"><br \/>\n<img src=\"data:image\/png;base64,iVBORw0KGgoAAAANSUhEUgAAAoAAAAGAAQAAAAAVXu4TAAAAAnRSTlMAAHaTzTgAAAA1SURBVHja7cExAQAAAMKg9U9tDQ+gAAAAAAAAAAAAAAAAAAAAAAAAAAAAAAAAAAAAAAAAvgx5gAABdeIUWQAAAABJRU5ErkJggg==\" alt=\"Italia investiga a Meta por posible abuso de IA en WhatsApp\" title=\"Italia investiga a Meta por posible abuso de IA en WhatsApp\" data-src=\"https:\/\/www.europesays.com\/es\/wp-content\/uploads\/2025\/07\/meta-IA-italia-640x384.jpg\" decoding=\"async\" class=\"lazyload\" data-eio-rwidth=\"640\" data-eio-rheight=\"384\"\/><br \/>\n<\/a><\/p>\n<p>\njulio 30, 2025<\/p>\n<p><a href=\"https:\/\/www.elnacional.com\/2025\/07\/3i-atlas-el-misterioso-viajero-interestelar\/\" title=\"3I\/ATLAS: el misterioso viajero interestelar\" rel=\"nofollow noopener\" target=\"_blank\"><br \/>\n<img src=\"data:image\/png;base64,iVBORw0KGgoAAAANSUhEUgAAAoAAAAGCAQAAAABYlk8YAAAAAnRSTlMAAHaTzTgAAAA1SURBVHja7cExAQAAAMKg9U9tBn+gAAAAAAAAAAAAAAAAAAAAAAAAAAAAAAAAAAAAAAAA+Ax6IgABEBREOQAAAABJRU5ErkJggg==\" alt=\"3I\/ATLAS: el misterioso viajero interestelar\" title=\"3I\/ATLAS: el misterioso viajero interestelar\" data-src=\"https:\/\/www.europesays.com\/es\/wp-content\/uploads\/2025\/07\/3IATLAS-640x386.jpg\" decoding=\"async\" class=\"lazyload\" data-eio-rwidth=\"640\" data-eio-rheight=\"386\"\/><br \/>\n<\/a><\/p>\n<p>\njulio 29, 2025<\/p>\n<p><a href=\"https:\/\/www.elnacional.com\/2025\/07\/ropinirol-farmacos-e-impulsos-sexuales-como-efecto-secundario\/\" title=\"&quot;Mi pap\u00e1 empez\u00f3 a espiar y forzar a mi mam\u00e1&quot;: Ropinirol y los f\u00e1rmacos que provocan potentes impulsos sexuales como efecto secundario\" rel=\"nofollow noopener\" target=\"_blank\"><br \/>\n<img src=\"data:image\/png;base64,iVBORw0KGgoAAAANSUhEUgAAAoAAAAFnAQAAAAAeH8UpAAAAAnRSTlMAAHaTzTgAAAAzSURBVHja7cEBDQAAAMKg909tDjegAAAAAAAAAAAAAAAAAAAAAAAAAAAAAAAAAAAAAC4NcZcAAfx8cAQAAAAASUVORK5CYII=\" alt=\"&quot;Mi pap\u00e1 empez\u00f3 a espiar y forzar a mi mam\u00e1&quot;: Ropinirol y los f\u00e1rmacos que provocan potentes impulsos sexuales como efecto secundario\" title=\"&quot;Mi pap\u00e1 empez\u00f3 a espiar y forzar a mi mam\u00e1&quot;: Ropinirol y los f\u00e1rmacos que provocan potentes impulsos sexuales como efecto secundario\" data-src=\"https:\/\/www.europesays.com\/es\/wp-content\/uploads\/2025\/07\/Abuso-sexual-BBC-Mundo-640x359.webp.webp\" decoding=\"async\" class=\"lazyload\" data-eio-rwidth=\"640\" data-eio-rheight=\"359\"\/><br \/>\n<\/a><\/p>\n<p>\njulio 28, 2025<\/p>\n<p><a href=\"https:\/\/www.elnacional.com\/2025\/07\/la-nasa-enfrenta-recortes-en-medio-de-ambiciones-de-trump\/\" title=\"La NASA enfrenta recortes significativos en medio de ambiciones espaciales de Trump\" rel=\"nofollow noopener\" target=\"_blank\"><br \/>\n<img src=\"data:image\/png;base64,iVBORw0KGgoAAAANSUhEUgAAAoAAAAGBAQAAAADeAj22AAAAAnRSTlMAAHaTzTgAAAA1SURBVHja7cEBDQAAAMKg909tDwcUAAAAAAAAAAAAAAAAAAAAAAAAAAAAAAAAAAAAAADAuQF50QABX\/oyAAAAAABJRU5ErkJggg==\" alt=\"La NASA enfrenta recortes significativos en medio de ambiciones espaciales de Trump\" title=\"La NASA enfrenta recortes significativos en medio de ambiciones espaciales de Trump\" data-src=\"https:\/\/www.europesays.com\/es\/wp-content\/uploads\/2025\/07\/Trump-Nasa-1-640x385.webp.webp\" decoding=\"async\" class=\"lazyload\" data-eio-rwidth=\"640\" data-eio-rheight=\"385\"\/><br \/>\n<\/a><\/p>\n<p>\njulio 28, 2025<\/p>\n<p><a href=\"https:\/\/www.elnacional.com\/2025\/07\/china-despliega-su-ambicion-en-ia-con-robots-humanoides\/\" title=\"China despliega su ambici\u00f3n en IA con robots humanoides\" rel=\"nofollow noopener\" target=\"_blank\"><br \/>\n<img src=\"data:image\/png;base64,iVBORw0KGgoAAAANSUhEUgAAAoAAAAGxAQAAAADaeDobAAAAAnRSTlMAAHaTzTgAAAA4SURBVHja7cEBAQAAAIIg\/69uSEABAAAAAAAAAAAAAAAAAAAAAAAAAAAAAAAAAAAAAAAAAAAAdwaJAQABU7ahVQAAAABJRU5ErkJggg==\" alt=\"China despliega su ambici\u00f3n en IA con robots humanoides\" title=\"China despliega su ambici\u00f3n en IA con robots humanoides\" data-src=\"https:\/\/www.europesays.com\/es\/wp-content\/uploads\/2025\/07\/Robots-humanoides-640x433.jpg\" decoding=\"async\" class=\"lazyload\" data-eio-rwidth=\"640\" data-eio-rheight=\"433\"\/><br \/>\n<\/a><\/p>\n<p>\njulio 28, 2025<\/p>\n<p><a href=\"https:\/\/www.elnacional.com\/2025\/07\/samsung-impulsa-el-futuro-de-tesla-con-chips-de-vanguardia\/\" title=\"Samsung impulsa el futuro de Tesla con chips de vanguardia\" rel=\"nofollow noopener\" target=\"_blank\"><br \/>\n<img src=\"data:image\/png;base64,iVBORw0KGgoAAAANSUhEUgAAAoAAAAFyAQAAAABNBFYBAAAAAnRSTlMAAHaTzTgAAAA0SURBVHja7cGBAAAAAMOg+VNf4QBVAQAAAAAAAAAAAAAAAAAAAAAAAAAAAAAAAAAAAAC8BnUSAAFVzdIEAAAAAElFTkSuQmCC\" alt=\"Samsung impulsa el futuro de Tesla con chips de vanguardia\" title=\"Samsung impulsa el futuro de Tesla con chips de vanguardia\" data-src=\"https:\/\/www.europesays.com\/es\/wp-content\/uploads\/2025\/07\/Tesla-Samsung-640x370.webp.webp\" decoding=\"async\" class=\"lazyload\" data-eio-rwidth=\"640\" data-eio-rheight=\"370\"\/><br \/>\n<\/a><\/p>\n<p>\njulio 28, 2025<\/p>\n<p><a href=\"https:\/\/www.elnacional.com\/2025\/07\/max-la-alternativa-rusa-a-whatsapp-para-ejercer-control-digital\/\" title=\"Max, la alternativa rusa a WhatsApp para ejercer control digital\" rel=\"nofollow noopener\" target=\"_blank\"><br \/>\n<img src=\"data:image\/png;base64,iVBORw0KGgoAAAANSUhEUgAAAoAAAAFnAQAAAAAeH8UpAAAAAnRSTlMAAHaTzTgAAAAzSURBVHja7cEBDQAAAMKg909tDjegAAAAAAAAAAAAAAAAAAAAAAAAAAAAAAAAAAAAAC4NcZcAAfx8cAQAAAAASUVORK5CYII=\" alt=\"Max, la alternativa rusa a WhatsApp para ejercer control digital\" title=\"Max, la alternativa rusa a WhatsApp para ejercer control digital\" data-src=\"https:\/\/www.europesays.com\/es\/wp-content\/uploads\/2025\/07\/Max-Rusia-2-640x359.webp.webp\" decoding=\"async\" class=\"lazyload\" data-eio-rwidth=\"640\" data-eio-rheight=\"359\"\/><br \/>\n<\/a><\/p>\n<p>\njulio 28, 2025<\/p>\n<p><a href=\"https:\/\/www.elnacional.com\/2025\/07\/venezolana-crea-sandalias-inteligentes-que-monitorean-pies-para-prevenir-amputaciones-por-diabetes\/\" title=\"Venezolana crea sandalias inteligentes que monitorean pies para prevenir amputaciones por diabetes\" rel=\"nofollow noopener\" target=\"_blank\"><br \/>\n<img src=\"data:image\/png;base64,iVBORw0KGgoAAAANSUhEUgAAAoAAAAGaAQAAAAC3E8\/uAAAAAnRSTlMAAHaTzTgAAAA3SURBVHja7cEBDQAAAMKg909tDjegAAAAAAAAAAAAAAAAAAAAAAAAAAAAAAAAAAAAAAAAAABeDYG6AAE+R7vWAAAAAElFTkSuQmCC\" alt=\"Venezolana crea sandalias inteligentes que monitorean pies para prevenir amputaciones por diabetes\" title=\"Venezolana crea sandalias inteligentes que monitorean pies para prevenir amputaciones por diabetes\" data-src=\"https:\/\/www.europesays.com\/es\/wp-content\/uploads\/2025\/07\/Sandalia--640x410.jpg\" decoding=\"async\" class=\"lazyload\" data-eio-rwidth=\"640\" data-eio-rheight=\"410\"\/><br \/>\n<\/a><\/p>\n<p>\njulio 27, 2025<\/p>\n<p><a href=\"https:\/\/www.elnacional.com\/2025\/07\/meta-dejara-de-emitir-anuncios-politicos-y-electorales-en-la-union-europea\/\" title=\"Meta dejar\u00e1 de emitir anuncios pol\u00edticos y electorales en la Uni\u00f3n Europea\" rel=\"nofollow noopener\" target=\"_blank\"><br \/>\n<img src=\"data:image\/png;base64,iVBORw0KGgoAAAANSUhEUgAAAdoAAAE\/AQAAAADJFj8zAAAAAnRSTlMAAHaTzTgAAAAqSURBVHja7cExAQAAAMKg9U9tCy+gAAAAAAAAAAAAAAAAAAAAAAAAgKMBTAMAAcYx0ewAAAAASUVORK5CYII=\" alt=\"Meta dejar\u00e1 de emitir anuncios pol\u00edticos y electorales en la Uni\u00f3n Europea\" title=\"Meta dejar\u00e1 de emitir anuncios pol\u00edticos y electorales en la Uni\u00f3n Europea\" data-src=\"https:\/\/www.europesays.com\/es\/wp-content\/uploads\/2025\/07\/Meta-UE-Multa.webp.webp\" decoding=\"async\" class=\"lazyload\" data-eio-rwidth=\"474\" data-eio-rheight=\"319\"\/><br \/>\n<\/a><\/p>\n<p>\njulio 25, 2025<\/p>\n<p><a href=\"https:\/\/www.elnacional.com\/2025\/07\/webb-capto-agujeros-negros-devorando-estrellas-escondidas\/\" title=\"Webb capt\u00f3 agujeros negros devorando estrellas escondidas\" rel=\"nofollow noopener\" target=\"_blank\"><br \/>\n<img src=\"data:image\/png;base64,iVBORw0KGgoAAAANSUhEUgAAAoAAAAGVAQAAAABGRX07AAAAAnRSTlMAAHaTzTgAAAA3SURBVHja7cGBAAAAAMOg+VNf4QBVAQAAAAAAAAAAAAAAAAAAAAAAAAAAAAAAAAAAAAAAAACXAYAlAAEXhWSRAAAAAElFTkSuQmCC\" alt=\"Webb capt\u00f3 agujeros negros devorando estrellas escondidas\" title=\"Webb capt\u00f3 agujeros negros devorando estrellas escondidas\" data-src=\"https:\/\/www.europesays.com\/es\/wp-content\/uploads\/2025\/07\/agujeros-negros-devorando-estrellas-640x405.jpg\" decoding=\"async\" class=\"lazyload\" data-eio-rwidth=\"640\" data-eio-rheight=\"405\"\/><br \/>\n<\/a><\/p>\n<p>\njulio 25, 2025<\/p>\n<p><a href=\"https:\/\/www.elnacional.com\/2025\/07\/las-unas-son-el-barometro-de-la-longevidad-segun-harvard\/\" title=\"Las u\u00f1as son el bar\u00f3metro de la longevidad, seg\u00fan Harvard\" rel=\"nofollow noopener\" target=\"_blank\"><br \/>\n<img src=\"data:image\/png;base64,iVBORw0KGgoAAAANSUhEUgAAAoAAAAGrAQAAAAB4NRvmAAAAAnRSTlMAAHaTzTgAAAA4SURBVHja7cExAQAAAMKg9U\/tbQegAAAAAAAAAAAAAAAAAAAAAAAAAAAAAAAAAAAAAAAAAAAA4AyHGwABJ2xdRQAAAABJRU5ErkJggg==\" alt=\"Las u\u00f1as son el bar\u00f3metro de la longevidad, seg\u00fan Harvard\" title=\"Las u\u00f1as son el bar\u00f3metro de la longevidad, seg\u00fan Harvard\" data-src=\"https:\/\/www.europesays.com\/es\/wp-content\/uploads\/2025\/07\/Unas-rotas-640x427.webp.webp\" decoding=\"async\" class=\"lazyload\" data-eio-rwidth=\"640\" data-eio-rheight=\"427\"\/><br \/>\n<\/a><\/p>\n<p>\njulio 25, 2025<\/p>\n<p><a href=\"https:\/\/www.elnacional.com\/2025\/07\/paradoja-baker-baker-y-olvidarse-de-los-nombres\/\" title=\"Paradoja Baker-Baker: c\u00f3mo funciona el cerebro al olvidarse de los nombres\" rel=\"nofollow noopener\" target=\"_blank\"><br \/>\n<img src=\"data:image\/png;base64,iVBORw0KGgoAAAANSUhEUgAAAoAAAAFYAQAAAADrM3BRAAAAAnRSTlMAAHaTzTgAAAAxSURBVHja7cEBAQAAAIIg\/69uSEABAAAAAAAAAAAAAAAAAAAAAAAAAAAAAAAAAADvBmzYAAExjDriAAAAAElFTkSuQmCC\" alt=\"Paradoja Baker-Baker: c\u00f3mo funciona el cerebro al olvidarse de los nombres\" title=\"Paradoja Baker-Baker: c\u00f3mo funciona el cerebro al olvidarse de los nombres\" data-src=\"https:\/\/www.europesays.com\/es\/wp-content\/uploads\/2025\/07\/Captura-de-pantalla-2025-07-25-092055-640x344.png\" decoding=\"async\" class=\"lazyload\" data-eio-rwidth=\"640\" data-eio-rheight=\"344\"\/><br \/>\n<\/a><\/p>\n<p>\njulio 25, 2025<\/p>\n<p><a href=\"https:\/\/www.elnacional.com\/2025\/07\/kyle-chayka-por-que-han-dejado-de-publicar-en-redes-sociales\/\" title=\"Kyle Chayka: \u00bfPor qu\u00e9 nuestros amigos han dejado de publicar contenido en redes sociales?\" rel=\"nofollow noopener\" target=\"_blank\"><br \/>\n<img src=\"data:image\/png;base64,iVBORw0KGgoAAAANSUhEUgAAAcYAAAD\/AQAAAABDG0tVAAAAAnRSTlMAAHaTzTgAAAAlSURBVGje7cExAQAAAMKg9U9tCU+gAAAAAAAAAAAAAAAAAAD4GznGAAEQ4av+AAAAAElFTkSuQmCC\" alt=\"Kyle Chayka: \u00bfPor qu\u00e9 nuestros amigos han dejado de publicar contenido en redes sociales?\" title=\"Kyle Chayka: \u00bfPor qu\u00e9 nuestros amigos han dejado de publicar contenido en redes sociales?\" data-src=\"https:\/\/www.europesays.com\/es\/wp-content\/uploads\/2025\/07\/Kyle-Chayka.webp.webp\" decoding=\"async\" class=\"lazyload\" data-eio-rwidth=\"454\" data-eio-rheight=\"255\"\/><br \/>\n<\/a><\/p>\n<p>\njulio 25, 2025<\/p>\n<p><a href=\"https:\/\/www.elnacional.com\/2025\/07\/cientificos-chinos-observan-friccion-cuantica-en-solidos\/\" title=\"Cient\u00edficos chinos observan fricci\u00f3n cu\u00e1ntica en s\u00f3lidos\" rel=\"nofollow noopener\" target=\"_blank\"><br \/>\n<img src=\"data:image\/png;base64,iVBORw0KGgoAAAANSUhEUgAAAoAAAAGrAQAAAAB4NRvmAAAAAnRSTlMAAHaTzTgAAAA4SURBVHja7cExAQAAAMKg9U\/tbQegAAAAAAAAAAAAAAAAAAAAAAAAAAAAAAAAAAAAAAAAAAAA4AyHGwABJ2xdRQAAAABJRU5ErkJggg==\" alt=\"Cient\u00edficos chinos observan fricci\u00f3n cu\u00e1ntica en s\u00f3lidos\" title=\"Cient\u00edficos chinos observan fricci\u00f3n cu\u00e1ntica en s\u00f3lidos\" data-src=\"https:\/\/www.europesays.com\/es\/wp-content\/uploads\/2025\/07\/friccion-cuantica-640x427.webp.webp\" decoding=\"async\" class=\"lazyload\" data-eio-rwidth=\"640\" data-eio-rheight=\"427\"\/><br \/>\n<\/a><\/p>\n<p>\njulio 25, 2025<\/p>\n<p><a href=\"https:\/\/www.elnacional.com\/2025\/07\/japon-aprueba-creacion-de-embriones-humanos-con-celulas-ips\/\" title=\"Jap\u00f3n aprueba creaci\u00f3n de embriones humanos con C\u00e9lulas iPS\" rel=\"nofollow noopener\" target=\"_blank\"><br \/>\n<img src=\"data:image\/png;base64,iVBORw0KGgoAAAANSUhEUgAAAdoAAAEMAQAAAABL+EowAAAAAnRSTlMAAHaTzTgAAAAnSURBVGje7cExAQAAAMKg9U9tCj+gAAAAAAAAAAAAAAAAAAAAgKcBP9wAAf9oaS8AAAAASUVORK5CYII=\" alt=\"Jap\u00f3n aprueba creaci\u00f3n de embriones humanos con C\u00e9lulas iPS\" title=\"Jap\u00f3n aprueba creaci\u00f3n de embriones humanos con C\u00e9lulas iPS\" data-src=\"https:\/\/www.europesays.com\/es\/wp-content\/uploads\/2025\/07\/japon-embriones.webp.webp\" decoding=\"async\" class=\"lazyload\" data-eio-rwidth=\"474\" data-eio-rheight=\"268\"\/><br \/>\n<\/a><\/p>\n<p>\njulio 25, 2025<\/p>\n<p><a href=\"https:\/\/www.elnacional.com\/2025\/07\/2023-marco-un-hito-alarmante-de-calor-marino-sin-precedentes\/\" title=\"2023 marc\u00f3 hito alarmante de calor marino sin precedentes\" rel=\"nofollow noopener\" target=\"_blank\"><br \/>\n<img src=\"data:image\/png;base64,iVBORw0KGgoAAAANSUhEUgAAAdoAAAFjAQAAAACyWve\/AAAAAnRSTlMAAHaTzTgAAAArSURBVHja7cEBAQAAAIIg\/69uSEABAAAAAAAAAAAAAAAAAAAAAAAAAABnBlSXAAGswmNNAAAAAElFTkSuQmCC\" alt=\"2023 marc\u00f3 hito alarmante de calor marino sin precedentes\" title=\"2023 marc\u00f3 hito alarmante de calor marino sin precedentes\" data-src=\"https:\/\/www.europesays.com\/es\/wp-content\/uploads\/2025\/07\/carlos-marino-oceanos.webp.webp\" decoding=\"async\" class=\"lazyload\" data-eio-rwidth=\"474\" data-eio-rheight=\"355\"\/><br \/>\n<\/a><\/p>\n<p>\njulio 25, 2025<\/p>\n<p><a href=\"https:\/\/www.elnacional.com\/2025\/07\/guerra-tecnologica-amazon-bajo-el-telon-a-su-ia-en-china\/\" title=\"Guerra tecnol\u00f3gica: Amazon baj\u00f3 el tel\u00f3n a su IA en China\" rel=\"nofollow noopener\" target=\"_blank\"><br \/>\n<img src=\"data:image\/png;base64,iVBORw0KGgoAAAANSUhEUgAAAoAAAAGnAQAAAAAP99udAAAAAnRSTlMAAHaTzTgAAAA4SURBVHja7cEBDQAAAMKg909tDwcUAAAAAAAAAAAAAAAAAAAAAAAAAAAAAAAAAAAAAAAAAADAlQGF1wABnjW3MQAAAABJRU5ErkJggg==\" alt=\"Guerra tecnol\u00f3gica: Amazon baj\u00f3 el tel\u00f3n a su IA en China\" title=\"Guerra tecnol\u00f3gica: Amazon baj\u00f3 el tel\u00f3n a su IA en China\" data-src=\"https:\/\/www.europesays.com\/es\/wp-content\/uploads\/2025\/07\/Captura-de-pantalla-2025-07-25-073517-640x423.png\" decoding=\"async\" class=\"lazyload\" data-eio-rwidth=\"640\" data-eio-rheight=\"423\"\/><br \/>\n<\/a><\/p>\n<p>\njulio 25, 2025<\/p>\n<p><a href=\"https:\/\/www.elnacional.com\/2025\/07\/asi-es-la-pulsera-de-meta-que-permite-interactuar-con-ordenadores-solo-moviendo-las-manos\/\" title=\"As\u00ed es la pulsera de Meta que permite interactuar con ordenadores solo moviendo las manos\" rel=\"nofollow noopener\" target=\"_blank\"><br \/>\n<img src=\"data:image\/png;base64,iVBORw0KGgoAAAANSUhEUgAAAoAAAAHgAQAAAAAdquFJAAAAAnRSTlMAAHaTzTgAAAA9SURBVHja7cEBDQAAAMKg909tDjegAAAAAAAAAAAAAAAAAAAAAAAAAAAAAAAAAAAAAAAAAAAAAAAAAODPAJfgAAFLzBtKAAAAAElFTkSuQmCC\" alt=\"As\u00ed es la pulsera de Meta que permite interactuar con ordenadores solo moviendo las manos\" title=\"As\u00ed es la pulsera de Meta que permite interactuar con ordenadores solo moviendo las manos\" data-src=\"https:\/\/www.europesays.com\/es\/wp-content\/uploads\/2025\/07\/Junta-de-Supervision-de-Meta-640x480.jpg\" decoding=\"async\" class=\"lazyload\" data-eio-rwidth=\"640\" data-eio-rheight=\"480\"\/><br \/>\n<\/a><\/p>\n<p>\njulio 23, 2025<\/p>\n<p><a href=\"https:\/\/www.elnacional.com\/2025\/07\/que-es-shein-la-app-que-se-usa-para-realizar-compras-online\/\" title=\"Qu\u00e9 es Shein, la app que se usa para realizar compras online\" rel=\"nofollow noopener\" target=\"_blank\"><br \/>\n<img src=\"data:image\/png;base64,iVBORw0KGgoAAAANSUhEUgAAAoAAAAGpAQAAAAA1\/brtAAAAAnRSTlMAAHaTzTgAAAA4SURBVHja7cExAQAAAMKg9U9tCy+gAAAAAAAAAAAAAAAAAAAAAAAAAAAAAAAAAAAAAAAAAAAAuBqGeQABCTqCHwAAAABJRU5ErkJggg==\" alt=\"Qu\u00e9 es Shein, la app que se usa para realizar compras online\" title=\"Qu\u00e9 es Shein, la app que se usa para realizar compras online\" data-src=\"https:\/\/www.europesays.com\/es\/wp-content\/uploads\/2025\/07\/Todo-lo-que-hay-que-saber-para-comprar-en-Shein-Foto-Shutterstock-640x425.jpg\" decoding=\"async\" class=\"lazyload\" data-eio-rwidth=\"640\" data-eio-rheight=\"425\"\/><br \/>\n<\/a><\/p>\n<p>\njulio 23, 2025<\/p>\n<p>Contenido Patrocinado  <\/p>\n","protected":false},"excerpt":{"rendered":"Seg\u00fan la NASA, aporta una serie de explicaciones que hacen imposible la hip\u00f3tesis de que se trate de&hellip;\n","protected":false},"author":2,"featured_media":15243,"comment_status":"","ping_status":"","sticky":false,"template":"","format":"standard","meta":{"footnotes":""},"categories":[81],"tags":[8612,119,123,124,25,24,642,117,121,122,23,118,120],"class_list":{"0":"post-15242","1":"post","2":"type-post","3":"status-publish","4":"format-standard","5":"has-post-thumbnail","7":"category-ciencia-y-tecnologia","8":"tag-3i-atlas","9":"tag-ciencia","10":"tag-ciencia-y-tecnologia","11":"tag-cienciaytecnologia","12":"tag-es","13":"tag-espana","14":"tag-nasa","15":"tag-science","16":"tag-science-and-technology","17":"tag-scienceandtechnology","18":"tag-spain","19":"tag-technology","20":"tag-tecnologia"},"share_on_mastodon":{"url":"","error":""},"_links":{"self":[{"href":"https:\/\/www.europesays.com\/es\/wp-json\/wp\/v2\/posts\/15242","targetHints":{"allow":["GET"]}}],"collection":[{"href":"https:\/\/www.europesays.com\/es\/wp-json\/wp\/v2\/posts"}],"about":[{"href":"https:\/\/www.europesays.com\/es\/wp-json\/wp\/v2\/types\/post"}],"author":[{"embeddable":true,"href":"https:\/\/www.europesays.com\/es\/wp-json\/wp\/v2\/users\/2"}],"replies":[{"embeddable":true,"href":"https:\/\/www.europesays.com\/es\/wp-json\/wp\/v2\/comments?post=15242"}],"version-history":[{"count":0,"href":"https:\/\/www.europesays.com\/es\/wp-json\/wp\/v2\/posts\/15242\/revisions"}],"wp:featuredmedia":[{"embeddable":true,"href":"https:\/\/www.europesays.com\/es\/wp-json\/wp\/v2\/media\/15243"}],"wp:attachment":[{"href":"https:\/\/www.europesays.com\/es\/wp-json\/wp\/v2\/media?parent=15242"}],"wp:term":[{"taxonomy":"category","embeddable":true,"href":"https:\/\/www.europesays.com\/es\/wp-json\/wp\/v2\/categories?post=15242"},{"taxonomy":"post_tag","embeddable":true,"href":"https:\/\/www.europesays.com\/es\/wp-json\/wp\/v2\/tags?post=15242"}],"curies":[{"name":"wp","href":"https:\/\/api.w.org\/{rel}","templated":true}]}}