{"id":152423,"date":"2025-10-02T09:31:11","date_gmt":"2025-10-02T09:31:11","guid":{"rendered":"https:\/\/www.europesays.com\/es\/152423\/"},"modified":"2025-10-02T09:31:11","modified_gmt":"2025-10-02T09:31:11","slug":"el-factor-invisible-que-lastra-al-amr25-se-pierde-rendimiento","status":"publish","type":"post","link":"https:\/\/www.europesays.com\/es\/152423\/","title":{"rendered":"El factor invisible que lastra al AMR25: \u201cSe pierde rendimiento\u201d"},"content":{"rendered":"<p class=\"\">Andy Cowell regres\u00f3 al paddock en Singapur despu\u00e9s de varias carreras de ausencia, porque sus trabajo de direcci\u00f3n en Aston Martin es tan importante en la f\u00e1brica como en los circuitos. Se ha perdido algunos grandes premios discretos del AMR25, fundamentalmente en circuitos de baja carga y alta eficiencia aerodin\u00e1mica. El coche sufre en las rectas y el equipo debe replantear el balance, sacrificando carga en las curvas para poder defenderse de los rivales. Pero ahora el ingeniero brit\u00e1nico apunta a otro detalle que puede pesar negativamente:<b> cuando hay riesgo de rebote, deben levantar el coche <\/b>para evitar que la plancha del fondo plano se desgaste en exceso (lo que conllevar\u00eda una descalificaci\u00f3n, ya le pas\u00f3 a Hamilton en China 2025). Y al aumentar la distancia entre el suelo del coche y el asfalto, <b>se pierden prestaciones.<\/b><\/p>\n<p>Noticias relacionadas<a href=\"https:\/\/as.com\/motor\/formula_1\/sabe-mejor-y-significa-mucho-mas-que-el-primer-podio-n\/\" class=\"s_m_w\" title=\"Sainz celebra su 28\u00ba podio en la F1 y el primero en Williams, que llega antes que el de Hamilton en Ferrari: \u201cLo importante es hacerlo en la primera oportunidad que tuvimos\u201d.\" data-tb-link=\"\" rel=\"nofollow noopener\" target=\"_blank\"><img decoding=\"async\" src=\"https:\/\/www.europesays.com\/es\/wp-content\/uploads\/2025\/10\/IHIRCKOZ6NJ4PEM4WVJTUPF7CQ.jpg\" alt=\"\u201cSabe mejor y significa mucho m\u00e1s que el primer podio\u201d\" class=\"\" height=\"1\" width=\"1\"   loading=\"lazy\" data-tb-thumbnail=\"\"\/><\/a><a href=\"https:\/\/as.com\/motor\/formula_1\/podio-epico-de-sainz-n\/\" class=\"s_m_w\" title=\"Victoria de Verstappen en Bak\u00fa por delante de Russell y Carlos, primer \u2018top-3\u2019 de Williams desde 2021. Accidente de Piastri que pudo avivar el Mundial. Alonso, 15\u00ba.\" data-tb-link=\"\" rel=\"nofollow noopener\" target=\"_blank\"><img decoding=\"async\" src=\"https:\/\/www.europesays.com\/es\/wp-content\/uploads\/2025\/10\/PD6R2WFZ5BLY5KKVNE6IFKIPVM.jpg\" alt=\"Podio \u00e9pico de Sainz\" class=\"\" height=\"1\" width=\"1\"   loading=\"lazy\" data-tb-thumbnail=\"\"\/><\/a><\/p>\n<p class=\"\">\u201cPosiblemente s\u00ed afecte. Hay circuitos como Bak\u00fa, de alta velocidad, en el que al final de la recta debes vigilar la plancha en esas condiciones. Y en algunas curvas cr\u00edticas el coche tiene que ir m\u00e1s alto en baja velocidad. Todos los coches de la parrilla generan m\u00e1s carga aerodin\u00e1mica cuando est\u00e1n m\u00e1s cerca del asfalto, as\u00ed que levantarlo siempre es malo\u201d, describe Cowell. <b>\u201c\u00bfC\u00f3mo nos va en comparaci\u00f3n con el resto? No lo s\u00e9.<\/b> Tendremos una idea m\u00e1s completa al final de la temporada, pero ya no importar\u00e1 porque en 2026 cambia el suelo\u201d, dice el brit\u00e1nico. Aston ya se\u00f1al\u00f3 a este factor como una de las causas del baj\u00f3n de rendimiento en Zandvoort, donde Alonso pas\u00f3 de aspirar al top-5 el viernes a una discreta carrera por los puntos (8\u00ba).<\/p>\n<p class=\"\">\u201cNos quedan siete carreras y tres esprints y tenemos que maximizar las prestaciones que tenemos en el coche y la manera en que lo hacemos trabajar durante los grandes premios. No hay ninguna transferencia hacia el coche de 2026. Algunas caracter\u00edsticas de este coche vienen del a\u00f1o pasado y deliberadamente no pusimos muchos recursos en el AMR25\u201d, analiza Cowell, que no juzga las capacidades de Aston Martin como escuder\u00eda por el rendimiento del coche de este a\u00f1o: <b>\u201cSi pusi\u00e9ramos todo nuestro esfuerzo de desarrollo <\/b>en este coche junto con el conocimiento de Adrian (Newey), Enrico (Cardile) o Giacomo Vino, estar\u00edamos en una situaci\u00f3n completamente diferente. Pero no es lo que estamos haciendo, nos centramos en 2026 y tratamos de encontrar un paquete completo\u201d.<\/p>\n","protected":false},"excerpt":{"rendered":"Andy Cowell regres\u00f3 al paddock en Singapur despu\u00e9s de varias carreras de ausencia, porque sus trabajo de direcci\u00f3n&hellip;\n","protected":false},"author":2,"featured_media":20476,"comment_status":"","ping_status":"","sticky":false,"template":"","format":"standard","meta":{"footnotes":""},"categories":[270],"tags":[168,25,24,306,271,272,23,167],"class_list":{"0":"post-152423","1":"post","2":"type-post","3":"status-publish","4":"format-standard","5":"has-post-thumbnail","7":"category-formula-1","8":"tag-deportes","9":"tag-es","10":"tag-espana","11":"tag-f1","12":"tag-formula-1","13":"tag-formula1","14":"tag-spain","15":"tag-sports"},"share_on_mastodon":{"url":"","error":""},"_links":{"self":[{"href":"https:\/\/www.europesays.com\/es\/wp-json\/wp\/v2\/posts\/152423","targetHints":{"allow":["GET"]}}],"collection":[{"href":"https:\/\/www.europesays.com\/es\/wp-json\/wp\/v2\/posts"}],"about":[{"href":"https:\/\/www.europesays.com\/es\/wp-json\/wp\/v2\/types\/post"}],"author":[{"embeddable":true,"href":"https:\/\/www.europesays.com\/es\/wp-json\/wp\/v2\/users\/2"}],"replies":[{"embeddable":true,"href":"https:\/\/www.europesays.com\/es\/wp-json\/wp\/v2\/comments?post=152423"}],"version-history":[{"count":0,"href":"https:\/\/www.europesays.com\/es\/wp-json\/wp\/v2\/posts\/152423\/revisions"}],"wp:featuredmedia":[{"embeddable":true,"href":"https:\/\/www.europesays.com\/es\/wp-json\/wp\/v2\/media\/20476"}],"wp:attachment":[{"href":"https:\/\/www.europesays.com\/es\/wp-json\/wp\/v2\/media?parent=152423"}],"wp:term":[{"taxonomy":"category","embeddable":true,"href":"https:\/\/www.europesays.com\/es\/wp-json\/wp\/v2\/categories?post=152423"},{"taxonomy":"post_tag","embeddable":true,"href":"https:\/\/www.europesays.com\/es\/wp-json\/wp\/v2\/tags?post=152423"}],"curies":[{"name":"wp","href":"https:\/\/api.w.org\/{rel}","templated":true}]}}