{"id":152424,"date":"2025-10-02T09:32:09","date_gmt":"2025-10-02T09:32:09","guid":{"rendered":"https:\/\/www.europesays.com\/es\/152424\/"},"modified":"2025-10-02T09:32:09","modified_gmt":"2025-10-02T09:32:09","slug":"inaudito-en-euroliga-se-equivoca-de-equipo-y-se-va-con-los-rivales-a-hacer-el-grito","status":"publish","type":"post","link":"https:\/\/www.europesays.com\/es\/152424\/","title":{"rendered":"\u00a1Inaudito en Euroliga! Se equivoca de equipo y se va con los rivales a hacer el grito"},"content":{"rendered":"<p data-gtm-element-container=\"modulo-texto-link\" class=\"paragraph\">El Panathinaikos de Ataman se estren\u00f3 en Euroliga con un s\u00f3lido triunfo ante un combativo Bayern (87-79). El conjunto griego, liderado por Nunn y Rogkavopoulos, super\u00f3 a un equipo germano que intent\u00f3 resistir hasta el final.\u00a0<\/p>\n<p>        Lee tambi\u00e9n<\/p>\n<p>    Eloy Rodellar<\/p>\n<p>             <img loading=\"lazy\" decoding=\"async\" data-full-src=\"https:\/\/www.mundodeportivo.com\/uploads\/2024\/05\/19\/6649dd0c2f90d.jpeg\" alt=\"Horizontal\" width=\"334\" height=\"164\" src=\"https:\/\/www.europesays.com\/es\/wp-content\/uploads\/2025\/10\/6649dd0c2f90d.r_d.1380-1631.jpeg\" class=\"lazy\"\/><\/p>\n<p data-gtm-element-container=\"modulo-texto-link\" class=\"paragraph\">El encuentro dej\u00f3 uno de los momentos m\u00e1s curiosos de la jornada. Wenyen Gabriel, que el curso pasado militaba en el Panathinaikos, firm\u00f3 un nuevo contrato con el Bayern. Este lunes se estren\u00f3 con la el\u00e1stica germana ante su ex equipo y protagoniz\u00f3 un momento que se ha viralizado en redes sociales.\u00a0<\/p>\n<blockquote class=\"instagram-media\" data-instgrm-captioned=\"\" data-instgrm-version=\"6\" style=\"background: #FFF; border: 0; border-radius: 3px; box-shadow: 0 0 1px 0 rgba(0,&#10;0, 0, 0.5), 0 1px 10px 0 rgba(0, 0, 0, 0.15); margin: 1px; max-width: 658px; padding: 0;&#10;width: 99.375%; width: -webkit-calc(100% - 2px); width: calc(100% - 2px);\">\n<\/blockquote>\n<p data-gtm-element-container=\"modulo-texto-link\" class=\"paragraph\">Cuando el partido termin\u00f3, las c\u00e1maras captaron el momento en el que Wenyen Gabriel se acerc\u00f3 a los jugadores del Panathinaikos con el pu\u00f1o en alto para realizar el grito final. Una gran cantidad de aficionados no ha tardado en comentar la curiosa reacci\u00f3n del p\u00edvot al darse cuenta de que ya no era su equipo, hasta el punto de que \u00e9l mismo ha respondido a un perfil ri\u00e9ndose sobre lo ocurrido.<\/p>\n<p>        Lee tambi\u00e9n<\/p>\n<p>    Toni Canyameras<\/p>\n<p>             <img loading=\"lazy\" decoding=\"async\" data-full-src=\"https:\/\/www.mundodeportivo.com\/uploads\/2025\/10\/02\/68ddcc2d60daf.png\" alt=\"Yvonne Ejim, drafteada por las Indiana Fever de Caitlin Clark en abril\" width=\"334\" height=\"164\" src=\"https:\/\/www.europesays.com\/es\/wp-content\/uploads\/2025\/10\/68ddcc2d60daf.png\" class=\"lazy\"\/><\/p>\n<p data-gtm-element-container=\"modulo-texto-link\" class=\"paragraph\">Gabriel termin\u00f3 el encuentro registrando 13 puntos y cuatro rebotes en 25 minutos. El mejor del encuentro fue Nunn, con 21 puntos y 10 asistencias, seguido del jugador del Bayern Isiaha Mikie, con 18 puntos.<\/p>\n","protected":false},"excerpt":{"rendered":"El Panathinaikos de Ataman se estren\u00f3 en Euroliga con un s\u00f3lido triunfo ante un combativo Bayern (87-79). El&hellip;\n","protected":false},"author":2,"featured_media":152425,"comment_status":"","ping_status":"","sticky":false,"template":"","format":"standard","meta":{"footnotes":""},"categories":[269],"tags":[299,298,168,25,24,23,167],"class_list":{"0":"post-152424","1":"post","2":"type-post","3":"status-publish","4":"format-standard","5":"has-post-thumbnail","7":"category-baloncesto","8":"tag-baloncesto","9":"tag-basketball","10":"tag-deportes","11":"tag-es","12":"tag-espana","13":"tag-spain","14":"tag-sports"},"share_on_mastodon":{"url":"","error":""},"_links":{"self":[{"href":"https:\/\/www.europesays.com\/es\/wp-json\/wp\/v2\/posts\/152424","targetHints":{"allow":["GET"]}}],"collection":[{"href":"https:\/\/www.europesays.com\/es\/wp-json\/wp\/v2\/posts"}],"about":[{"href":"https:\/\/www.europesays.com\/es\/wp-json\/wp\/v2\/types\/post"}],"author":[{"embeddable":true,"href":"https:\/\/www.europesays.com\/es\/wp-json\/wp\/v2\/users\/2"}],"replies":[{"embeddable":true,"href":"https:\/\/www.europesays.com\/es\/wp-json\/wp\/v2\/comments?post=152424"}],"version-history":[{"count":0,"href":"https:\/\/www.europesays.com\/es\/wp-json\/wp\/v2\/posts\/152424\/revisions"}],"wp:featuredmedia":[{"embeddable":true,"href":"https:\/\/www.europesays.com\/es\/wp-json\/wp\/v2\/media\/152425"}],"wp:attachment":[{"href":"https:\/\/www.europesays.com\/es\/wp-json\/wp\/v2\/media?parent=152424"}],"wp:term":[{"taxonomy":"category","embeddable":true,"href":"https:\/\/www.europesays.com\/es\/wp-json\/wp\/v2\/categories?post=152424"},{"taxonomy":"post_tag","embeddable":true,"href":"https:\/\/www.europesays.com\/es\/wp-json\/wp\/v2\/tags?post=152424"}],"curies":[{"name":"wp","href":"https:\/\/api.w.org\/{rel}","templated":true}]}}