{"id":152426,"date":"2025-10-02T09:33:09","date_gmt":"2025-10-02T09:33:09","guid":{"rendered":"https:\/\/www.europesays.com\/es\/152426\/"},"modified":"2025-10-02T09:33:09","modified_gmt":"2025-10-02T09:33:09","slug":"el-athletic-club-sigue-deprimido-en-dortmund","status":"publish","type":"post","link":"https:\/\/www.europesays.com\/es\/152426\/","title":{"rendered":"El Athletic Club sigue deprimido en Dortmund"},"content":{"rendered":"<p>El imponente \u00abMuro Amarillo\u00bb del <b>Signal Iduna Park<\/b> tuvo enfrente a 4.000 aficionados del <b>Athletic Club<\/b>. Fue la principal resistencia del equipo bilba\u00edno que en Dortmund sufri\u00f3 su segunda derrota en la competici\u00f3n. <b>Una cruel goleada, 4-1<\/b>. Los alemanes protagonizaron en la primera jornada el partido m\u00e1s loco en el arranque de la Champions con su empate a cuatro en Tur\u00edn. En su casa ante los de Valverde no necesitaron esa dosis de locura. No han perdido un partido oficial los alemanes en lo que va de temporada y la primera vez tampoco fue ante los rojiblancos. No ha ganado el Athletic un partido en todo el mes de septiembre y octubre ha empezado con la misma din\u00e1mica. Malos tiempos en el \u00abBotxo\u00bb.<\/p>\n<p>Es como si el equipo se limitara a certificar la afirmaci\u00f3n de I\u00f1aki Williams sobre la baja de su hermano. El mayor, como el equipo, est\u00e1n sumidos en una especie de depresi\u00f3n sin su jugador franquicia despu\u00e9s de un notable comienzo de curso all\u00e1 por el mes de agosto.<\/p>\n<p>El Dortmund no necesit\u00f3 una de esas salidas explosivas que protagoniza con frecuencia en su estadio. Se apropi\u00f3 del bal\u00f3n sin demasiada autoridad y se lo tom\u00f3 con mucha calma porque el Athletic en ning\u00fan momento amenaz\u00f3. Sin acelerones y sin generar demasiado peligro lleg\u00f3 el gol de Svensson antes de que se alcanzara la primera media hora. Fue una recompensa excesiva porque el equipo de Kovac hab\u00eda carecido de la mordiente habitual. Tampoco la necesit\u00f3 para marcar el segundo nada m\u00e1s volver de los vestuarios. El Athletic estaba obligado a reaccionar. Valverde hab\u00eda movido el banquillo y el equipo empez\u00f3 a atreverse. As\u00ed lleg\u00f3 el gol de Guruzeta y David Navarro estuvo a cent\u00edmetros de empatar. Un fuera de juego estrope\u00f3 una jugada sobresaliente. Lo que lleg\u00f3 en el mejor momento del Athletic fue el tercero de los locales.<\/p>\n","protected":false},"excerpt":{"rendered":"El imponente \u00abMuro Amarillo\u00bb del Signal Iduna Park tuvo enfrente a 4.000 aficionados del Athletic Club. Fue la&hellip;\n","protected":false},"author":2,"featured_media":152427,"comment_status":"","ping_status":"","sticky":false,"template":"","format":"standard","meta":{"footnotes":""},"categories":[268],"tags":[168,25,24,280,282,281,23,167],"class_list":{"0":"post-152426","1":"post","2":"type-post","3":"status-publish","4":"format-standard","5":"has-post-thumbnail","7":"category-futbol","8":"tag-deportes","9":"tag-es","10":"tag-espana","11":"tag-football","12":"tag-futbol","13":"tag-soccer","14":"tag-spain","15":"tag-sports"},"share_on_mastodon":{"url":"","error":""},"_links":{"self":[{"href":"https:\/\/www.europesays.com\/es\/wp-json\/wp\/v2\/posts\/152426","targetHints":{"allow":["GET"]}}],"collection":[{"href":"https:\/\/www.europesays.com\/es\/wp-json\/wp\/v2\/posts"}],"about":[{"href":"https:\/\/www.europesays.com\/es\/wp-json\/wp\/v2\/types\/post"}],"author":[{"embeddable":true,"href":"https:\/\/www.europesays.com\/es\/wp-json\/wp\/v2\/users\/2"}],"replies":[{"embeddable":true,"href":"https:\/\/www.europesays.com\/es\/wp-json\/wp\/v2\/comments?post=152426"}],"version-history":[{"count":0,"href":"https:\/\/www.europesays.com\/es\/wp-json\/wp\/v2\/posts\/152426\/revisions"}],"wp:featuredmedia":[{"embeddable":true,"href":"https:\/\/www.europesays.com\/es\/wp-json\/wp\/v2\/media\/152427"}],"wp:attachment":[{"href":"https:\/\/www.europesays.com\/es\/wp-json\/wp\/v2\/media?parent=152426"}],"wp:term":[{"taxonomy":"category","embeddable":true,"href":"https:\/\/www.europesays.com\/es\/wp-json\/wp\/v2\/categories?post=152426"},{"taxonomy":"post_tag","embeddable":true,"href":"https:\/\/www.europesays.com\/es\/wp-json\/wp\/v2\/tags?post=152426"}],"curies":[{"name":"wp","href":"https:\/\/api.w.org\/{rel}","templated":true}]}}