{"id":152437,"date":"2025-10-02T09:40:05","date_gmt":"2025-10-02T09:40:05","guid":{"rendered":"https:\/\/www.europesays.com\/es\/152437\/"},"modified":"2025-10-02T09:40:05","modified_gmt":"2025-10-02T09:40:05","slug":"segunda-plaza-provisional-para-espana-en-el-mundial-por-equipos-femenino-2","status":"publish","type":"post","link":"https:\/\/www.europesays.com\/es\/152437\/","title":{"rendered":"Segunda plaza provisional para Espa\u00f1a en el Mundial por equipos femenino"},"content":{"rendered":"<p>                                                La segunda jornada del mundial ha llevado a Espa\u00f1a a la segunda plaza provisional, s\u00f3lo por detr\u00e1s de Corea del Sur, con dos golpes menos, mejora el resultado de Espa\u00f1a alcanzado el ecuador del torneo. Y la protagonista de esta jornada ha sido\u00a0Paula Mart\u00edn, con una vuelta de -5.\u00a0<\/p>\n<p>La primera jornada, Andrea Revuelta, con una de las mejores vueltas del d\u00eda, conduc\u00eda a Espa\u00f1a hasta la tercera plaza provisional en el Campeonato del Mundo por Equipos Femenino 2025, Espirito Santo Trophy, que se ha puesto en marcha este mi\u00e9rcoles en el campo de Tanah Merah CC (Singapur).<\/p>\n<p>La golfista madrile\u00f1a, sobria y sin meterse en problemas en los primeros nueve hoyos, ha destapado el tarro de las esencias en los segundos nueve. Fruto de ello se ha anotado cuatro birdies para cerrar la sesi\u00f3n con 68 golpes (-4), s\u00f3lo uno m\u00e1s que los invertidos por la mejor golfista del d\u00eda, la estadounidense Farah O&#8217;Keefe (-5).<\/p>\n<p>Pero si hablamos de vueltas sobrias, la de la Carolina L\u00f3pez-Chacarra, que ha firmado el mismo resultado que Paula Mart\u00edn, -1, pero con un recorrido mucho menos movido: un birdie y diecisiete pares. S\u00f3lo el hecho de que Andrea y Carolina hayan concluido el d\u00eda sin bogeys ya es un buen dato, como tambi\u00e9n lo es la facilidad de Paula para el birdie (4).Con este resultado acumulado en el d\u00eda, -5, Espa\u00f1a es provisionalmente tercera por detr\u00e1s de otras dos de las grandes favoritas, Estados Unidos (-8) y Corea del Sur (-7). Recordemos que en la competici\u00f3n participan 35 equipos.<\/p>\n<p>                                                                        <img decoding=\"async\" src=\"https:\/\/www.europesays.com\/es\/wp-content\/uploads\/2025\/10\/1759398005_806_31dec905d18f3d866859cb9d792da007.jpeg\"\/><\/p>\n<p>Tres Top 15 mundiales conforman el equipo espa\u00f1olEspa\u00f1a ha acudido a Singapur con tres jugadoras con un pasado reciente brillante, y las tres madrile\u00f1as: Paula Mart\u00edn, Andrea Revuelta y Carolina L\u00f3pez-Chacarra, todas ellas instaladas en el Top 15 del Ranking Mundial Amateur. La delegaci\u00f3n la completan la capitana Covadonga Basagoiti, el t\u00e9cnico \u00c1lvaro Salto y el fisioterapeuta \u00c1lvaro Zerolo.Todos los equipos participantes en este Mundial se enfrentan durante cuatro jornadas mediante la modalidad Stroke Play, sum\u00e1ndose \u00fanicamente los dos mejores resultados diarios de cada equipo.<a href=\"https:\/\/www.igfgolf.org\/world-amateur-team-championships\/espirito-santo-scoring\" rel=\"nofollow noopener\" target=\"_blank\">Ver resultados<\/a><\/p>\n","protected":false},"excerpt":{"rendered":"La segunda jornada del mundial ha llevado a Espa\u00f1a a la segunda plaza provisional, s\u00f3lo por detr\u00e1s de&hellip;\n","protected":false},"author":2,"featured_media":152400,"comment_status":"","ping_status":"","sticky":false,"template":"","format":"standard","meta":{"footnotes":""},"categories":[93],"tags":[168,25,24,23,167],"class_list":{"0":"post-152437","1":"post","2":"type-post","3":"status-publish","4":"format-standard","5":"has-post-thumbnail","7":"category-deportes","8":"tag-deportes","9":"tag-es","10":"tag-espana","11":"tag-spain","12":"tag-sports"},"share_on_mastodon":{"url":"","error":""},"_links":{"self":[{"href":"https:\/\/www.europesays.com\/es\/wp-json\/wp\/v2\/posts\/152437","targetHints":{"allow":["GET"]}}],"collection":[{"href":"https:\/\/www.europesays.com\/es\/wp-json\/wp\/v2\/posts"}],"about":[{"href":"https:\/\/www.europesays.com\/es\/wp-json\/wp\/v2\/types\/post"}],"author":[{"embeddable":true,"href":"https:\/\/www.europesays.com\/es\/wp-json\/wp\/v2\/users\/2"}],"replies":[{"embeddable":true,"href":"https:\/\/www.europesays.com\/es\/wp-json\/wp\/v2\/comments?post=152437"}],"version-history":[{"count":0,"href":"https:\/\/www.europesays.com\/es\/wp-json\/wp\/v2\/posts\/152437\/revisions"}],"wp:featuredmedia":[{"embeddable":true,"href":"https:\/\/www.europesays.com\/es\/wp-json\/wp\/v2\/media\/152400"}],"wp:attachment":[{"href":"https:\/\/www.europesays.com\/es\/wp-json\/wp\/v2\/media?parent=152437"}],"wp:term":[{"taxonomy":"category","embeddable":true,"href":"https:\/\/www.europesays.com\/es\/wp-json\/wp\/v2\/categories?post=152437"},{"taxonomy":"post_tag","embeddable":true,"href":"https:\/\/www.europesays.com\/es\/wp-json\/wp\/v2\/tags?post=152437"}],"curies":[{"name":"wp","href":"https:\/\/api.w.org\/{rel}","templated":true}]}}