{"id":152438,"date":"2025-10-02T09:41:07","date_gmt":"2025-10-02T09:41:07","guid":{"rendered":"https:\/\/www.europesays.com\/es\/152438\/"},"modified":"2025-10-02T09:41:07","modified_gmt":"2025-10-02T09:41:07","slug":"estos-son-los-127-colegios-que-inmunizaran-frente-a-la-gripe","status":"publish","type":"post","link":"https:\/\/www.europesays.com\/es\/152438\/","title":{"rendered":"estos son los 127 colegios que inmunizar\u00e1n frente a la gripe"},"content":{"rendered":"<p>En el marco de la campa\u00f1a de <strong>vacunaci\u00f3n contra a la <a target=\"_blank\" data-generated=\"auto\" href=\"https:\/\/www.aragondigital.es\/tags\/gripe\" rel=\"nofollow noopener\">gripe<\/a><\/strong>, este a\u00f1o se inmunizar\u00e1 a los ni\u00f1os de <strong>1\u00ba, 2\u00ba y 3\u00ba de Infantil<\/strong> en el entorno escolar. Para ello, <strong>127 centros educativos de <a target=\"_blank\" data-generated=\"auto\" href=\"https:\/\/www.aragondigital.es\/tags\/aragon\/\" rel=\"nofollow noopener\">Arag\u00f3n<\/a><\/strong> ofrecen esta opci\u00f3n a las familias que as\u00ed lo quieran apoyados por 91 centros de salud. El objetivo del Departamento de <a target=\"_blank\" data-generated=\"auto\" href=\"https:\/\/www.aragondigital.es\/blog\/section\/sanidad\/\" rel=\"nofollow noopener\">Sanidad<\/a> es reducir la incidencia de gripe en los m\u00e1s peque\u00f1os y frenar as\u00ed la transmisi\u00f3n comunitaria, ya que es este grupo quien la expande con mayor facilidad. Las familias tienen hasta este jueves 2 de octubre para solicitar la vacunaci\u00f3n a trav\u00e9s de la app Salud Informa.<\/p>\n<p>La vacunaci\u00f3n a estos menores tendr\u00e1 lugar <strong>a partir del 10 de octubre<\/strong> en los centros escolares y se informar\u00e1 a los padres de la fecha escogida. Esta ser\u00e1 elegida en consenso entre el colegio y el centro de salud al que pertenecen. Asimismo, cabe recordar que algunos centros educativos no ofrecen este servicio y la propia app informar\u00e1 de que estos ni\u00f1os, que no puedan acceder a la vacunaci\u00f3n escolar, <strong>podr\u00e1n vacunarse en un centro de salud donde est\u00e1 siempre disponible<\/strong>.<\/p>\n<ol class=\"table-of-contents\">\n<li><a href=\"#vacunacion-escolar-listado-de-colegios\">VACUNACI\u00d3N ESCOLAR: LISTADO DE COLEGIOS<\/a>\n<\/li>\n<\/ol>\n<p>La opci\u00f3n de vacunar a los peque\u00f1os en los colegios es una campa\u00f1a complementaria de la gripe que busca facilitar el acceso a la vacuna, mejorar la conciliaci\u00f3n laboral y mejorar coberturas de vacunaci\u00f3n, adem\u00e1s de reducir la incidencia de gripe en este grupo de edad y evitar la transmisi\u00f3n.<\/p>\n<p>VACUNACI\u00d3N ESCOLAR: LISTADO DE COLEGIOS<\/p>\n<p>ACTUR NORTE<\/p>\n<p>-Centro Privado de <a target=\"_blank\" data-generated=\"auto\" href=\"https:\/\/www.aragondigital.es\/blog\/section\/educacion\/\" rel=\"nofollow noopener\">Educaci\u00f3n<\/a> Infantil Primaria y Secundaria SAGRADO CORAZ\u00d3N DE JES\u00daS<br \/>-Colegio de Educaci\u00f3n Infantil y Primaria HERMANOS MARX<br \/>-Colegio de Educaci\u00f3n Infantil y Primaria JOSEFA AMAR Y BORB\u00d3N<\/p>\n<p>ACTUR OESTE<\/p>\n<p>-Colegio de Educaci\u00f3n Infantil y Primaria R\u00cdO EBRO<\/p>\n<p>ACTUR SUR<\/p>\n<p>-Centro Privado de Educaci\u00f3n Infantil Primaria y Secundaria EL PILAR-MARISTAS<\/p>\n<p>ALBALATE DE CINCA<\/p>\n<p>-Colegio de Educaci\u00f3n Infantil y Primaria SAN GREGORIO<br \/>-Colegio Rural Agrupado ALBEOS<\/p>\n<p>ALBARRAC\u00cdN<\/p>\n<p>-Colegio Rural Agrupado SIERRA DE ALBARRAC\u00cdN<\/p>\n<p>ALCA\u00d1IZ<\/p>\n<p>-Centro Privado de Educaci\u00f3n Infantil Primaria y Secundaria LA INMACULADA<br \/>-Colegio Rural Agrupado REGALLO<\/p>\n<p>ALFAJAR\u00cdN<\/p>\n<p>-Colegio de Educaci\u00f3n Infantil y Primaria LOS ALBARES<br \/>-Colegio de Educaci\u00f3n Infantil y Primaria REINO DE ARAG\u00d3N<\/p>\n<p>ALHAMA DE ARAG\u00d3N<\/p>\n<p>-Colegio de Educaci\u00f3n Infantil y Primaria PABLO LUNA<br \/>-Colegio Rural Agrupado MESA-PIEDRA-ALTO CAMPILLO<\/p>\n<p>ALIAGA<\/p>\n<p>-Colegio Rural Agrupado PABLO ANTONIO CRESPO<\/p>\n<p>ALMOZARA<\/p>\n<p>-Colegio de Educaci\u00f3n Infantil y Primaria JER\u00d3NIMO ZURITA Y CASTRO<br \/>-Colegio de Educaci\u00f3n Infantil y Primaria PUERTA DE SANCHO<\/p>\n<p>ANDORRA<\/p>\n<p>-Colegio de Educaci\u00f3n Infantil y Primaria JUAN RAM\u00d3N ALEGRE<br \/>-Colegio de Educaci\u00f3n Infantil y Primaria MANUEL FRANCO ROYO<\/p>\n<p>ATECA<\/p>\n<p>-Colegio Rural Agrupado EL MIRADOR<\/p>\n<p>AYERBE<\/p>\n<p>-Colegio de Educaci\u00f3n Infantil y Primaria VIRGEN DE LOS R\u00cdOS<\/p>\n<p>BARBASTRO<\/p>\n<p>-Centro Privado de Educaci\u00f3n Infantil Primaria y Secundaria SAN JOS\u00c9 DE CALASANZ<br \/>-Centro Privado de Educaci\u00f3n Infantil Primaria y Secundaria SAN VICENTE DE PA\u00daL<br \/>-Colegio de Educaci\u00f3n Infantil y Primaria PEDRO I<\/p>\n<p>BARRIO JES\u00daS<\/p>\n<p>-Centro Privado de Educaci\u00f3n Infantil Primaria y Secundaria LA PUR\u00cdSIMA Y SAN ANTONIO<\/p>\n<p>BERBEGAL<\/p>\n<p>-Colegio Rural Agrupado A REDOLADA<\/p>\n<p>BERD\u00daN<\/p>\n<p>-Colegio Rural Agrupado R\u00cdO ARAG\u00d3N<\/p>\n<p>BIESCAS-VALLE DE TENA<\/p>\n<p>-Colegio Rural Agrupado ALTO G\u00c1LLEGO<\/p>\n<p>BIN\u00c9FAR<\/p>\n<p>-Colegio de Educaci\u00f3n Infantil y Primaria KATIA AC\u00cdN<br \/>-Colegio de Educaci\u00f3n Infantil y Primaria V\u00cdCTOR MENDOZA MENDOZA<br \/>-Colegio Rural Agrupado EL TR\u00c9BOL<\/p>\n<p>CALACEITE<\/p>\n<p>-Colegio Rural Agrupado ALGARS<br \/>-Colegio Rural Agrupado MATARRANYA<\/p>\n<p>CALAMOCHA<\/p>\n<p>-Colegio Rural Agrupado ERAS DEL JILOCA<\/p>\n<p>CALATAYUD RURAL<\/p>\n<p>-Colegio Rural Agrupado TRES RIBERAS<\/p>\n<p>CALATAYUD URBANA<\/p>\n<p>-Centro Privado de Educaci\u00f3n Infantil Primaria y Secundaria SANTA ANA<br \/>-Colegio de Educaci\u00f3n Infantil y Primaria FRANCISCO DE GOYA<br \/>-Colegio de Educaci\u00f3n Infantil y Primaria SALVADOR MINGUIJ\u00d3N<\/p>\n<p>CARI\u00d1ENA<\/p>\n<p>-Colegio de Educaci\u00f3n Infantil y Primaria SANTO CRISTO DE SANTIAGO<\/p>\n<p>CASETAS<\/p>\n<p>-Centro Privado de Educaci\u00f3n Infantil y Primaria SAN MIGUEL<br \/>-Colegio de Educaci\u00f3n Infantil y Primaria ANTONIO MART\u00cdNEZ GARAY<br \/>-Colegio de Educaci\u00f3n Infantil y Primaria MONTES DEL CASTELLAR<br \/>-Colegio de Educaci\u00f3n Infantil y Primaria RICARDO MUR<br \/>-Colegio de Educaci\u00f3n Infantil y Primaria SUBPRADEL<\/p>\n<p>CASPE<\/p>\n<p>-Centro Privado de Educaci\u00f3n Infantil Primaria y Secundaria SANTA ANA<br \/>-Colegio de Educaci\u00f3n Infantil y Primaria ALEJO LOR\u00c9N ALBAREDA<br \/>-Colegio de Educaci\u00f3n Infantil y Primaria COMPROMISO DE CASPE<br \/>-Colegio de Educaci\u00f3n Infantil y Primaria LUCIO FABIO SEVERO<\/p>\n<p>CEDRILLAS<\/p>\n<p>-Colegio Rural Agrupado PALMIRA PL\u00c1<\/p>\n<p>EJEA DE LOS CABALLEROS<\/p>\n<p>-Centro Privado de Educaci\u00f3n Infantil Primaria y Secundaria NTRA. SRA. DE LAS MERCEDES<br \/>-Colegio de Educaci\u00f3n Infantil y Primaria CERVANTES<br \/>-Colegio de Educaci\u00f3n Infantil y Primaria FERRER Y RACAJ<br \/>-Colegio de Educaci\u00f3n Infantil y Primaria RECTOR MAM\u00c9S ESPERAB\u00c9<\/p>\n<p>FRAGA<\/p>\n<p>-Colegio de Educaci\u00f3n Infantil y Primaria FRANCISCO GALIAY SARA\u00d1ANA<br \/>-Colegio de Educaci\u00f3n Infantil y Primaria MAR\u00cdA MOLINER<br \/>-Colegio de Educaci\u00f3n Infantil y Primaria MIGUEL SERVET<br \/>-Colegio de Educaci\u00f3n Infantil y Primaria SAN JOS\u00c9 DE CALASANZ<\/p>\n<p>GRA\u00d1\u00c9N<\/p>\n<p>-Colegio de Educaci\u00f3n Infantil y Primaria SANTIAGO AP\u00d3STOL<\/p>\n<p>GRAUS<\/p>\n<p>-Colegio Rural Agrupado BAJA RIBAGORZA<\/p>\n<p>HERN\u00c1N CORT\u00c9S<\/p>\n<p>-Colegio de Educaci\u00f3n Infantil y Primaria JOAQU\u00cdN COSTA<\/p>\n<p>H\u00cdJAR<\/p>\n<p>-Colegio de Educaci\u00f3n Infantil y Primaria ROM\u00c1N GARC\u00cdA<\/p>\n<p>ILLUECA<\/p>\n<p>-Colegio de Educaci\u00f3n Infantil y Primaria DIPUTACI\u00d3N PROVINCIAL<\/p>\n<p>JACA<\/p>\n<p>-Centro Privado de Educaci\u00f3n Infantil Primaria y Secundaria ESCUELAS P\u00cdAS<\/p>\n<p>LA ALMUNIA DE DO\u00d1A GODINA<\/p>\n<p>-Centro P\u00fablico Integrado MAESTRO MONREAL<br \/>-Colegio de Educaci\u00f3n Infantil y Primaria DOMINGO JIM\u00c9NEZ BELTR\u00c1N<br \/>-Colegio de Educaci\u00f3n Infantil y Primaria FLORI\u00c1N REY<br \/>-Colegio de Educaci\u00f3n Infantil y Primaria NERT\u00d3BRIGA<br \/>-Colegio de Educaci\u00f3n Infantil y Primaria SIERRA DE ALGAIR\u00c9N<\/p>\n<p>LAS FUENTES NORTE<\/p>\n<p>-Centro Privado de Educaci\u00f3n Infantil Primaria y Secundaria OBRA DIOCESANA SANTO DOMINGO DE SILOS<br \/>-Colegio de Educaci\u00f3n Infantil y Primaria JULI\u00c1N SANZ IB\u00c1\u00d1EZ<br \/>-Colegio de Educaci\u00f3n Infantil y Primaria LAS FUENTES<\/p>\n<p>LOS OLIVOS-SANTO GRIAL<\/p>\n<p>-Centro Privado de Educaci\u00f3n Infantil Primaria y Secundaria SALESIANOS<br \/>-Colegio de Educaci\u00f3n Infantil y Primaria PEDRO J. RUBIO<\/p>\n<p>MIRALBUENO-GARRAPINILLOS<\/p>\n<p>-Centro Privado de Educaci\u00f3n Infantil Primaria y Secundaria ANTONIO MACHADO<br \/>-Centro Privado de Educaci\u00f3n Infantil Primaria y Secundaria TERESIANO DEL PILAR<\/p>\n<p>MONREAL DEL CAMPO<\/p>\n<p>-Colegio de Educaci\u00f3n Infantil y Primaria NTRA. SRA. DEL PILAR<\/p>\n<p>MONZ\u00d3N URBANA<\/p>\n<p>-Centro Privado de Educaci\u00f3n Infantil y Primaria MINTE<br \/>-Centro Privado de Educaci\u00f3n Infantil y Primaria SANTA ANA<br \/>-Colegio de Educaci\u00f3n Infantil y Primaria ARAG\u00d3N<br \/>-Colegio de Educaci\u00f3n Infantil y Primaria JOAQU\u00cdN COSTA<\/p>\n<p>MORA DE RUBIELOS<\/p>\n<p>-Colegio de Educaci\u00f3n Infantil y Primaria SAN MIGUEL<br \/>-Colegio Rural Agrupado P\u00d3RTICO DE ARAG\u00d3N<\/p>\n<p>MOSQUERUELA<\/p>\n<p>-Colegio Rural Agrupado MAESTRAZGO G\u00daDAR<\/p>\n<p>OLIVER<\/p>\n<p>-Centro Privado de Educaci\u00f3n Infantil Primaria y Secundaria MAR\u00cdA INMACULADA<br \/>-Colegio de Educaci\u00f3n Infantil y Primaria RAMIRO SOL\u00c1NS<\/p>\n<p>PARQUE GOYA<\/p>\n<p>-Centro Privado de Educaci\u00f3n Infantil Primaria y Secundaria CRISTO REY<br \/>-Colegio de Educaci\u00f3n Infantil y Primaria ANDR\u00c9S OLIV\u00c1N<br \/>-Colegio de Educaci\u00f3n Infantil y Primaria CATALINA DE ARAG\u00d3N<\/p>\n<p>PERPETUO SOCORRO<\/p>\n<p>-Colegio de Educaci\u00f3n Infantil y Primaria SAN VICENTE<br \/>-Colegio de Educaci\u00f3n Infantil y Primaria SANCHO RAM\u00cdREZ<\/p>\n<p>PIRINEOS<\/p>\n<p>-Centro Privado de Educaci\u00f3n Infantil Primaria y Secundaria SANTA ROSA \u2013 ALTOARAG\u00d3N<\/p>\n<p>REBOLER\u00cdA<\/p>\n<p>-Colegio de Educaci\u00f3n Infantil y Primaria TENER\u00cdAS<\/p>\n<p>SABI\u00d1AN<\/p>\n<p>-Colegio Rural Agrupado EL ENEBRO<br \/>-Colegio Rural Agrupado VICORT-ISUELA<\/p>\n<p>SAN PABLO<\/p>\n<p>-Centro Privado de Educaci\u00f3n Infantil Primaria y Secundaria ESCUELAS P\u00cdAS<br \/>-Centro Privado de Educaci\u00f3n Infantil Primaria y Secundaria LA ANUNCIATA<br \/>-Colegio de Educaci\u00f3n Infantil y Primaria SANTO DOMINGO<\/p>\n<p>SANTA ISABEL<\/p>\n<p>-Centro P\u00fablico Integrado EL ESPARTIDERO<br \/>-CEXTRAN ESP BRITISH SCHOOL OF ZARAGOZA<br \/>-Colegio de Educaci\u00f3n Infantil y Primaria GUILLERMO FAT\u00c1S<br \/>-Colegio de Educaci\u00f3n Infantil y Primaria HERMANOS ARGENSOLA<br \/>-Colegio de Educaci\u00f3n Infantil y Primaria JUAN PABLO BONET<br \/>-Colegio de Educaci\u00f3n Infantil y Primaria MAESTRO DON PEDRO OR\u00d3S<\/p>\n<p>SARI\u00d1ENA<\/p>\n<p>-Colegio de Educaci\u00f3n Infantil y Primaria ALBERTO GALINDO<br \/>-Colegio de Educaci\u00f3n Infantil y Primaria LA LAGUNA<br \/>-Colegio de Educaci\u00f3n Infantil y Primaria MIGUEL SERVET<br \/>-Colegio Rural Agrupado MONEGROS NORTE<br \/>-Colegio Rural Agrupado MONEGROS-HOYA<\/p>\n<p>TAMARITE DE LA LITERA<\/p>\n<p>-Colegio Rural Agrupado DE ALTORRIC\u00d3N<\/p>\n<p>TAUSTE<\/p>\n<p>-Colegio de Educaci\u00f3n Infantil y Primaria SANTA ENGRACIA<\/p>\n<p>TERUEL CENTRO<\/p>\n<p>-Centro Privado de Educaci\u00f3n Infantil Primaria y Secundaria LAS VI\u00d1AS<br \/>-Colegio de Educaci\u00f3n Infantil y Primaria MIGUEL VALL\u00c9S<\/p>\n<p>TERUEL ENSANCHE<\/p>\n<p>-Centro Privado de Educaci\u00f3n Infantil Primaria y Secundaria LA SALLE-SAN JOS\u00c9<br \/>-Colegio de Educaci\u00f3n Infantil y Primaria ENSANCHE<br \/>-Colegio de Educaci\u00f3n Infantil y Primaria LA FUENFRESCA<\/p>\n<p>TORRE RAMONA<\/p>\n<p>-Colegio de Educaci\u00f3n Infantil y Primaria TOM\u00c1S ALVIRA<\/p>\n<p>UTEBO<\/p>\n<p>-Colegio de Educaci\u00f3n Infantil y Primaria FERN\u00c1NDEZ VIZARRA<br \/>-Colegio de Educaci\u00f3n Infantil y Primaria INFANTA ELENA<br \/>-Colegio de Educaci\u00f3n Infantil y Primaria MIGUEL ARTAZOS TAM\u00c9<br \/>-Colegio de Educaci\u00f3n Infantil y Primaria OCTAVUS<br \/>-Colegio de Educaci\u00f3n Infantil y Primaria PARQUE EUROPA<\/p>\n<p>UTRILLAS<\/p>\n<p>-Colegio de Educaci\u00f3n Infantil y Primaria VILLA DE UTRILLAS<br \/>-Colegio Rural Agrupado DE MART\u00cdN DEL R\u00cdO<\/p>\n<p>VALDERROBRES<\/p>\n<p>-Colegio Rural Agrupado TASTAV\u00cdNS<\/p>\n<p>ZUERA<\/p>\n<p>-Centro Privado de Educaci\u00f3n Infantil Primaria y Secundaria SAN GABRIEL<br \/>-Centro Privado de Educaci\u00f3n Infantil y Primaria NTRA. SRA. DEL PILAR<br \/>-Colegio de Educaci\u00f3n Infantil y Primaria OD\u00d3N DE BUEN<\/p>\n","protected":false},"excerpt":{"rendered":"En el marco de la campa\u00f1a de vacunaci\u00f3n contra a la gripe, este a\u00f1o se inmunizar\u00e1 a los&hellip;\n","protected":false},"author":2,"featured_media":152439,"comment_status":"","ping_status":"","sticky":false,"template":"","format":"standard","meta":{"footnotes":""},"categories":[92],"tags":[2027,25,24,7749,165,338,166,1811,23,7589],"class_list":{"0":"post-152438","1":"post","2":"type-post","3":"status-publish","4":"format-standard","5":"has-post-thumbnail","7":"category-salud","8":"tag-colegios","9":"tag-es","10":"tag-espana","11":"tag-gripe","12":"tag-health","13":"tag-portada","14":"tag-salud","15":"tag-sanidad","16":"tag-spain","17":"tag-vacunacion"},"share_on_mastodon":{"url":"","error":""},"_links":{"self":[{"href":"https:\/\/www.europesays.com\/es\/wp-json\/wp\/v2\/posts\/152438","targetHints":{"allow":["GET"]}}],"collection":[{"href":"https:\/\/www.europesays.com\/es\/wp-json\/wp\/v2\/posts"}],"about":[{"href":"https:\/\/www.europesays.com\/es\/wp-json\/wp\/v2\/types\/post"}],"author":[{"embeddable":true,"href":"https:\/\/www.europesays.com\/es\/wp-json\/wp\/v2\/users\/2"}],"replies":[{"embeddable":true,"href":"https:\/\/www.europesays.com\/es\/wp-json\/wp\/v2\/comments?post=152438"}],"version-history":[{"count":0,"href":"https:\/\/www.europesays.com\/es\/wp-json\/wp\/v2\/posts\/152438\/revisions"}],"wp:featuredmedia":[{"embeddable":true,"href":"https:\/\/www.europesays.com\/es\/wp-json\/wp\/v2\/media\/152439"}],"wp:attachment":[{"href":"https:\/\/www.europesays.com\/es\/wp-json\/wp\/v2\/media?parent=152438"}],"wp:term":[{"taxonomy":"category","embeddable":true,"href":"https:\/\/www.europesays.com\/es\/wp-json\/wp\/v2\/categories?post=152438"},{"taxonomy":"post_tag","embeddable":true,"href":"https:\/\/www.europesays.com\/es\/wp-json\/wp\/v2\/tags?post=152438"}],"curies":[{"name":"wp","href":"https:\/\/api.w.org\/{rel}","templated":true}]}}